{"id":50940,"date":"2025-11-22T10:26:35","date_gmt":"2025-11-22T14:26:35","guid":{"rendered":"https:\/\/noticiasveraces.com\/?p=50940"},"modified":"2025-11-22T10:26:35","modified_gmt":"2025-11-22T14:26:35","slug":"ministro-nanez-afirma-que-venezuela-enfrenta-desde-hace-25-anos-ataques-de-guerra-psicologica-correo-del-orinoco","status":"publish","type":"post","link":"https:\/\/noticiasveraces.com\/?p=50940","title":{"rendered":"Ministro \u00d1\u00e1\u00f1ez afirma que Venezuela enfrenta desde hace 25 a\u00f1os ataques de guerra psicol\u00f3gica &#8211; Correo del Orinoco"},"content":{"rendered":"<p> \n<\/p>\n<div>\n<p>El vicepresidente sectorial de Comunicaci\u00f3n y Cultura, Freddy \u00d1\u00e1\u00f1ez, asegur\u00f3 este viernes que Venezuela lleva 25 a\u00f1os defendi\u00e9ndose de ataques de guerra psicol\u00f3gica, fen\u00f3meno que \u2014advirti\u00f3\u2014 se ha potenciado con el auge de las redes sociales y la influencia de sus algoritmos en los patrones de consumo informativo.<\/p>\n<p>Durante su participaci\u00f3n en el foro <em>Nueva Era Digital, Fake News y Guerra Cognitiva<\/em>realizado en el Teatro Teresa Carre\u00f1o, \u00d1\u00e1\u00f1ez se\u00f1al\u00f3 que el sistema capitalista ha desarrollado tecnolog\u00edas capaces de producir cambios inmediatos en las conductas sociales, seg\u00fan rese\u00f1\u00f3 Venezolana de Televisi\u00f3n.<\/p>\n<p>El funcionario sostuvo que este \u201ccibercapitalismo\u201d transforma los datos personales en capital econ\u00f3mico y pol\u00edtico, al emplear mecanismos de medici\u00f3n precisos para conocer y dominar a las poblaciones. Afirm\u00f3 que en el siglo XXI se han creado herramientas dise\u00f1adas expl\u00edcitamente para incidir en esos procesos de transformaci\u00f3n.<\/p>\n<p>En este contexto, destac\u00f3 que el llamado capitalismo digital se apoya en la recopilaci\u00f3n masiva de informaci\u00f3n para influir en comportamientos sociales. Mencion\u00f3 el Big Data como una infraestructura destinada a vigilar, almacenar y predecir datos con fines econ\u00f3micos y pol\u00edticos.<\/p>\n<p>A su juicio, la expansi\u00f3n de estas plataformas configura \u201cuna reingenier\u00eda de la humanidad\u201d, en la que cada usuario aporta informaci\u00f3n al modelo econ\u00f3mico digital, muchas veces sin darse cuenta. \u201cEse cibercapitalismo convierte la informaci\u00f3n en capital econ\u00f3mico y pol\u00edtico\u201d, reiter\u00f3.<\/p>\n<p>\u00d1\u00e1\u00f1ez llam\u00f3 a fortalecer la conciencia cr\u00edtica ante estas din\u00e1micas y record\u00f3 que el presidente Nicol\u00e1s Maduro impulsa el m\u00e9todo comunicacional \u201cCalles, Redes, Medios, Paredes y Radio Bemba\u201d como herramienta para contrarrestar estas agresiones. Tambi\u00e9n subray\u00f3 la necesidad de que la poblaci\u00f3n mantenga una formaci\u00f3n constante y desarrolle nuevas plataformas digitales orientadas a la liberaci\u00f3n.<\/p>\n<h6>T\/CO<\/h6>\n<\/p><\/div>\n\n","protected":false},"excerpt":{"rendered":"<p>El vicepresidente sectorial de Comunicaci\u00f3n y Cultura, Freddy \u00d1\u00e1\u00f1ez, asegur\u00f3 este viernes que Venezuela lleva 25 a\u00f1os defendi\u00e9ndose de ataques de guerra psicol\u00f3gica, fen\u00f3meno que \u2014advirti\u00f3\u2014 se ha potenciado con el auge de las redes sociales y la influencia de sus algoritmos en los patrones de consumo informativo. Durante su participaci\u00f3n en el foro Nueva &hellip;<\/p>\n","protected":false},"author":1,"featured_media":50941,"comment_status":"open","ping_status":"open","sticky":false,"template":"","format":"standard","meta":{"fifu_image_url":"http:\/\/190.202.124.19\/wp-content\/uploads\/2025\/11\/1763751743292326884xg.jpg","fifu_image_alt":"","footnotes":""},"categories":[13],"tags":[],"class_list":["post-50940","post","type-post","status-publish","format-standard","has-post-thumbnail","","category-mundo"],"_links":{"self":[{"href":"https:\/\/noticiasveraces.com\/index.php?rest_route=\/wp\/v2\/posts\/50940","targetHints":{"allow":["GET"]}}],"collection":[{"href":"https:\/\/noticiasveraces.com\/index.php?rest_route=\/wp\/v2\/posts"}],"about":[{"href":"https:\/\/noticiasveraces.com\/index.php?rest_route=\/wp\/v2\/types\/post"}],"author":[{"embeddable":true,"href":"https:\/\/noticiasveraces.com\/index.php?rest_route=\/wp\/v2\/users\/1"}],"replies":[{"embeddable":true,"href":"https:\/\/noticiasveraces.com\/index.php?rest_route=%2Fwp%2Fv2%2Fcomments&post=50940"}],"version-history":[{"count":0,"href":"https:\/\/noticiasveraces.com\/index.php?rest_route=\/wp\/v2\/posts\/50940\/revisions"}],"wp:featuredmedia":[{"embeddable":true,"href":"https:\/\/noticiasveraces.com\/index.php?rest_route=\/wp\/v2\/media\/50941"}],"wp:attachment":[{"href":"https:\/\/noticiasveraces.com\/index.php?rest_route=%2Fwp%2Fv2%2Fmedia&parent=50940"}],"wp:term":[{"taxonomy":"category","embeddable":true,"href":"https:\/\/noticiasveraces.com\/index.php?rest_route=%2Fwp%2Fv2%2Fcategories&post=50940"},{"taxonomy":"post_tag","embeddable":true,"href":"https:\/\/noticiasveraces.com\/index.php?rest_route=%2Fwp%2Fv2%2Ftags&post=50940"}],"curies":[{"name":"wp","href":"https:\/\/api.w.org\/{rel}","templated":true}]}}