{"id":50930,"date":"2025-11-22T08:53:03","date_gmt":"2025-11-22T12:53:03","guid":{"rendered":"https:\/\/noticiasveraces.com\/?p=50930"},"modified":"2025-11-22T08:53:03","modified_gmt":"2025-11-22T12:53:03","slug":"kreils-garcia-ya-es-tarde-soy-lo-que-soy","status":"publish","type":"post","link":"https:\/\/noticiasveraces.com\/?p=50930","title":{"rendered":"Kreils Garc\u00eda: \u201cya es tarde, soy lo que soy\u201d"},"content":{"rendered":"<p> \n<\/p>\n<div>\n<p>El m\u00fasico y productor venezolano Kreils Garc\u00eda ha sido durante d\u00e9cadas un referente de la movida underground caraque\u00f1a. Su figura, asociada a la escena nocturna y al rock alternativo, se ha mantenido fiel a un estilo que privilegia la autenticidad sobre la fama.<\/p>\n<p>En 2025, sin embargo, dio un salto inesperado: se convirti\u00f3 en Primer Finalista y ganador del \u201cPremio del Comit\u00e9 a la Mejor Canci\u00f3n\u201d en la 9na edici\u00f3n del Festival San Remo Senior, celebrado en Italia.<\/p>\n<p>La noticia sorprendi\u00f3 a quienes lo recuerdan como un \u00edcono del rock criollo. Consultado sobre su decisi\u00f3n de participar en un evento, aparentemente, tan distinto a su trayectoria, Garc\u00eda enfatiza: \u201cComprendo que no entiendan, sin embargo, mi asunto es b\u00e1sicamente la canci\u00f3n, y San Remo es la cuna de la canci\u00f3n europea. Quer\u00eda ver qu\u00e9 les parec\u00eda mi trabajo.\u201d<\/p>\n<figure class=\"wp-block-image size-large\"><img decoding=\"async\" data-attachment-id=\"3016148\" data-permalink=\"https:\/\/ultimasnoticias.com.ve\/cultura\/kreils-garcia-ya-es-tarde-soy-lo-que-soy\/attachment\/imagen-de-whatsapp-2025-10-30-a-las-11-47-02_b6cf4f3c\/\" data-orig-file=\"https:\/\/ultimasnoticias.com.ve\/wp-content\/uploads\/2025\/11\/Imagen-de-WhatsApp-2025-10-30-a-las-11.47.02_b6cf4f3c.jpg\" data-orig-size=\"1080,720\" data-comments-opened=\"1\" data-image-meta=\"{&quot;aperture&quot;:&quot;0&quot;,&quot;credit&quot;:&quot;&quot;,&quot;camera&quot;:&quot;&quot;,&quot;caption&quot;:&quot;&quot;,&quot;created_timestamp&quot;:&quot;0&quot;,&quot;copyright&quot;:&quot;&quot;,&quot;focal_length&quot;:&quot;0&quot;,&quot;iso&quot;:&quot;0&quot;,&quot;shutter_speed&quot;:&quot;0&quot;,&quot;title&quot;:&quot;&quot;,&quot;orientation&quot;:&quot;0&quot;}\" data-image-title=\"Imagen de WhatsApp 2025-10-30 a las 11.47.02_b6cf4f3c\" data-image-description=\"\" data-image-caption=\"\" data-medium-file=\"https:\/\/ultimasnoticias.com.ve\/wp-content\/uploads\/2025\/11\/Imagen-de-WhatsApp-2025-10-30-a-las-11.47.02_b6cf4f3c-300x200.jpg\" data-large-file=\"https:\/\/ultimasnoticias.com.ve\/wp-content\/uploads\/2025\/11\/Imagen-de-WhatsApp-2025-10-30-a-las-11.47.02_b6cf4f3c-1024x683.jpg\" src=\"https:\/\/ultimasnoticias.com.ve\/wp-content\/uploads\/2025\/11\/Imagen-de-WhatsApp-2025-10-30-a-las-11.47.02_b6cf4f3c-1024x683.jpg\" alt=\"\" class=\"wp-image-3016148 lazyload\"\/><img fetchpriority=\"high\" decoding=\"async\" width=\"1024\" height=\"683\" data-attachment-id=\"3016148\" data-permalink=\"https:\/\/ultimasnoticias.com.ve\/cultura\/kreils-garcia-ya-es-tarde-soy-lo-que-soy\/attachment\/imagen-de-whatsapp-2025-10-30-a-las-11-47-02_b6cf4f3c\/\" data-orig-file=\"https:\/\/ultimasnoticias.com.ve\/wp-content\/uploads\/2025\/11\/Imagen-de-WhatsApp-2025-10-30-a-las-11.47.02_b6cf4f3c.jpg\" data-orig-size=\"1080,720\" data-comments-opened=\"1\" data-image-meta=\"{&quot;aperture&quot;:&quot;0&quot;,&quot;credit&quot;:&quot;&quot;,&quot;camera&quot;:&quot;&quot;,&quot;caption&quot;:&quot;&quot;,&quot;created_timestamp&quot;:&quot;0&quot;,&quot;copyright&quot;:&quot;&quot;,&quot;focal_length&quot;:&quot;0&quot;,&quot;iso&quot;:&quot;0&quot;,&quot;shutter_speed&quot;:&quot;0&quot;,&quot;title&quot;:&quot;&quot;,&quot;orientation&quot;:&quot;0&quot;}\" data-image-title=\"Imagen de WhatsApp 2025-10-30 a las 11.47.02_b6cf4f3c\" data-image-description=\"\" data-image-caption=\"\" data-medium-file=\"https:\/\/ultimasnoticias.com.ve\/wp-content\/uploads\/2025\/11\/Imagen-de-WhatsApp-2025-10-30-a-las-11.47.02_b6cf4f3c-300x200.jpg\" data-large-file=\"https:\/\/ultimasnoticias.com.ve\/wp-content\/uploads\/2025\/11\/Imagen-de-WhatsApp-2025-10-30-a-las-11.47.02_b6cf4f3c-1024x683.jpg\" src=\"https:\/\/ultimasnoticias.com.ve\/wp-content\/uploads\/2025\/11\/Imagen-de-WhatsApp-2025-10-30-a-las-11.47.02_b6cf4f3c-1024x683.jpg\" alt=\"\" class=\"wp-image-3016148 lazyload\" srcset=\"https:\/\/ultimasnoticias.com.ve\/wp-content\/uploads\/2025\/11\/Imagen-de-WhatsApp-2025-10-30-a-las-11.47.02_b6cf4f3c-1024x683.jpg 1024w, https:\/\/ultimasnoticias.com.ve\/wp-content\/uploads\/2025\/11\/Imagen-de-WhatsApp-2025-10-30-a-las-11.47.02_b6cf4f3c-300x200.jpg 300w, https:\/\/ultimasnoticias.com.ve\/wp-content\/uploads\/2025\/11\/Imagen-de-WhatsApp-2025-10-30-a-las-11.47.02_b6cf4f3c-768x512.jpg 768w, https:\/\/ultimasnoticias.com.ve\/wp-content\/uploads\/2025\/11\/Imagen-de-WhatsApp-2025-10-30-a-las-11.47.02_b6cf4f3c-150x100.jpg 150w, https:\/\/ultimasnoticias.com.ve\/wp-content\/uploads\/2025\/11\/Imagen-de-WhatsApp-2025-10-30-a-las-11.47.02_b6cf4f3c-696x464.jpg 696w, https:\/\/ultimasnoticias.com.ve\/wp-content\/uploads\/2025\/11\/Imagen-de-WhatsApp-2025-10-30-a-las-11.47.02_b6cf4f3c-1068x712.jpg 1068w, https:\/\/ultimasnoticias.com.ve\/wp-content\/uploads\/2025\/11\/Imagen-de-WhatsApp-2025-10-30-a-las-11.47.02_b6cf4f3c.jpg 1080w\" sizes=\"(max-width: 1024px) 100vw, 1024px\"\/><figcaption class=\"wp-element-caption\">Habitual de la noche musical caraque\u00f1a.<\/figcaption><\/figure>\n<h2 class=\"wp-block-heading\">Un artista de bajo perfil<\/h2>\n<p>En Caracas, Kreils Garc\u00eda ha sido considerado un artista de bajo perfil, alejado de los reflectores del <em>corriente principal<\/em>. \u00c9l mismo lo matiza: \u201cPara nada, hago lo que hago y si las cosas fluyen bien, si no, como en Venezuela, yo sigo igual. Para Kreils, como ser humano, el oficio musical no tiene vuelta, as\u00ed he vivido desde muy joven\u2026 lo de la fama y eso, ya me parecen un espejismo, nac\u00ed en el 76\u2019.\u201d<\/p>\n<p>Su bello tema \u00abEl que no se rinde\u00bb, premiado en San Remo, es una muestra de esa filosof\u00eda. Con una melod\u00eda intensa y un mensaje de resiliencia, la canci\u00f3n se convirti\u00f3 en s\u00edmbolo de su capacidad para transformar la experiencia personal en un discurso universal.<\/p>\n<h2 class=\"wp-block-heading\">Construido en comunidad<\/h2>\n<p>Lejos de encasillarse en un g\u00e9nero, Garc\u00eda reconoce influencias m\u00faltiples. Su universo creativo se nutre tanto de la literatura y las artes pl\u00e1sticas como de la experiencia compartida con colegas y amigos, lo que refuerza la idea de un artista que se construye en comunidad. \u201cSiempre he le\u00eddo a Guramatos, Borges, Garc\u00eda M\u00e1rquez y he procurado nutrirme de la danza, el teatro, Rever\u00f3n y as\u00ed, pero ahora mismo creo que las influencias que m\u00e1s cuentan son todas esas personas que me han rodeado en el camino, mi hermano Remmy, Cangrejo, PTT Lizardo y por ah\u00ed va la lista.\u201d<\/p>\n<figure class=\"wp-block-embed is-type-video is-provider-youtube wp-block-embed-youtube wp-embed-aspect-16-9 wp-has-aspect-ratio\">\n<div class=\"wp-block-embed__wrapper\">\n<p><iframe loading=\"lazy\" title=\"KREILS ft. CANGREJO EL CANTAR Sesiones en la Suite de Fuego\" width=\"618\" height=\"348\" src=\"https:\/\/www.youtube.com\/embed\/kjOyLy-1Qf4?feature=oembed\" frameborder=\"0\" allow=\"accelerometer; autoplay; clipboard-write; encrypted-media; gyroscope; picture-in-picture; web-share\" referrerpolicy=\"strict-origin-when-cross-origin\" allowfullscreen><\/iframe><\/p>\n<\/div><figcaption class=\"wp-element-caption\"><em>Con el inolvidable Cangrejo hizo una alianza m\u00edstica y musical<\/em>.<\/figcaption><\/figure>\n<h2 class=\"wp-block-heading\">El fen\u00f3meno San Remo<\/h2>\n<p>Llegar al festival no fue sencillo. Garc\u00eda lo describe con humor y crudeza: \u201cPues primero aplicar, luego correr mucho, menearla duro. Mucha gente ayud\u00f3 para que esto pasara.\u201d Su participaci\u00f3n fue autogestionada, sin apoyo institucional, lo que subraya la dimensi\u00f3n de su logro. En un pa\u00eds donde los recursos suelen ser escasos, su presencia en Italia es tambi\u00e9n un acto de supervivencia y visibilidad para la m\u00fasica independiente venezolana.<\/p>\n<p>El reconocimiento en San Remo Senior tiene un doble impacto: valida la obra de un artista que ha construido su carrera desde la independencia y abre una ventana para la m\u00fasica venezolana en escenarios internacionales. Garc\u00eda lo resume: \u201cHe aprendido un mont\u00f3n con esta experiencia en el San Remo Senior 2025 y eso lo atesoro.\u201d<\/p>\n<p>Su \u00e9xito demuestra que el underground caraque\u00f1o no es un espacio marginal, sino una cantera de talento capaz de dialogar con p\u00fablicos globales. En un contexto de dificultad, su ejemplo reafirma la importancia de la persistencia.<\/p>\n<p>Tras la intensidad del festival y el ritmo fren\u00e9tico de sus \u00faltimas andadas, Garc\u00eda confiesa con humor: \u201cQuiero dormir, jajajaja. Ahora mismo estoy produciendo un par de temas en Suiza con una cantante venezolana\u201d.<\/p>\n<h2 class=\"wp-block-heading\">El flow de la caraque\u00f1idad<\/h2>\n<p>Su repertorio, seg\u00fan cr\u00edticos, se caracteriza por una atm\u00f3sfera densa, g\u00f3tica y po\u00e9tica, cercana a los \u201cpoetas malditos\u201d. Garc\u00eda lo asume con naturalidad: \u201cMe temo, pero ya es tarde, soy lo que soy.\u201d Esa identidad sonora, marcada por climas fr\u00edos y elaboraciones l\u00edricas, se combina con la impronta tropical y urbana de Caracas. \u201cAy, Caracas sale a cada rato. Amo mi ciudad y creo que es un lugar lleno de historias extraordinarias. El que conoce esa ciudad de verdad, sabe que le ronca.\u201d<\/p>\n<\/div>\n\n","protected":false},"excerpt":{"rendered":"<p>El m\u00fasico y productor venezolano Kreils Garc\u00eda ha sido durante d\u00e9cadas un referente de la movida underground caraque\u00f1a. Su figura, asociada a la escena nocturna y al rock alternativo, se ha mantenido fiel a un estilo que privilegia la autenticidad sobre la fama. En 2025, sin embargo, dio un salto inesperado: se convirti\u00f3 en Primer &hellip;<\/p>\n","protected":false},"author":1,"featured_media":50932,"comment_status":"open","ping_status":"open","sticky":false,"template":"","format":"standard","meta":{"fifu_image_url":"https:\/\/ultimasnoticias.com.ve\/wp-content\/uploads\/2025\/11\/Imagen-de-WhatsApp-2025-10-30-a-las-11.47.02_b6cf4f3c-1024x683.jpg","fifu_image_alt":"","footnotes":""},"categories":[4],"tags":[],"class_list":["post-50930","post","type-post","status-publish","format-standard","has-post-thumbnail","","category-historias-destacadas"],"_links":{"self":[{"href":"https:\/\/noticiasveraces.com\/index.php?rest_route=\/wp\/v2\/posts\/50930","targetHints":{"allow":["GET"]}}],"collection":[{"href":"https:\/\/noticiasveraces.com\/index.php?rest_route=\/wp\/v2\/posts"}],"about":[{"href":"https:\/\/noticiasveraces.com\/index.php?rest_route=\/wp\/v2\/types\/post"}],"author":[{"embeddable":true,"href":"https:\/\/noticiasveraces.com\/index.php?rest_route=\/wp\/v2\/users\/1"}],"replies":[{"embeddable":true,"href":"https:\/\/noticiasveraces.com\/index.php?rest_route=%2Fwp%2Fv2%2Fcomments&post=50930"}],"version-history":[{"count":0,"href":"https:\/\/noticiasveraces.com\/index.php?rest_route=\/wp\/v2\/posts\/50930\/revisions"}],"wp:featuredmedia":[{"embeddable":true,"href":"https:\/\/noticiasveraces.com\/index.php?rest_route=\/wp\/v2\/media\/50932"}],"wp:attachment":[{"href":"https:\/\/noticiasveraces.com\/index.php?rest_route=%2Fwp%2Fv2%2Fmedia&parent=50930"}],"wp:term":[{"taxonomy":"category","embeddable":true,"href":"https:\/\/noticiasveraces.com\/index.php?rest_route=%2Fwp%2Fv2%2Fcategories&post=50930"},{"taxonomy":"post_tag","embeddable":true,"href":"https:\/\/noticiasveraces.com\/index.php?rest_route=%2Fwp%2Fv2%2Ftags&post=50930"}],"curies":[{"name":"wp","href":"https:\/\/api.w.org\/{rel}","templated":true}]}}