{"id":50914,"date":"2025-11-22T06:02:43","date_gmt":"2025-11-22T10:02:43","guid":{"rendered":"https:\/\/noticiasveraces.com\/?p=50914"},"modified":"2025-11-22T06:02:43","modified_gmt":"2025-11-22T10:02:43","slug":"el-endurecimiento-de-las-sanciones-estadounidenses-a-cuba-afecta-el-goce-de-los-derechos-humanos","status":"publish","type":"post","link":"https:\/\/noticiasveraces.com\/?p=50914","title":{"rendered":"El endurecimiento de las sanciones estadounidenses a Cuba afecta el goce de los derechos humanos"},"content":{"rendered":"<p> \n<br \/><img decoding=\"async\" src=\"https:\/\/global.unitednations.entermediadb.net\/assets\/mediadb\/services\/module\/asset\/downloads\/preset\/Libraries\/Production%20Library\/10-02-2021-Havana-0161127_113047.jpg\/image560x340cropped.jpg\" \/><\/p>\n<div>\n<p>Las sanciones de Estados Unidos a Cuba causan un impacto negativo en todos los aspectos de la vida en el pa\u00eds y <strong>deben levantarse<\/strong>dijo este viernes la relatora especial<strong>*<\/strong> sobre las repercusiones de las medidas coercitivas unilaterales en el disfrute de los derechos humanos.<\/p>\n<p>En una declaraci\u00f3n preliminar al terminar una visita oficial a Cuba, Alena Douhan afirm\u00f3 que el resultado de ese r\u00e9gimen de sanciones ha sido que generaciones de cubanos hayan vivido bajo medidas punitivas, \u201cque <strong>han moldeado el panorama econ\u00f3mico y social del pa\u00eds\u201d.<\/strong><\/p>\n<p>\u201cDurante m\u00e1s de 60 a\u00f1os, Estados Unidos ha mantenido un amplio r\u00e9gimen de restricciones econ\u00f3micas, comerciales y financieras contra Cuba, la <strong>pol\u00edtica de sanciones unilaterales m\u00e1s prolongada <\/strong>en las relaciones exteriores estadounidenses\u201d, record\u00f3 Douhan.<\/p>\n<h2>Endurecimiento de las sanciones<\/h2>\n<p>A lo largo de su visita, la experta escuch\u00f3 testimonios sobre el <strong>endurecimiento progresivo de las restricciones desde 2018<\/strong>con medidas adicionales sobre las sanciones existentes. Esas provisiones se intensificaron a\u00fan m\u00e1s en 2021, tras la reinclusi\u00f3n de Cuba en la lista estadounidense de Estados patrocinadores del terrorismo.<\/p>\n<p>La relatora especial explic\u00f3 que las sanciones se han <strong>agudizado con el alcance que tienen en los terceros actores <\/strong>que se ajustan a ellas, y han limitado la capacidad del gobierno y la ciudadan\u00eda de hacer planes a largo plazo, asfixiando el tejido social de Cuba.<\/p>\n<p>Douhan lament\u00f3 que el bloqueo a la isla siga vigente y <strong>se endurezca pese a la petici\u00f3n inequ\u00edvoca de la Asamblea General<\/strong> de la ONU que durante d\u00e9cadas ha subrayado la urgencia de ponerle fin.<\/p>\n<p>\u201cLa escasez de maquinaria esencial, repuestos, electricidad, agua, combustible, alimentos y medicinas, junto con la creciente emigraci\u00f3n de trabajadores calificados \u2014incluido personal m\u00e9dico, ingenieros y profesores\u2014, tiene <strong>graves consecuencias para el disfrute de los derechos humanos<\/strong>incluidos los derechos a la vida, la alimentaci\u00f3n, la salud y el desarrollo\u201d, advirti\u00f3.<\/p>\n<h2>Reticencia empresarial<\/h2>\n<p>La imprevisibilidad de medidas coercitivas estadounidenses y las elevadas multas impuestas a quienes las eluden generan <strong>reticencia entre las empresas extranjeras para invertir o comerciar con Cuba<\/strong>privando as\u00ed a los habitantes de ese pa\u00eds de satisfactores esenciales, a\u00f1adi\u00f3.<\/p>\n<p>La experta deplor\u00f3 que incluso en los casos de exenciones, los inversionistas muestren <strong>cautela para comprometerse con proyectos de largo plazo<\/strong>en vista de que podr\u00edan venir nuevas restricciones estadounidenses.<\/p>\n<h2>Respeto al derecho internacional<\/h2>\n<p>En este sentido, llam\u00f3 a todos los Estados \u201ca <strong>respetar los principios y normas del derecho internacional<\/strong> y a garantizar que las consideraciones humanitarias sean plenamente respetadas, basadas en los principios de respeto mutuo, solidaridad, cooperaci\u00f3n y multilateralismo\u201d.<\/p>\n<p>Durante su visita al pa\u00eds caribe\u00f1o, la relatora especial se reuni\u00f3 con funcionarios gubernamentales, diplom\u00e1ticos, organismos internacionales, ONG, acad\u00e9micos, personal m\u00e9dico, y representantes religiosos y del sector privado.<\/p>\n<p>En septiembre de 2026, Dohuan presentar\u00e1 al Consejo de Derechos Humanos de la ONU un informe sobre su visita a Cuba. <\/p>\n<p><em><strong>* <\/strong>Los <strong>Relatores Especiales\/Expertos independientes\/Grupos de Trabajo<\/strong> son expertos independientes en derechos humanos designados por el Consejo de Derechos Humanos de las Naciones Unidas. En conjunto, estos expertos se conocen como los <\/em><em><strong>Procedimientos Especiales<\/strong><\/em><em> del Consejo de Derechos Humanos. Los expertos de los Procedimientos Especiales trabajan de manera voluntaria; no son personal de la ONU y no reciben salario por su labor. Aunque la Oficina de Derechos Humanos de la ONU act\u00faa como secretar\u00eda de los Procedimientos Especiales, los expertos sirven a t\u00edtulo personal y son independientes de cualquier gobierno u organizaci\u00f3n, incluida la ACNUDH y la propia ONU. Cualquier opini\u00f3n o punto de vista expresado corresponde exclusivamente a su autor y no representa necesariamente a la ONU o a la ACNUDH.<\/em><\/p>\n<p><em>Las observaciones y recomendaciones espec\u00edficas por pa\u00eds de los mecanismos de derechos humanos de la ONU \u2014incluidos los procedimientos especiales, los \u00f3rganos de tratados y el Examen Peri\u00f3dico Universal\u2014 pueden consultarse en el <\/em><em>\u00cdndice Universal de Derechos Humanos.<\/em><\/p>\n<\/div>\n\n","protected":false},"excerpt":{"rendered":"<p>Las sanciones de Estados Unidos a Cuba causan un impacto negativo en todos los aspectos de la vida en el pa\u00eds y deben levantarsedijo este viernes la relatora especial* sobre las repercusiones de las medidas coercitivas unilaterales en el disfrute de los derechos humanos. En una declaraci\u00f3n preliminar al terminar una visita oficial a Cuba, &hellip;<\/p>\n","protected":false},"author":1,"featured_media":50916,"comment_status":"open","ping_status":"open","sticky":false,"template":"","format":"standard","meta":{"fifu_image_url":"https:\/\/global.unitednations.entermediadb.net\/assets\/mediadb\/services\/module\/asset\/downloads\/preset\/Libraries\/Production%20Library\/10-02-2021-Havana-0161127_113047.jpg\/image770x420cropped.jpg","fifu_image_alt":"","footnotes":""},"categories":[3],"tags":[],"class_list":["post-50914","post","type-post","status-publish","format-standard","has-post-thumbnail","","category-negocio"],"_links":{"self":[{"href":"https:\/\/noticiasveraces.com\/index.php?rest_route=\/wp\/v2\/posts\/50914","targetHints":{"allow":["GET"]}}],"collection":[{"href":"https:\/\/noticiasveraces.com\/index.php?rest_route=\/wp\/v2\/posts"}],"about":[{"href":"https:\/\/noticiasveraces.com\/index.php?rest_route=\/wp\/v2\/types\/post"}],"author":[{"embeddable":true,"href":"https:\/\/noticiasveraces.com\/index.php?rest_route=\/wp\/v2\/users\/1"}],"replies":[{"embeddable":true,"href":"https:\/\/noticiasveraces.com\/index.php?rest_route=%2Fwp%2Fv2%2Fcomments&post=50914"}],"version-history":[{"count":0,"href":"https:\/\/noticiasveraces.com\/index.php?rest_route=\/wp\/v2\/posts\/50914\/revisions"}],"wp:featuredmedia":[{"embeddable":true,"href":"https:\/\/noticiasveraces.com\/index.php?rest_route=\/wp\/v2\/media\/50916"}],"wp:attachment":[{"href":"https:\/\/noticiasveraces.com\/index.php?rest_route=%2Fwp%2Fv2%2Fmedia&parent=50914"}],"wp:term":[{"taxonomy":"category","embeddable":true,"href":"https:\/\/noticiasveraces.com\/index.php?rest_route=%2Fwp%2Fv2%2Fcategories&post=50914"},{"taxonomy":"post_tag","embeddable":true,"href":"https:\/\/noticiasveraces.com\/index.php?rest_route=%2Fwp%2Fv2%2Ftags&post=50914"}],"curies":[{"name":"wp","href":"https:\/\/api.w.org\/{rel}","templated":true}]}}