{"id":50901,"date":"2025-11-22T02:12:08","date_gmt":"2025-11-22T06:12:08","guid":{"rendered":"https:\/\/noticiasveraces.com\/?p=50901"},"modified":"2025-11-22T02:12:08","modified_gmt":"2025-11-22T06:12:08","slug":"si-me-quiere-poner-la-pijama-naranja-intentelo-petro-desafia-a-marco-rubio","status":"publish","type":"post","link":"https:\/\/noticiasveraces.com\/?p=50901","title":{"rendered":"\u00abSi me quiere poner la pijama naranja, int\u00e9ntelo\u00bb: Petro desaf\u00eda a Marco Rubio"},"content":{"rendered":"<p> \n<\/p>\n<div>\n<p>El\u00a0presidente de Colombia,\u00a0Gustavo Petro, desaf\u00edo al secretario de Estado de EE.UU., Marco Rubio,\u00a0a quien\u00a0acus\u00f3 de\u00a0intentar llevarlo a prisi\u00f3n por sus supuestos v\u00ednculos con el narcotr\u00e1fico.<\/p>\n<p>\u00abSi me quiere poner la pijama naranja, int\u00e9ntelo, pero <strong>este pueblo no se le arrodilla<\/strong>. Sus odios del pasado, que no conozco, no hacen culpable a ning\u00fan colombiano de lo que le pas\u00f3 a su abuelo o a su pap\u00e1\u00bb, dijo Petro este viernes en un evento p\u00fablico.<\/p>\n<div class=\"ReadMore-root Section-root Section-is1to3-xs_is1to1\" data-widgets=\"ReadMore\">\n<div class=\"Section-container Section-isRow-isTop-isWrap\">\n<article class=\"Card-root Card-is1to1 Card-default \">\n<div class=\"Card-imageWrap\">\n<div class=\"Card-picture\">\n<picture class=\"Picture-root Picture-default\"><!--[if IE 9]><video style=\"display: none;\"><![endif]--><source media=\"(-webkit-min-device-pixel-ratio: 2) and (min-resolution: 120dpi)\" data-srcset=\"&#10;                                            https:\/\/mfes.b37m.ru\/actualidad\/public_images\/2025.11\/thumbnail\/69210f69e9ff710a7b078c5c.jpg 850w,&#10;                                    https:\/\/mfes.b37m.ru\/actualidad\/public_images\/2025.11\/article\/69210f69e9ff710a7b078c5c.jpg 1960w,            \" srcset=\"&#10;                                    data:image\/png;base64,iVBORw0KGgoAAAANSUhEUgAAABAAAAAJCAQAAACRI2S5AAAAEElEQVR42mNkIAAYRxWAAQAG9gAKqv6+AwAAAABJRU5ErkJggg==&#10;                            \"><source data-srcset=\"&#10;                                            https:\/\/mfes.b37m.ru\/actualidad\/public_images\/2025.11\/thumbnail\/69210f69e9ff710a7b078c5c.jpg 460,&#10;                                  https:\/\/mfes.b37m.ru\/actualidad\/public_images\/2025.11\/article\/69210f69e9ff710a7b078c5c.jpg 980w,&#10;            \" srcset=\"&#10;                                    data:image\/png;base64,iVBORw0KGgoAAAANSUhEUgAAABAAAAAJCAQAAACRI2S5AAAAEElEQVR42mNkIAAYRxWAAQAG9gAKqv6+AwAAAABJRU5ErkJggg==&#10;                            \"><!--[if IE 9]><\/video><![endif]--><img decoding=\"async\" data-sizes=\"auto\" src=\"&#10;                                    data:image\/png;base64,iVBORw0KGgoAAAANSUhEUgAAABAAAAAJCAQAAACRI2S5AAAAEElEQVR42mNkIAAYRxWAAQAG9gAKqv6+AwAAAABJRU5ErkJggg==&#10;                            \" class=\"Picture-root Picture-default lazyload\" data-src=\"https:\/\/mfes.b37m.ru\/actualidad\/public_images\/2025.11\/thumbnail\/69210f69e9ff710a7b078c5c.jpg\" alt=\"Petro: &quot;Tengo much\u00edsimas ganas&quot; de &quot;pelear jur\u00eddicamente&quot; contra EE.UU.\"\/><\/source><\/source><\/picture><!-- noscript pattern --><img decoding=\"async\" src=\"https:\/\/mfes.b37m.ru\/actualidad\/public_images\/2025.11\/article\/69210f69e9ff710a7b078c5c.jpg\" alt=\"Petro: &quot;Tengo much\u00edsimas ganas&quot; de &quot;pelear jur\u00eddicamente&quot; contra EE.UU.\"\/>    <\/div>\n<\/p><\/div>\n<\/article><\/div>\n<\/p><\/div>\n<p>Al mismo tiempo, defendi\u00f3 la soberan\u00eda del pa\u00eds frente a las presiones externas. \u00abTiene que arrodillarse, porque aqu\u00ed hay un jaguar a punto de despertar. <strong>No nos amenace, no nos enga\u00f1e, que sabemos las jugadas<\/strong>. Dos siglos de saber, de andar de guerra en guerra en este pueblo. Guerras de todo tipo, por nada a veces\u00bb, expres\u00f3.<\/p>\n<p>El mandatario denunci\u00f3 que los alcaldes de Cali, Alejandro Eder; y de Medell\u00edn, Federico Guti\u00e9rrez, as\u00ed como la precandidata presidencial Vicky D\u00e1vila y el excanciller \u00c1lvaro Leyva, viajaron\u00a0a\u00a0EE.UU.\u00a0con el prop\u00f3sito de lo que calific\u00f3 como <strong>\u00abparte de una estrategia\u00bb en su contra<\/strong>. Seg\u00fan Petro el objetivo era acercarse a Rubio\u00a0y transmitirle al presidente estadounidense Donald Trump\u00a0la idea de que \u00e9l mantiene v\u00ednculos con organizaciones narcotraficantes.<\/p>\n<p>\u00abLos se\u00f1ores que fueron a hablar para que Rubio le dijera a Trump que pusiera preso a Petro, y que <strong>me metieran en la lista de narcotraficantes<\/strong>estos se\u00f1ores colombianos y se\u00f1oras colombianas s\u00ed que tienen relaciones pol\u00edticas y familiares con el narcotr\u00e1fico en Colombia\u00bb, agreg\u00f3.<\/p>\n<\/div>\n\n","protected":false},"excerpt":{"rendered":"<p>El\u00a0presidente de Colombia,\u00a0Gustavo Petro, desaf\u00edo al secretario de Estado de EE.UU., Marco Rubio,\u00a0a quien\u00a0acus\u00f3 de\u00a0intentar llevarlo a prisi\u00f3n por sus supuestos v\u00ednculos con el narcotr\u00e1fico. \u00abSi me quiere poner la pijama naranja, int\u00e9ntelo, pero este pueblo no se le arrodilla. Sus odios del pasado, que no conozco, no hacen culpable a ning\u00fan colombiano de lo &hellip;<\/p>\n","protected":false},"author":1,"featured_media":50903,"comment_status":"open","ping_status":"open","sticky":false,"template":"","format":"standard","meta":{"fifu_image_url":"https:\/\/mfes.b37m.ru\/actualidad\/public_images\/2025.11\/article\/69213bd9e9ff71176a73bfbc.jpg","fifu_image_alt":"","footnotes":""},"categories":[13],"tags":[],"class_list":["post-50901","post","type-post","status-publish","format-standard","has-post-thumbnail","","category-mundo"],"_links":{"self":[{"href":"https:\/\/noticiasveraces.com\/index.php?rest_route=\/wp\/v2\/posts\/50901","targetHints":{"allow":["GET"]}}],"collection":[{"href":"https:\/\/noticiasveraces.com\/index.php?rest_route=\/wp\/v2\/posts"}],"about":[{"href":"https:\/\/noticiasveraces.com\/index.php?rest_route=\/wp\/v2\/types\/post"}],"author":[{"embeddable":true,"href":"https:\/\/noticiasveraces.com\/index.php?rest_route=\/wp\/v2\/users\/1"}],"replies":[{"embeddable":true,"href":"https:\/\/noticiasveraces.com\/index.php?rest_route=%2Fwp%2Fv2%2Fcomments&post=50901"}],"version-history":[{"count":0,"href":"https:\/\/noticiasveraces.com\/index.php?rest_route=\/wp\/v2\/posts\/50901\/revisions"}],"wp:featuredmedia":[{"embeddable":true,"href":"https:\/\/noticiasveraces.com\/index.php?rest_route=\/wp\/v2\/media\/50903"}],"wp:attachment":[{"href":"https:\/\/noticiasveraces.com\/index.php?rest_route=%2Fwp%2Fv2%2Fmedia&parent=50901"}],"wp:term":[{"taxonomy":"category","embeddable":true,"href":"https:\/\/noticiasveraces.com\/index.php?rest_route=%2Fwp%2Fv2%2Fcategories&post=50901"},{"taxonomy":"post_tag","embeddable":true,"href":"https:\/\/noticiasveraces.com\/index.php?rest_route=%2Fwp%2Fv2%2Ftags&post=50901"}],"curies":[{"name":"wp","href":"https:\/\/api.w.org\/{rel}","templated":true}]}}