{"id":50885,"date":"2025-11-22T00:10:18","date_gmt":"2025-11-22T04:10:18","guid":{"rendered":"https:\/\/noticiasveraces.com\/?p=50885"},"modified":"2025-11-22T00:10:18","modified_gmt":"2025-11-22T04:10:18","slug":"la-ministra-de-igualdad-critica-la-agresion-sexual-a-dos-activistas-de-femen-como-de-impune-se-tiene-que-sentir-para-hacerlo-delante-de-las-camaras-sociedad","status":"publish","type":"post","link":"https:\/\/noticiasveraces.com\/?p=50885","title":{"rendered":"La ministra de Igualdad critica la agresi\u00f3n sexual a dos activistas de Femen: \u201cC\u00f3mo de impune se tiene que sentir para hacerlo delante de las c\u00e1maras\u201d | Sociedad"},"content":{"rendered":"<p> \n<br \/><img decoding=\"async\" src=\"https:\/\/imagenes.elpais.com\/resizer\/v2\/53NUWWGGNFARPITCEC24VV7VE4.jpg?auth=18f6204e5847f5c0b9b401f29a5f77bd37a666e356004da83e024f71fd0efff6\" \/><\/p>\n<div data-dtm-region=\"articulo_cuerpo\">\n<p class=\"\">La ministra de Igualdad, Ana Redondo, ha criticado este viernes la agresi\u00f3n sufrida por dos activistas de Femen que protestaban a la salida de una misa en honor al dictador Francisco Franco el jueves por la tarde: \u201c\u00bfC\u00f3mo de impune se tiene que sentir para agredir a dos mujeres delante de las c\u00e1maras?\u201d. En declaraciones a los medios durante un congreso sobre violencia de g\u00e9nero en Zamora, Redondo ha reclamado adem\u00e1s que \u201ccaiga todo el peso de la ley\u201d sobre el agresor. La Polic\u00eda Nacional ha asegurado que por ahora no se ha presentado ninguna denuncia otra el agresor.<\/p>\n<p class=\"\">La ministra ha calificado lo ocurrido de \u201cagresi\u00f3n en directo\u201d y de gesto \u201cradicalmente terrible\u201d, por lo que supone de intento de \u201cretroceder\u201d en derechos. \u201cHay personas que, lamentablemente, siguen a\u00f1orando el franquismo y una sociedad donde las mujeres est\u00e1n sometidas y donde se puede agredir\u201d, ha dicho, y ha expresado su deseo de que el responsable \u201ctermine donde tiene que terminar\u201d.<\/p>\n<p class=\"\">Las dos activistas protestaron este jueves en la parroquia de los Doce Ap\u00f3stoles de Madrid. A las puertas del templo, ambas se mostraron con el torso descubierto y con pancartas en las que se le\u00edan los lemas \u201cAl fascismo, ni honor, ni gloria\u201d y \u201cFascismo legal, verg\u00fcenza nacional\u201d.<\/p>\n<p class=\"\">La acci\u00f3n, han explicado, pretend\u00eda denunciar la \u201cnormalizaci\u00f3n de actos de exaltaci\u00f3n franquista\u201d en el espacio p\u00fablico. La intervenci\u00f3n ha sido pac\u00edfica, subrayan, pero un hombre \u2014vendedor en un puesto de <i>comercializaci\u00f3n<\/i> con iconograf\u00eda franquista y falangista\u2014 las persigui\u00f3 entre los asistentes y les toc\u00f3 los pechos delante de las c\u00e1maras de televisi\u00f3n. \u201cSe\u00f1or, que no toque, que no toque\u201d, protestaban las activistas, que tambi\u00e9n recibieron empujones e insultos.<\/p>\n<p class=\"\">Por su parte, la secretaria pol\u00edtica de Podemos y exministra de Igualdad, la eurodiputada Irene Montero, ha pedido defender la ley del <i>solo s\u00ed es s\u00ed<\/i>. Montero ha subrayado en una entrevista en TVE que lo ocurrido demuestra que algunos hombres \u201cest\u00e1n demasiado acostumbrados a considerar como normal esos actos de violencia sexual\u201d, y ha cargado contra lo que define como \u201cderecha machista\u201d, a la que acusa de estar molesta con el derecho a la libertad sexual porque \u201cles quita poder\u201d.<\/p>\n<p class=\"\">Este viernes, Femen ha difundido adem\u00e1s un comunicado en redes sociales en el que contextualiza que su protesta se enmarca en el 50\u00ba aniversario de la muerte de Franco. \u201cNuestras activistas irrumpieron con el objetivo de denunciar la normalizaci\u00f3n de actos de exaltaci\u00f3n franquista y recordar que ninguna democracia plena debe permitir espacios donde se legitimen discursos de este tipo\u201d, se\u00f1alan.<\/p>\n<p class=\"\">El colectivo ha subrayado que su acci\u00f3n fue \u201cno violenta, fiel al esp\u00edritu del activismo de Femen\u201d. Y ha cargado contra la persistencia de s\u00edmbolos y homenajes franquistas. \u201c50 a\u00f1os despu\u00e9s, el fascismo sigue vivo\u201d, comienzan. \u201cNo nos amedrentan. Nuestra lucha es por los derechos humanos, el feminismo y la memoria democr\u00e1tica. Mientras se sigan honrando s\u00edmbolos y figuras de la dictadura, seguiremos alzando la voz. Un a\u00f1o m\u00e1s, as\u00ed lo hemos demostrado\u201d.<\/p>\n<p class=\"\">Esta no es la primera vez que el colectivo sufre una agresi\u00f3n de este tipo durante una protesta del 20N. En 2018, tres activistas de Femen irrumpieron en un acto convocado en la plaza de Oriente de Madrid por la Asociaci\u00f3n por la Derogaci\u00f3n de la Memoria Hist\u00f3rica con motivo del aniversario de la muerte de Franco. Lo hicieron para denunciar que ese tipo de actos sigan siendo legales. Uno de los que intent\u00f3 neutralizar a las activistas, a empujones y al grito de \u201cputas\u201d, fue Manuel Andino, jefe nacional de la Falange. En ese momento, el colectivo interpuso una denuncia por un delito de abuso sexual por agarrar tambi\u00e9n a una de sus integrantes de los pechos durante su detenci\u00f3n. La querella fue archivada por qu\u00e9 se alegr\u00f3 de que el contacto fue \u201cde escasa duraci\u00f3n\u201d. <\/p>\n<div id=\"sum_twitter\" data-oembed-type=\"twitter\" class=\"a_em _df\">\n<blockquote class=\"twitter-tweet\">\n<p lang=\"es\" dir=\"ltr\">C\u00f3mo de impune se tiene que sentir para agredir a dos mujeres delante de las c\u00e1maras. Han pasado 50 a\u00f1os y hay quien no ha aprendido nada, pero la sociedad en general s\u00ed y ya no consentimos que se abuse de mujeres ni se admire a un dictador. Nuestros cuerpos son nuestros. https:\/\/t.co\/OzJpLqaB52<\/p>\n<p>\u2014 Ana Redondo (@_anaredondo_) <a href=\"https:\/\/twitter.com\/_anaredondo_\/status\/1991818246539087927?ref_src=twsrc%5Etfw\">21 de noviembre de 2025<\/a><\/p><\/blockquote>\n<\/div>\n<\/div>\n<p><script async src=\"https:\/\/platform.twitter.com\/widgets.js\" charset=\"utf-8\"><\/script><br \/>\n<br \/>\n","protected":false},"excerpt":{"rendered":"<p>La ministra de Igualdad, Ana Redondo, ha criticado este viernes la agresi\u00f3n sufrida por dos activistas de Femen que protestaban a la salida de una misa en honor al dictador Francisco Franco el jueves por la tarde: \u201c\u00bfC\u00f3mo de impune se tiene que sentir para agredir a dos mujeres delante de las c\u00e1maras?\u201d. En declaraciones &hellip;<\/p>\n","protected":false},"author":1,"featured_media":50887,"comment_status":"open","ping_status":"open","sticky":false,"template":"","format":"standard","meta":{"fifu_image_url":"https:\/\/imagenes.elpais.com\/resizer\/v2\/53NUWWGGNFARPITCEC24VV7VE4.jpg?auth=18f6204e5847f5c0b9b401f29a5f77bd37a666e356004da83e024f71fd0efff6&width=1200","fifu_image_alt":"","footnotes":""},"categories":[11],"tags":[],"class_list":["post-50885","post","type-post","status-publish","format-standard","has-post-thumbnail","","category-viaje"],"_links":{"self":[{"href":"https:\/\/noticiasveraces.com\/index.php?rest_route=\/wp\/v2\/posts\/50885","targetHints":{"allow":["GET"]}}],"collection":[{"href":"https:\/\/noticiasveraces.com\/index.php?rest_route=\/wp\/v2\/posts"}],"about":[{"href":"https:\/\/noticiasveraces.com\/index.php?rest_route=\/wp\/v2\/types\/post"}],"author":[{"embeddable":true,"href":"https:\/\/noticiasveraces.com\/index.php?rest_route=\/wp\/v2\/users\/1"}],"replies":[{"embeddable":true,"href":"https:\/\/noticiasveraces.com\/index.php?rest_route=%2Fwp%2Fv2%2Fcomments&post=50885"}],"version-history":[{"count":0,"href":"https:\/\/noticiasveraces.com\/index.php?rest_route=\/wp\/v2\/posts\/50885\/revisions"}],"wp:featuredmedia":[{"embeddable":true,"href":"https:\/\/noticiasveraces.com\/index.php?rest_route=\/wp\/v2\/media\/50887"}],"wp:attachment":[{"href":"https:\/\/noticiasveraces.com\/index.php?rest_route=%2Fwp%2Fv2%2Fmedia&parent=50885"}],"wp:term":[{"taxonomy":"category","embeddable":true,"href":"https:\/\/noticiasveraces.com\/index.php?rest_route=%2Fwp%2Fv2%2Fcategories&post=50885"},{"taxonomy":"post_tag","embeddable":true,"href":"https:\/\/noticiasveraces.com\/index.php?rest_route=%2Fwp%2Fv2%2Ftags&post=50885"}],"curies":[{"name":"wp","href":"https:\/\/api.w.org\/{rel}","templated":true}]}}