{"id":50851,"date":"2025-11-21T17:22:23","date_gmt":"2025-11-21T21:22:23","guid":{"rendered":"https:\/\/noticiasveraces.com\/?p=50851"},"modified":"2025-11-21T17:22:23","modified_gmt":"2025-11-21T21:22:23","slug":"defensa-de-bolsonaro-pide-prision-domiciliaria-por-su-estado-de-salud","status":"publish","type":"post","link":"https:\/\/noticiasveraces.com\/?p=50851","title":{"rendered":"Defensa de Bolsonaro pide prisi\u00f3n domiciliaria por su estado de salud"},"content":{"rendered":"<p> \n<\/p>\n<div>\n<article>\n<div class=\"image-featured\">\n<img src=\"data:image\/png;base64,iVBORw0KGgoAAAANSUhEUgAABLAAAAMgAQAAAAAbm6avAAAAAnRSTlMAAHaTzTgAAACMSURBVHja7cExAQAAAMKg9U9tB2+gAAAAAAAAAAAAAAAAAAAAAAAAAAAAAAAAAAAAAAAAAAAAAAAAAAAAAAAAAAAAAAAAAAAAAAAAAAAAAAAAAAAAAAAAAAAAAAAAAAAAAAAAAAAAAAAAAAAAAAAAAAAAAAAAAAAAAAAAAAAAAAAAAAAAAAAAAAAAPgPX7wABGnGBnwAAAABJRU5ErkJggg==\" alt=\"Bolsonaro\" data-src=\"https:\/\/elnacional-uploads.nyc3.digitaloceanspaces.com\/wp-content\/uploads\/2025\/08\/04202153\/Bolsonaro.jpg\" decoding=\"async\" class=\"lazyload\" data-eio-rwidth=\"1200\" data-eio-rheight=\"800\"\/><img decoding=\"async\" src=\"https:\/\/elnacional-uploads.nyc3.digitaloceanspaces.com\/wp-content\/uploads\/2025\/08\/04202153\/Bolsonaro.jpg\" alt=\"Bolsonaro\" data-eio=\"l\"\/><figcaption>El expresidente brasile\u00f1o Jair Bolsonaro Bolsonaro, de 70 a\u00f1os, permanece bajo arresto domiciliario desde el 4 de agosto. Foto: EFE<\/figcaption><\/div>\n<p>La defensa de Jair Bolsonaro reactiv\u00f3 este viernes el debate sobre c\u00f3mo debe cumplir su condena. Los abogados acudieron directamente a la Corte Suprema para pedir que el expresidente permanezca en su casa, argumentando que su salud se ha deteriorado y que ese estado requiere un r\u00e9gimen de prisi\u00f3n domiciliaria.<\/p>\n<p>El equipo legal present\u00f3 la solicitud al juez Alexandre de Moraes, quien dirige el proceso en el que Bolsonaro fue declarado culpable de \u201cliderar\u201d un intento por revertir los resultados de las elecciones de 2022 frente a Luiz In\u00e1cio Lula da Silva. Aunque el magistrado todav\u00eda no ha ordenado la ejecuci\u00f3n de la condena \u2014una decisi\u00f3n que podr\u00eda llegar en breve, despu\u00e9s de que la Primera Sala rechazara los primeros recursos\u2014 la defensa decidi\u00f3 adelantarse y pedir \u201cla concesi\u00f3n de una prisi\u00f3n domiciliaria humanitaria\u201d que el expresidente cumplir\u00eda \u201cintegralmente\u201d en su residencia de Brasilia.<\/p>\n<h2 class=\"wp-block-heading\" id=\"h-exigen-prision-domiciliaria-por-graves-problemas-cronicos-de-salud\">Exigen prisi\u00f3n domiciliaria por graves problemas cr\u00f3nicos de salud<\/h2>\n<p>Bolsonaro, de 70 a\u00f1os, ya vive bajo arresto domiciliario desde el 4 de agosto, cuando la Justicia determin\u00f3 que incumpli\u00f3 medidas cautelares relacionadas con este mismo caso. Sus abogados plantean que puede continuar all\u00ed, bajo monitoreo electr\u00f3nico y siguiendo las \u201crestricciones\u201d que el Supremo considere necesarias.<\/p>\n<p>La defensa fundamenta el pedido en lo que describe como una situaci\u00f3n \u201cexcepcional\u201d y \u201chumanitaria\u201d, ligada a los serios problemas de salud que el expresidente arrastra desde hace a\u00f1os. Su familia asegura que Bolsonaro sufre episodios frecuentes de hipo, mareos y n\u00e1useas, molestias que su entorno vincula con la pu\u00f1alada que recibi\u00f3 durante la campa\u00f1a de 2018 y las cirug\u00edas posteriores.<\/p>\n<p>La gravedad de este cuadro qued\u00f3 reflejada en el mensaje que su hijo, el concejal Carlos Bolsonaro, public\u00f3 durante la madrugada. All\u00ed afirm\u00f3 que su padre \u201ccuando est\u00e1 despierto, vomita constantemente\u201d, y agreg\u00f3: \u201cNunca lo hab\u00eda visto as\u00ed. Tiene hipo mientras duerme y temo que tenga reflujo, lo cual podr\u00eda ser fatal si aspira lo que vomita\u201d.<\/p>\n<p>A estos problemas se suma un reciente procedimiento m\u00e9dico en el que le retiraron ocho lesiones cut\u00e1neas, dos de ellas diagnosticadas como un tipo de c\u00e1ncer en \u201cestado precoz\u201d. Debido a ello, Bolsonaro deber\u00e1 someterse a controles m\u00e9dicos regulares para monitorear su evoluci\u00f3n.<\/p>\n<\/article>\n<\/div>\n\n","protected":false},"excerpt":{"rendered":"<p>El expresidente brasile\u00f1o Jair Bolsonaro Bolsonaro, de 70 a\u00f1os, permanece bajo arresto domiciliario desde el 4 de agosto. Foto: EFE La defensa de Jair Bolsonaro reactiv\u00f3 este viernes el debate sobre c\u00f3mo debe cumplir su condena. Los abogados acudieron directamente a la Corte Suprema para pedir que el expresidente permanezca en su casa, argumentando que &hellip;<\/p>\n","protected":false},"author":1,"featured_media":50853,"comment_status":"open","ping_status":"open","sticky":false,"template":"","format":"standard","meta":{"fifu_image_url":"https:\/\/elnacional-uploads.nyc3.digitaloceanspaces.com\/wp-content\/uploads\/2025\/08\/04202153\/Bolsonaro.jpg","fifu_image_alt":"","footnotes":""},"categories":[13],"tags":[],"class_list":["post-50851","post","type-post","status-publish","format-standard","has-post-thumbnail","","category-mundo"],"_links":{"self":[{"href":"https:\/\/noticiasveraces.com\/index.php?rest_route=\/wp\/v2\/posts\/50851","targetHints":{"allow":["GET"]}}],"collection":[{"href":"https:\/\/noticiasveraces.com\/index.php?rest_route=\/wp\/v2\/posts"}],"about":[{"href":"https:\/\/noticiasveraces.com\/index.php?rest_route=\/wp\/v2\/types\/post"}],"author":[{"embeddable":true,"href":"https:\/\/noticiasveraces.com\/index.php?rest_route=\/wp\/v2\/users\/1"}],"replies":[{"embeddable":true,"href":"https:\/\/noticiasveraces.com\/index.php?rest_route=%2Fwp%2Fv2%2Fcomments&post=50851"}],"version-history":[{"count":0,"href":"https:\/\/noticiasveraces.com\/index.php?rest_route=\/wp\/v2\/posts\/50851\/revisions"}],"wp:featuredmedia":[{"embeddable":true,"href":"https:\/\/noticiasveraces.com\/index.php?rest_route=\/wp\/v2\/media\/50853"}],"wp:attachment":[{"href":"https:\/\/noticiasveraces.com\/index.php?rest_route=%2Fwp%2Fv2%2Fmedia&parent=50851"}],"wp:term":[{"taxonomy":"category","embeddable":true,"href":"https:\/\/noticiasveraces.com\/index.php?rest_route=%2Fwp%2Fv2%2Fcategories&post=50851"},{"taxonomy":"post_tag","embeddable":true,"href":"https:\/\/noticiasveraces.com\/index.php?rest_route=%2Fwp%2Fv2%2Ftags&post=50851"}],"curies":[{"name":"wp","href":"https:\/\/api.w.org\/{rel}","templated":true}]}}