{"id":50827,"date":"2025-11-21T13:16:45","date_gmt":"2025-11-21T17:16:45","guid":{"rendered":"https:\/\/noticiasveraces.com\/?p=50827"},"modified":"2025-11-21T13:16:45","modified_gmt":"2025-11-21T17:16:45","slug":"video-acusan-a-kevin-mier-de-presuntos-danos-en-casa-arrendada-en-mexico-y-llevarse-horno-curiosidades-de-futbol","status":"publish","type":"post","link":"https:\/\/noticiasveraces.com\/?p=50827","title":{"rendered":"Video: acusan a Kevin Mier de presuntos da\u00f1os en casa arrendada en M\u00e9xico y llevarse horno | Curiosidades de f\u00fatbol"},"content":{"rendered":"<p> \n<br \/><img decoding=\"async\" src=\"https:\/\/www.futbolred.com\/files\/article_graphic\/files\/crop\/uploads\/2024\/01\/13\/65a34727ec946.r_1313562.0-0-825-412.png\" \/><\/p>\n<div id=\"cuerpoArticulo\">\n<p class=\"texto intro cnx-companion-firstparagraph\" id=\"pnull-m194-193-195\">Una gran esc\u00e1ndalo se reprot\u00f3 en M\u00e9xico por cuenta de una denuncia de la propietaria de un inmuele, alquilado por un futbolista colombiano. <\/p>\n<p class=\"texto contenido-parrafo-articulo cnx-companion-paragraph\" id=\"pnull-m206-2-207\">Se trata del arquero Kevin Mier, quien acaba de ser operado por una fractura que sufri\u00f3 jugando en la Liga MX, lesi\u00f3n que lo oblig\u00f3 a terminar de manera inempestiva la temporada y que ahora tiene en duda su posible participaci\u00f3n en el Mundial 2026.<\/p>\n<p class=\"texto contenido-parrafo-articulo cnx-companion-paragraph\" id=\"pnull-m362-3-363\"><b>Acusan a Mier de da\u00f1os en propiedad arrendada<br \/><\/b> <br \/>Y en medio de ese mal momento, el jugador ahora enfrenta una demanda \u00abcon requerimiento de pago y embargo ante el Poder Judicial de la Ciudad de M\u00e9xico\u00bb, seg\u00fan inform\u00f3 el medio local Esto.<\/p>\n<p>\u00abEl expediente 50042025 con fecha de ordenamiento del 9 de octubre del presente a\u00f1o acusa al futbolista de 25 a\u00f1os por no cumplir con su contrato de arrendamiento, con un adeudo que a d\u00eda de hoy ha alcanzado los 270 mil pesos, que equivalen a cerca de 55 millones de pesos colombianos.<\/p>\n<p>\u00abLa due\u00f1a del inmueble, Yolanda Mu\u00f1iz Mart\u00ednez, asegur\u00f3 a ESTO que el cancerbero dej\u00f3 de pagar la renta de la casa donde vivi\u00f3 el \u00faltimo a\u00f1o y medio, adem\u00e1s de haber destrozado varios muebles de la residencia\u00bb, dijo la fuente.<\/p>\n<p>\u00abLa dej\u00f3 destrozada, sucia y no se ha hecho cargo de eso. Cuando trato de buscarlo se me esconde\u201d, dijo la due\u00f1a del inmueble, quien aport\u00f3 este video de c\u00f3mo qued\u00f3, seg\u00fan ella, la casa: <\/p>\n<p class=\"texto contenido-parrafo-articulo cnx-companion-paragraph\" id=\"pnull-m242-3-243\">El futbolista habr\u00eda sido notificado en la sede del club el pasado 13 de noviembre, en una causa en la que incluso lo acusaron de llevarse un horno microondas que estaba incluido en el aval\u00fao inicial de la casa, en la que antes vivi\u00f3 el tambi\u00e9n colombiano Kevin Casta\u00f1o.<\/p>\n<p>\u201cMier se puso muy loco porque la chica que le hace la limpieza le rob\u00f3 15 pares de tenis. Su pareja me dijo que ya no quiso regresar a la casa y por lo tanto ya no quiso pagar la renta, como si yo tuviera la culpa. Dej\u00f3 de pagar la renta, aparte ten\u00eda que pagar un mes de penalizaci\u00f3n y se puso en el plan que no (pagar\u00eda)\u201d, dijo la denunciante sobre los presuntos motivos del arquero.<\/p>\n<p>El jugador nos e ha pronunciado pero se espera que responda pronto a la denuncia y que presente sus descargos ante la gravedad de las acusaciones de su ex arrendadora. <\/p>\n<\/div>\n\n","protected":false},"excerpt":{"rendered":"<p>Una gran esc\u00e1ndalo se reprot\u00f3 en M\u00e9xico por cuenta de una denuncia de la propietaria de un inmuele, alquilado por un futbolista colombiano. Se trata del arquero Kevin Mier, quien acaba de ser operado por una fractura que sufri\u00f3 jugando en la Liga MX, lesi\u00f3n que lo oblig\u00f3 a terminar de manera inempestiva la temporada &hellip;<\/p>\n","protected":false},"author":1,"featured_media":50829,"comment_status":"open","ping_status":"open","sticky":false,"template":"","format":"standard","meta":{"fifu_image_url":"https:\/\/www.futbolred.com\/files\/og_thumbnail\/uploads\/2024\/01\/13\/65a34727ec946.png","fifu_image_alt":"","footnotes":""},"categories":[6],"tags":[],"class_list":["post-50827","post","type-post","status-publish","format-standard","has-post-thumbnail","","category-deportes"],"_links":{"self":[{"href":"https:\/\/noticiasveraces.com\/index.php?rest_route=\/wp\/v2\/posts\/50827","targetHints":{"allow":["GET"]}}],"collection":[{"href":"https:\/\/noticiasveraces.com\/index.php?rest_route=\/wp\/v2\/posts"}],"about":[{"href":"https:\/\/noticiasveraces.com\/index.php?rest_route=\/wp\/v2\/types\/post"}],"author":[{"embeddable":true,"href":"https:\/\/noticiasveraces.com\/index.php?rest_route=\/wp\/v2\/users\/1"}],"replies":[{"embeddable":true,"href":"https:\/\/noticiasveraces.com\/index.php?rest_route=%2Fwp%2Fv2%2Fcomments&post=50827"}],"version-history":[{"count":0,"href":"https:\/\/noticiasveraces.com\/index.php?rest_route=\/wp\/v2\/posts\/50827\/revisions"}],"wp:featuredmedia":[{"embeddable":true,"href":"https:\/\/noticiasveraces.com\/index.php?rest_route=\/wp\/v2\/media\/50829"}],"wp:attachment":[{"href":"https:\/\/noticiasveraces.com\/index.php?rest_route=%2Fwp%2Fv2%2Fmedia&parent=50827"}],"wp:term":[{"taxonomy":"category","embeddable":true,"href":"https:\/\/noticiasveraces.com\/index.php?rest_route=%2Fwp%2Fv2%2Fcategories&post=50827"},{"taxonomy":"post_tag","embeddable":true,"href":"https:\/\/noticiasveraces.com\/index.php?rest_route=%2Fwp%2Fv2%2Ftags&post=50827"}],"curies":[{"name":"wp","href":"https:\/\/api.w.org\/{rel}","templated":true}]}}