{"id":50824,"date":"2025-11-21T12:41:28","date_gmt":"2025-11-21T16:41:28","guid":{"rendered":"https:\/\/noticiasveraces.com\/?p=50824"},"modified":"2025-11-21T12:41:28","modified_gmt":"2025-11-21T16:41:28","slug":"juez-ordena-capturar-y-encarcelar-a-la-exministra-peruana-asilada-en-la-embajada-de-mexico","status":"publish","type":"post","link":"https:\/\/noticiasveraces.com\/?p=50824","title":{"rendered":"Juez ordena capturar y encarcelar a la exministra peruana asilada en la embajada de M\u00e9xico"},"content":{"rendered":"<p> \n<\/p>\n<div>\n<p>\n\t\t\t<span rel=\"author\" class=\"fn\">con una pala<\/span>\n\t\t<\/p>\n<p>\t\t<time class=\"entry-date published updated\" datetime=\"2025-11-21T12:39:48-04:00\">noviembre 21 2025, 12:39 pm<\/time><br \/>\n\t\t<span class=\"spot-im-replies-count\" data-post-id=\"5836357\"\/><\/p>\n<p><img fetchpriority=\"high\" decoding=\"async\" onerror=\"this.onerror=null;this.src=\" https:=\"\" class=\"alignnone size-full wp-image-5836360\" src=\"https:\/\/sandia.datanubex.uk\/wp-content\/uploads\/2025\/11\/Screenshot_161-1.jpg\" alt=\"\" width=\"692\" height=\"488\"\/><\/p>\n<p><strong>Un juez supremo de Per\u00fa orden\u00f3 este viernes la captura internacional y prisi\u00f3n preventiva por cinco meses contra la ex primera ministra peruana Betssy Ch\u00e1vez, quien permanece asilada en la residencia de la embajada de M\u00e9xico en Lima<\/strong>mientras es juzgada por el fallido golpe de Estado que intent\u00f3 dar el izquierdista expresidente Pedro Castillo en diciembre de 2022.<\/p>\n<p>La decisi\u00f3n fue tomada por el juez supremo Juan Carlos Checkley, quien se\u00f1al\u00f3 que el peligro de fuga de Ch\u00e1vez en el proceso es \u00abpalpable\u00bb, por su inasistencia al control del registro biom\u00e9trico y a las audiencias judiciales, seg\u00fan informaron medios locales.<\/p>\n<p><!-- Begin Mailchimp Signup Form --><\/p>\n<div id=\"mc_embed_signup\">\n<p><label for=\"mce-EMAIL\">            \u00a1\u00danete al club ahora! Suscr\u00edbete al bolet\u00edn m\u00e1s importante de Venezuela          <\/label><iframe data-test-id=\"beehiiv-embed\" height=\"52\" frameborder=\"0\" scrolling=\"no\" style=\"margin: 0; border-radius: 0px !important; &#10;&#9;&#9;background-color: transparent;\" data-src=\"https:\/\/embeds.beehiiv.com\/cdab9503-16ae-4689-ad4f-1408c727a83a?slim=true\" class=\"lazyload\"><\/iframe><\/p>\n<\/div>\n<p><!--End mc_embed_signup 2--><\/p>\n<p>En la v\u00edspera, antes de conocerse esta resoluci\u00f3n judicial, el primer ministro de Per\u00fa, Ernesto \u00c1lvarez, neg\u00f3 que su pa\u00eds vaya a irrumpir en la embajada de M\u00e9xico en Lima para una eventual detenci\u00f3n de Ch\u00e1vez, como hizo Ecuador con el exvicepresidente corre\u00edsta Jorge Glas, porque -seg\u00fan dijo- es respetuoso del derecho internacional.<\/p>\n<p>\u00c1lvarez asegur\u00f3 que esa posibilidad es una \u00abhip\u00f3tesis negada\u00bb y agreg\u00f3 que \u00abPer\u00fa es respetuoso del derecho internacional y no es capaz de ejercer violencia contra ning\u00fan pa\u00eds vecino, ni pa\u00eds hermano\u00bb.<\/p>\n<p>En su resoluci\u00f3n, Checkley revoc\u00f3 la orden de comparecencia con restricciones que se hab\u00eda impuesto a Ch\u00e1vez, porque -seg\u00fan se\u00f1al\u00f3- \u00abexiste un evidente incumplimiento (\u2026) respecto a la restricci\u00f3n impuesta en su contra, control biom\u00e9trico cada siete d\u00edas\u00bb.<\/p>\n<p>El magistrado tambi\u00e9n determin\u00f3 que el peligro de fuga es \u00abpalpable\u00bb, as\u00ed como el riesgo de \u00abfrustraci\u00f3n\u00bb del juicio.<\/p>\n<p>Ch\u00e1vez fue detenida en junio de 2023 y permaneci\u00f3 hasta septiembre de este a\u00f1o en prisi\u00f3n preventiva, por su presunta participaci\u00f3n en el intento de golpe de Castillo, por el que la Fiscal\u00eda pide que se le imponga una pena veinticinco a\u00f1os de c\u00e1rcel por el delito de rebeli\u00f3n.<\/p>\n<p>La ex primera ministra sali\u00f3 en libertad luego del que el Tribunal Constitucional reconociera que fue v\u00edctima de una detenci\u00f3n arbitraria cuando la Fiscal\u00eda no solicit\u00f3 a tiempo la prolongaci\u00f3n de la prisi\u00f3n provisional y hace dos semanas recibi\u00f3 el asilo otorgado por el Gobierno de M\u00e9xico, que la acogi\u00f3 en la residencia del embajador, donde permanece hasta ahora.<\/p>\n<p>Tras la decisi\u00f3n mexicana, el Gobierno de transici\u00f3n de Per\u00fa, que preside Jos\u00e9 Jer\u00ed, decidi\u00f3 romper sus relaciones diplom\u00e1ticas bilaterales, que desde 2023 ya funcionaban sin embajadores al no reconocer M\u00e9xico la legitimidad de la entonces presidenta peruana Dina Boluarte (2022-2025), quien reemplaz\u00f3 a Castillo.<\/p>\n<p>Igualmente, el Ejecutivo peruano tampoco le ha concedido hasta ahora a Ch\u00e1vez el salvoconducto para viajar a M\u00e9xico, al condicionarlo a una serie de consultas en el seno de la Organizaci\u00f3n de Estados Americanos (OEA) para modificar la Convenci\u00f3n de Caracas que regula el asilo diplom\u00e1tico y pol\u00edtico, al considerar que el pa\u00eds norteamericano la ha desvirtuado.<\/p>\n<p>Este jueves, el primer ministro \u00c1lvarez asegur\u00f3 que su pa\u00eds denunciar\u00e1 a M\u00e9xico \u00aboportunamente en sedes internacionales con las evidencias en la mano\u00bb sobre una presunta injerencia en temas internos, que Lima atribuye a la presidenta mexicana, Claudia Sheinbaum. <strong>EFE<\/strong><\/p>\n<p><!-- CONTENT END 2 -->\n\t<\/div>\n\n","protected":false},"excerpt":{"rendered":"<p>con una pala noviembre 21 2025, 12:39 pm Un juez supremo de Per\u00fa orden\u00f3 este viernes la captura internacional y prisi\u00f3n preventiva por cinco meses contra la ex primera ministra peruana Betssy Ch\u00e1vez, quien permanece asilada en la residencia de la embajada de M\u00e9xico en Limamientras es juzgada por el fallido golpe de Estado que &hellip;<\/p>\n","protected":false},"author":1,"featured_media":50826,"comment_status":"open","ping_status":"open","sticky":false,"template":"","format":"standard","meta":{"fifu_image_url":"https:\/\/sandia.datanubex.uk\/wp-content\/uploads\/2025\/11\/Screenshot_161-1.jpg","fifu_image_alt":"","footnotes":""},"categories":[13],"tags":[],"class_list":["post-50824","post","type-post","status-publish","format-standard","has-post-thumbnail","","category-mundo"],"_links":{"self":[{"href":"https:\/\/noticiasveraces.com\/index.php?rest_route=\/wp\/v2\/posts\/50824","targetHints":{"allow":["GET"]}}],"collection":[{"href":"https:\/\/noticiasveraces.com\/index.php?rest_route=\/wp\/v2\/posts"}],"about":[{"href":"https:\/\/noticiasveraces.com\/index.php?rest_route=\/wp\/v2\/types\/post"}],"author":[{"embeddable":true,"href":"https:\/\/noticiasveraces.com\/index.php?rest_route=\/wp\/v2\/users\/1"}],"replies":[{"embeddable":true,"href":"https:\/\/noticiasveraces.com\/index.php?rest_route=%2Fwp%2Fv2%2Fcomments&post=50824"}],"version-history":[{"count":0,"href":"https:\/\/noticiasveraces.com\/index.php?rest_route=\/wp\/v2\/posts\/50824\/revisions"}],"wp:featuredmedia":[{"embeddable":true,"href":"https:\/\/noticiasveraces.com\/index.php?rest_route=\/wp\/v2\/media\/50826"}],"wp:attachment":[{"href":"https:\/\/noticiasveraces.com\/index.php?rest_route=%2Fwp%2Fv2%2Fmedia&parent=50824"}],"wp:term":[{"taxonomy":"category","embeddable":true,"href":"https:\/\/noticiasveraces.com\/index.php?rest_route=%2Fwp%2Fv2%2Fcategories&post=50824"},{"taxonomy":"post_tag","embeddable":true,"href":"https:\/\/noticiasveraces.com\/index.php?rest_route=%2Fwp%2Fv2%2Ftags&post=50824"}],"curies":[{"name":"wp","href":"https:\/\/api.w.org\/{rel}","templated":true}]}}