{"id":50812,"date":"2025-11-21T10:33:51","date_gmt":"2025-11-21T14:33:51","guid":{"rendered":"https:\/\/noticiasveraces.com\/?p=50812"},"modified":"2025-11-21T10:33:51","modified_gmt":"2025-11-21T14:33:51","slug":"amama-ultima-260-reclamaciones-de-enfermas-ante-el-gobierno-andaluz-por-los-fallos-en-el-cribado-de-cancer-de-mama-sociedad","status":"publish","type":"post","link":"https:\/\/noticiasveraces.com\/?p=50812","title":{"rendered":"Amama ultima 260 reclamaciones de enfermas ante el Gobierno andaluz por los fallos en el cribado de c\u00e1ncer de mama | Sociedad"},"content":{"rendered":"<p> \n<\/p>\n<div data-dtm-region=\"articulo_cuerpo\">\n<p class=\"\">La asociaci\u00f3n de mujeres afectadas por el c\u00e1ncer de mama en Sevilla, Amama, ultima 260 reclamaciones patrimoniales para presentarlas ante el Gobierno andaluz en nombre de las enfermas que han sufrido secuelas por los retrasos en el cribado del c\u00e1ncer en la regi\u00f3n. Un mes y medio despu\u00e9s de que saltara la pol\u00e9mica, Amama ya ha presentado medio centenar de reclamaciones ante el Servicio Andaluz de Salud (SAS) y ahora prepara un total de 260 para interponerlas en las pr\u00f3ximas semanas. En funci\u00f3n de la respuesta del Ejecutivo, que dispone de seis meses para responder, y su tasaci\u00f3n de la compensaci\u00f3n econ\u00f3mica por los da\u00f1os \u2015con tres resultados de muerte, mastectom\u00edas o perjuicios psicol\u00f3gicos\u2015 las mujeres decidir\u00e1n si acuden o no a la justicia contencioso-administrativa para elevar las cuant\u00edas.<\/p>\n<p class=\"\">La asociaci\u00f3n ha rechazado el requerimiento que hace una semana le remiti\u00f3 el Gobierno auton\u00f3mico para que le enviara \u201ctoda informaci\u00f3n, documentaci\u00f3n o testimonios\u201d de las mujeres afectadas. \u201cEllos [el Ejecutivo] manejan los datos. Nosotros tenemos una humilde asociaci\u00f3n y creamos un correo donde las afectadas han ido escribiendo. \u00bfQu\u00e9 trabajo le hubiera costado a la Junta crear un contacto para atender a las enfermas? Aqu\u00ed no se ha hecho un llamamiento para las personas afectadas o un sitio para atenderlas en todas las provincias\u201d, ha protestado el abogado de la asociaci\u00f3n, Manuel Jim\u00e9nez. <\/p>\n<p class=\"\">El letrado alega que vulnerar\u00eda la Ley de protecci\u00f3n de datos si accediera al requerimiento de la Consejer\u00eda de Sanidad, Presidencia y Emergencias, que exigi\u00f3 a Amama todos sus datos despu\u00e9s de que esta elevara a 4.000 el n\u00famero de mujeres que hab\u00edan sufrido los retrasos en el diagn\u00f3stico, casi el doble de las 2.317 que baraja la Junta. Este viernes su presidenta, \u00c1ngela Claverol, ha matizado que las 4.000 mujeres no son casos de afectadas directas, sino consultas que ha recibido Amama en este mes y medio, a las que considera afectadas por los retrasos, con consecuencias fatales, m\u00e1s leves, o con p\u00e9rdida de pruebas diagn\u00f3sticas e im\u00e1genes en el sistema inform\u00e1tico del SAS. <\/p>\n<p class=\"\">Jim\u00e9nez ha rechazado la discrepancia de cifras de afectadas con la Consejer\u00eda y el enfrentamiento suscitado por el alcance de los fallos del cribado. \u201cA m\u00ed no me bailan las cifras, sabemos lo que tenemos entre manos. El presidente [Juan Manuel Moreno] dijo que se hab\u00eda hecho ya el 96% y yo tengo correos de personas que a\u00fan no se les han llamado. Los servicios jur\u00eddicos de la Junta saben perfectamente c\u00f3mo extraer los datos de esas 260 personas\u201d. De estas 260 afectadas, puede haber un 10 o un 15% de mujeres que no han desarrollado c\u00e1ncer finalmente, pero que resultaron afectadas por los retrasos del cribado, ya que el SAS no las alert\u00f3 a tiempo de las pruebas y mamograf\u00edas previstas debido a los retrasos, seg\u00fan Amama. <\/p>\n<p class=\"\">\u201cYo no voy a facilitarle unos documentos a la Junta por el secreto profesional que debo respetar, porque pide informaci\u00f3n, documento y testimonio, que deber\u00e1 autorizar cada mujer. Son datos protegidos. La soluci\u00f3n est\u00e1 en su mano [de la Junta]que es la que tiene los datos y maneja las mamograf\u00edas para saber cu\u00e1ntas mujeres esperan resultados. Los datos oficiales no concuerdan con nosotros. Por ejemplo, en C\u00f3rdoba tenemos unos 15 o 20 casos que la Junta no reconoce (\u2026) Yo presento las reclamaciones en su casa, en el SAS, con una relaci\u00f3n de hechos, una documental que lo apoya\u201d, ha insistido el abogado. <\/p>\n<p class=\"\">El consejero de Sanidad, Antonio Sanz, ha replicado este viernes: \u201cLa alarma surge porque Amama sostiene que existen 4.000 mujeres que nadie sabe d\u00f3nde est\u00e1n (\u2026) Quien habla de 4.000 personas que la Administraci\u00f3n no conoce, para m\u00ed est\u00e1 describiendo una emergencia de salud p\u00fablica. La solicitud no se hace para la Administraci\u00f3n, sino para los profesionales sanitarios y no buscamos confrontaci\u00f3n, sino garantizar que si realmente existen, esas mujeres puedan ser atendidas como corresponde\u201d, informa Efe. <\/p>\n<figure class=\"a_m a_m-h \"><span class=\"_db a_m_w _pr lb_btn\"><img decoding=\"auto\" class=\"_re lazyload a_m-h\" height=\"276\" srcset=\"https:\/\/imagenes.elpais.com\/resizer\/v2\/OSKSW7X3IFKR3HXSFAU7LNEXLI.jpg?auth=c397c87917fe9bda66a8d7d683780342c27d35d8076f350476be8c5e1534d0c1&amp;width=414 414w,https:\/\/imagenes.elpais.com\/resizer\/v2\/OSKSW7X3IFKR3HXSFAU7LNEXLI.jpg?auth=c397c87917fe9bda66a8d7d683780342c27d35d8076f350476be8c5e1534d0c1&amp;width=828 640w,https:\/\/imagenes.elpais.com\/resizer\/v2\/OSKSW7X3IFKR3HXSFAU7LNEXLI.jpg?auth=c397c87917fe9bda66a8d7d683780342c27d35d8076f350476be8c5e1534d0c1&amp;width=980 1000w,https:\/\/imagenes.elpais.com\/resizer\/v2\/OSKSW7X3IFKR3HXSFAU7LNEXLI.jpg?auth=c397c87917fe9bda66a8d7d683780342c27d35d8076f350476be8c5e1534d0c1&amp;width=1960 1960w\" width=\"414\" sizes=\"auto, (min-width:1199px) 1155px,(min-width:1001px) calc(100vw - 44px),(min-width:768px) 767px, 100vw\" src=\"https:\/\/imagenes.elpais.com\/resizer\/v2\/OSKSW7X3IFKR3HXSFAU7LNEXLI.jpg?auth=c397c87917fe9bda66a8d7d683780342c27d35d8076f350476be8c5e1534d0c1&amp;width=414\" loading=\"lazy\"\/><svg aria-hidden=\"true\" class=\"icon_multimedia_ampliar | _pa a_m_i a_m_i-a _dn\" viewbox=\"0 0 40 40\"><use xlink:href=\"#svg-ampliar\"\/><\/svg><\/span><figcaption class=\"a_m_p\" aria-hidden=\"true\"><span>La presidenta de la asociaci\u00f3n Amama, \u00c1ngela Claverol, este viernes en Sevilla. <\/span><span class=\"a_m_m\">Ra\u00fal Caro (EFE)<\/span><\/figcaption><\/figure>\n<p class=\"\">La Junta, que concentra el 90% de los casos en el Hospital Virgen del Roc\u00edo de Sevilla, bas\u00f3 su requerimiento en la Ley de Salud P\u00fablica Andaluza como base legal. El Gobierno buscaba con la petici\u00f3n ante Amama \u201cgarantizar la revisi\u00f3n exhaustiva de cualquier posible caso no detectado por los circuitos oficiales, asegurar el cumplimiento de las obligaciones de la administraci\u00f3n en materia de vigilancia y protecci\u00f3n de la sanidad p\u00fablica y evitar la generaci\u00f3n de alarma social derivada de la difusi\u00f3n de cifras o afirmaciones no verificadas\u201d. <\/p>\n<p class=\"\">En paralelo, Amama, vetada por el PP en la comisi\u00f3n parlamentaria del cribado de c\u00e1ncer de mama, ha lanzado este viernes una serie de propuestas para los Presupuestos del pr\u00f3ximo a\u00f1o: \u201cExigimos al Gobierno andaluz que cumpla lo prometido y detalle el destino de esos 701 millones y de los 101 profesionales que incrementar\u00e1n la plantilla del SAS en 2026; garantizar plantillas completas y estables en todos los hospitales con contratos estables y de larga duraci\u00f3n; reforzar los programas de cribado y poner en marcha un sistema de informaci\u00f3n p\u00fablico y transparente sobre resultados y tiempos de espera\u201d, ha precisado Claverol. <\/p>\n<p class=\"\">Adem\u00e1s, la asociaci\u00f3n reclama al Ejecutivo recuperar la atenci\u00f3n en acto \u00fanico \u2015con mamograf\u00eda, ecograf\u00eda y biopsia en el mismo d\u00eda\u2015; garantizar la atenci\u00f3n psicol\u00f3gica a todas las mujeres que sufren un c\u00e1ncer, con psico-onc\u00f3logas en todas las unidades de mama y servicios de oncolog\u00eda ginecol\u00f3gica; tratamientos de rehabilitaci\u00f3n completos para las afectadas por mastectom\u00edas y circuitos preferentes para las mujeres. Por \u00faltimo, Amama exige la publicaci\u00f3n mensual de las listas de espera de consultas, pruebas diagn\u00f3sticas, tratamientos oncol\u00f3gicos y cirug\u00edas para la atenci\u00f3n oncol\u00f3gica, tanto de primeras consultas como revisiones, con el cumplimiento del plazo m\u00e1ximo de 30 d\u00edas fijados por ley. Tambi\u00e9n reclama la potenciaci\u00f3n de las aulas de c\u00e1ncer de mama de la escuela de pacientes, la financiaci\u00f3n al 100% de las pelucas en caso de tratamientos con p\u00e9rdida del cabello, e implantar la figura de la Defensora de las mujeres con c\u00e1ncer de mama. <\/p>\n<\/div>\n\n","protected":false},"excerpt":{"rendered":"<p>La asociaci\u00f3n de mujeres afectadas por el c\u00e1ncer de mama en Sevilla, Amama, ultima 260 reclamaciones patrimoniales para presentarlas ante el Gobierno andaluz en nombre de las enfermas que han sufrido secuelas por los retrasos en el cribado del c\u00e1ncer en la regi\u00f3n. Un mes y medio despu\u00e9s de que saltara la pol\u00e9mica, Amama ya &hellip;<\/p>\n","protected":false},"author":1,"featured_media":50813,"comment_status":"open","ping_status":"open","sticky":false,"template":"","format":"standard","meta":{"fifu_image_url":"https:\/\/imagenes.elpais.com\/resizer\/v2\/TYINTOXIGVKSRGEZSAOUYZHOGI.jpg?auth=475c3b3df7afd829cfdf1a4df7358087fd81f2a697a901a355d8732a3c90a916&width=1200","fifu_image_alt":"","footnotes":""},"categories":[11],"tags":[],"class_list":["post-50812","post","type-post","status-publish","format-standard","has-post-thumbnail","","category-viaje"],"_links":{"self":[{"href":"https:\/\/noticiasveraces.com\/index.php?rest_route=\/wp\/v2\/posts\/50812","targetHints":{"allow":["GET"]}}],"collection":[{"href":"https:\/\/noticiasveraces.com\/index.php?rest_route=\/wp\/v2\/posts"}],"about":[{"href":"https:\/\/noticiasveraces.com\/index.php?rest_route=\/wp\/v2\/types\/post"}],"author":[{"embeddable":true,"href":"https:\/\/noticiasveraces.com\/index.php?rest_route=\/wp\/v2\/users\/1"}],"replies":[{"embeddable":true,"href":"https:\/\/noticiasveraces.com\/index.php?rest_route=%2Fwp%2Fv2%2Fcomments&post=50812"}],"version-history":[{"count":0,"href":"https:\/\/noticiasveraces.com\/index.php?rest_route=\/wp\/v2\/posts\/50812\/revisions"}],"wp:featuredmedia":[{"embeddable":true,"href":"https:\/\/noticiasveraces.com\/index.php?rest_route=\/wp\/v2\/media\/50813"}],"wp:attachment":[{"href":"https:\/\/noticiasveraces.com\/index.php?rest_route=%2Fwp%2Fv2%2Fmedia&parent=50812"}],"wp:term":[{"taxonomy":"category","embeddable":true,"href":"https:\/\/noticiasveraces.com\/index.php?rest_route=%2Fwp%2Fv2%2Fcategories&post=50812"},{"taxonomy":"post_tag","embeddable":true,"href":"https:\/\/noticiasveraces.com\/index.php?rest_route=%2Fwp%2Fv2%2Ftags&post=50812"}],"curies":[{"name":"wp","href":"https:\/\/api.w.org\/{rel}","templated":true}]}}