{"id":50790,"date":"2025-11-21T07:55:16","date_gmt":"2025-11-21T11:55:16","guid":{"rendered":"https:\/\/noticiasveraces.com\/?p=50790"},"modified":"2025-11-21T07:55:16","modified_gmt":"2025-11-21T11:55:16","slug":"expediente-n-2-578-25-correo-del-caroni","status":"publish","type":"post","link":"https:\/\/noticiasveraces.com\/?p=50790","title":{"rendered":"Expediente N\u00b0 2.578-25 \u2013 Correo del Caron\u00ed"},"content":{"rendered":"<p> \n<\/p>\n<div>\n<figure class=\"wp-block-image aligncenter size-full is-resized\"><img fetchpriority=\"high\" decoding=\"async\" width=\"1000\" height=\"1081\" alt=\"\" class=\"wp-image-43040 ewww_webp\" style=\"width:138px;height:auto\" src-img=\"https:\/\/correodelcaroni.com\/wp-content\/uploads\/2021\/07\/Escudo_de_Armas_de_Venezuela_2006.png\" src-webp=\"https:\/\/correodelcaroni.com\/wp-content\/uploads\/2021\/07\/Escudo_de_Armas_de_Venezuela_2006.png.webp\" data-eio=\"j\"\/><img fetchpriority=\"high\" decoding=\"async\" width=\"1000\" height=\"1081\" src=\"https:\/\/correodelcaroni.com\/wp-content\/uploads\/2021\/07\/Escudo_de_Armas_de_Venezuela_2006.png\" alt=\"\" class=\"wp-image-43040\" style=\"width:138px;height:auto\"\/><\/figure>\n<p class=\"has-text-align-center has-black-color has-text-color has-link-color has-medium-font-size wp-elements-2ceb192dededa07d96fdc75d8778f797\" style=\"font-style:normal;font-weight:900\"><u>CARTEL DE NOTIFICACION<\/u><\/p>\n<p class=\"has-text-align-center has-black-color has-text-color has-link-color wp-elements-b936d9c9589e8ad4449da2ec76c4480c\"><strong>REPUBLICA BOLIVARIANA DE VENEZUELA<\/strong><\/p>\n<p class=\"has-text-align-center has-black-color has-text-color has-link-color wp-elements-1a7bb37c907cd6207f164f5dbc4a3e61\"><strong>EN SU NOMBRE<\/strong><\/p>\n<p class=\"has-text-align-center has-black-color has-text-color has-link-color wp-elements-76e6f0a080e0b56e089ee95d844ba67f\"><strong>TRIBUNAL CUARTO DE MUNICIPIO ORDINARIO Y EJECUTOR DE MEDIDAS DEL MUNICIPIO CARONI DEL SEGUNDO CIRCUITO DE LA CIRCUNSCRIPCION JUDICIAL DEL ESTADO BOLIVAR<\/strong><\/p>\n<p class=\"has-text-align-center has-black-color has-text-color has-link-color wp-elements-05f980bc37434eeaeaae7ce604d34e4c\"><strong>PUERTO ORDAZ, 18 DE NOVIEMBRE DEL 2025<br \/>A\u00d1OS: 215\u00b0 Y 166\u00b0<\/strong><\/p>\n<p class=\"has-text-align-center has-black-color has-text-color has-link-color wp-elements-bed24a3c6088f1f3d1d1d58e3c53cb43\"><strong>JURISDICCI\u00d3N CIVIL<\/strong><\/p>\n<p class=\"has-text-align-center has-black-color has-text-color has-link-color wp-elements-2d68996ea801f10d52a4295218e6d2ab\"><strong>SE HACE SABER:<\/strong><\/p>\n<p class=\"has-black-color has-text-color has-link-color wp-elements-0e0aa7920fac75557e5b0a13b8ad7e74\">A los ciudadanos: <strong>JULIO CESAR LABADY<\/strong> y <strong>ELENITA DUNN<\/strong>venezolanos, mayores de edad, titulares de las C\u00e9dulas de Identidad N\u00b0 <strong>V-8.529.260<\/strong> y<strong> V-3.851.443<\/strong> respectivamente, en su car\u00e1cter de comisario y directora administrativa. <strong><u>PARTE DEMANDADA<\/u><\/strong>  en la presente solicitud de <strong><u>DENUNCIA POR IRREGULARIDAD ADMINISTRATIVA<\/u><\/strong>que sigue en su contra la ciudadana: <strong>Carmen Iliana Pinto Soto<\/strong>venezolana, mayor de edad, soltera, titular de la C\u00e9dula de Identidad <strong>N\u00b0V-11.997.386<\/strong>. <strong><u>PARTE ACTORA<\/u><\/strong>  en el presente expediente signado bajo el N\u00b0 <strong>2.578-25<\/strong> (nomenclatura interna de este despacho judicial), y\/o quien represente sus derechos; que este Tribunal orden\u00f3 su notificaci\u00f3n por cartel, a los a fines de que comparezcan a por ante este Tribunal a darse por notificado del procedimiento por: <strong>DENUNCIA POR IRREGULARIDAD ADMINISTRATIVA<\/strong> presentado por este Tribunal por la ciudadana: <strong>Carmen Iliana Pinto Soto,<\/strong> contra el <strong>INSTITUTO CL\u00cdNICO DEL BEB\u00c9 CA<\/strong>teni\u00e9ndose por notificados una vez que transcurran <strong><u>diez (10) d\u00edas h\u00e1biles de Despacho<\/u> <\/strong>siguientes a aqu\u00e9l en que conste en autos la publicaci\u00f3n y consignaci\u00f3n que de dicho cartel se haga y este Tribunal haya ordenado agregarlo conforme a la ley, para que pueda comenzar el lapso de comparecencia indicado en el auto de admisi\u00f3n de fecha 13\/10\/2025, para la continuaci\u00f3n de la presente causa.<\/p>\n<p class=\"has-black-color has-text-color has-link-color wp-elements-7157574a511d5237a8dc167134beed40\">El presente Cartel se orden\u00f3 su publicaci\u00f3n en el Diario <strong>\u201cCORREO DEL CARON\u00cd\u201d<\/strong>.-<\/p>\n<p class=\"has-black-color has-text-color has-link-color wp-elements-2350fb72c6ec9540797e6230d2739db9\"><strong><br \/>LA JUEZ SUPLENTE,<\/strong><\/p>\n<p class=\"has-black-color has-text-color has-link-color wp-elements-dce35cd9d5513f417cb8b6bca3e5688b\">(FDO. y SELLADO)<\/p>\n<p class=\"has-black-color has-text-color has-link-color wp-elements-6364d081d1eab705e82a457665e975fe\"><strong>EDDYS MARTINEZ CAMPOS<\/strong><\/p>\n<p class=\"has-text-align-right has-black-color has-text-color has-link-color wp-elements-5e4ed607d7657013e20572a55623f2e1\"><strong>LA SECRETARIA TEMPORAL<\/strong><\/p>\n<p class=\"has-text-align-right has-black-color has-text-color has-link-color wp-elements-c4ed7ca6826b4e12a6cf617f7f6f7b43\">(FDO.)<\/p>\n<p class=\"has-text-align-right has-black-color has-text-color has-link-color wp-elements-d218014cb14edfbf7c5e00fb04e3d4f4\"><strong>YISBETH RIVAS VALLEJO<\/strong><\/p>\n<p class=\"has-black-color has-text-color has-link-color wp-elements-3b9eb901ba7e34eedac9bcf0c322944e\"><strong>EMC\/a\u00f1o\/ag<\/strong><\/p>\n<p class=\"has-black-color has-text-color has-link-color wp-elements-2049eb3ac2c88a69ceb4dcfc18ce419c\"><strong>exp. N\u00b0 2.578-25<\/strong><\/p>\n<p><iframe style=\"border: 0px none #ffffff;\" name=\"myiFrame\" width=\"800px\" height=\"650px\" marginwidth=\"0\" marginheight=\"0\" scrolling=\"no\" data-src=\"https:\/\/correodelcaroni.com\/wp-content\/uploads\/2025\/11\/Cartel_2578-25_Web.pdf\" class=\"lazyload\"><\/iframe><\/p>\n<\/p><\/div>\n\n","protected":false},"excerpt":{"rendered":"<p>CARTEL DE NOTIFICACION REPUBLICA BOLIVARIANA DE VENEZUELA EN SU NOMBRE TRIBUNAL CUARTO DE MUNICIPIO ORDINARIO Y EJECUTOR DE MEDIDAS DEL MUNICIPIO CARONI DEL SEGUNDO CIRCUITO DE LA CIRCUNSCRIPCION JUDICIAL DEL ESTADO BOLIVAR PUERTO ORDAZ, 18 DE NOVIEMBRE DEL 2025A\u00d1OS: 215\u00b0 Y 166\u00b0 JURISDICCI\u00d3N CIVIL SE HACE SABER: A los ciudadanos: JULIO CESAR LABADY y ELENITA &hellip;<\/p>\n","protected":false},"author":1,"featured_media":50792,"comment_status":"open","ping_status":"open","sticky":false,"template":"","format":"standard","meta":{"fifu_image_url":"https:\/\/correodelcaroni.com\/wp-content\/uploads\/2024\/01\/Imagen-Cartel-1.jpg","fifu_image_alt":"","footnotes":""},"categories":[4],"tags":[],"class_list":["post-50790","post","type-post","status-publish","format-standard","has-post-thumbnail","","category-historias-destacadas"],"_links":{"self":[{"href":"https:\/\/noticiasveraces.com\/index.php?rest_route=\/wp\/v2\/posts\/50790","targetHints":{"allow":["GET"]}}],"collection":[{"href":"https:\/\/noticiasveraces.com\/index.php?rest_route=\/wp\/v2\/posts"}],"about":[{"href":"https:\/\/noticiasveraces.com\/index.php?rest_route=\/wp\/v2\/types\/post"}],"author":[{"embeddable":true,"href":"https:\/\/noticiasveraces.com\/index.php?rest_route=\/wp\/v2\/users\/1"}],"replies":[{"embeddable":true,"href":"https:\/\/noticiasveraces.com\/index.php?rest_route=%2Fwp%2Fv2%2Fcomments&post=50790"}],"version-history":[{"count":0,"href":"https:\/\/noticiasveraces.com\/index.php?rest_route=\/wp\/v2\/posts\/50790\/revisions"}],"wp:featuredmedia":[{"embeddable":true,"href":"https:\/\/noticiasveraces.com\/index.php?rest_route=\/wp\/v2\/media\/50792"}],"wp:attachment":[{"href":"https:\/\/noticiasveraces.com\/index.php?rest_route=%2Fwp%2Fv2%2Fmedia&parent=50790"}],"wp:term":[{"taxonomy":"category","embeddable":true,"href":"https:\/\/noticiasveraces.com\/index.php?rest_route=%2Fwp%2Fv2%2Fcategories&post=50790"},{"taxonomy":"post_tag","embeddable":true,"href":"https:\/\/noticiasveraces.com\/index.php?rest_route=%2Fwp%2Fv2%2Ftags&post=50790"}],"curies":[{"name":"wp","href":"https:\/\/api.w.org\/{rel}","templated":true}]}}