{"id":50772,"date":"2025-11-21T03:58:27","date_gmt":"2025-11-21T07:58:27","guid":{"rendered":"https:\/\/noticiasveraces.com\/?p=50772"},"modified":"2025-11-21T03:58:27","modified_gmt":"2025-11-21T07:58:27","slug":"anunciaron-cierre-de-la-avenida-francisco-de-miranda","status":"publish","type":"post","link":"https:\/\/noticiasveraces.com\/?p=50772","title":{"rendered":"Anunciaron cierre de la avenida Francisco de Miranda"},"content":{"rendered":"<p> \n<\/p>\n<div>\n<p>La Alcald\u00eda de Chacao inform\u00f3 el 20 de noviembre el cierre de la avenida Francisco de Miranda, en su sentido <strong>Oeste<\/strong>frente a la Torre Canaima, debido al encendido de la <strong>Navidad<\/strong> en la Torre Movistar.<\/p>\n<div class=\"ruby-table-contents rbtoc table-fw\">\n<ul class=\"toc-content h5\">\n<li>Otro evento en Chacao por el inicio de la Navidad<\/li>\n<\/ul>\n<\/div>\n<p>Para garantizar la <strong>seguridad<\/strong> y el correcto desarrollo del evento, el municipio dispuso una restricci\u00f3n de tr\u00e1nsito que comenzar\u00e1 el jueves 20 de noviembre a las 9:00 pm y se extender\u00e1 hasta el s\u00e1bado 22 de noviembre a las 2:00 am.<\/p>\n<figure class=\"wp-block-image size-large\"><picture fetchpriority=\"high\" decoding=\"async\" class=\"wp-image-828832\"><source type=\"image\/webp\" sizes=\"(max-width: 1200px) 100vw, 1200px\" nitro-lazy-srcset=\"https:\/\/eldiario.com\/nitropack_static\/DWpklAePbJBFiBKvuTtiGMLbtJlHUqWt\/assets\/images\/optimized\/rev-4610e21\/eldiario.com\/wp-content\/uploads\/2025\/11\/Diseno-sin-titulo-2025-11-20T214457.565-1200x800.jpg.webp 1200w, https:\/\/eldiario.com\/nitropack_static\/DWpklAePbJBFiBKvuTtiGMLbtJlHUqWt\/assets\/images\/optimized\/rev-4610e21\/eldiario.com\/wp-content\/uploads\/2025\/11\/Diseno-sin-titulo-2025-11-20T214457.565-300x200.jpg.webp 300w, https:\/\/eldiario.com\/nitropack_static\/DWpklAePbJBFiBKvuTtiGMLbtJlHUqWt\/assets\/images\/optimized\/rev-4610e21\/eldiario.com\/wp-content\/uploads\/2025\/11\/Diseno-sin-titulo-2025-11-20T214457.565-768x512.jpg.webp 768w, https:\/\/eldiario.com\/nitropack_static\/DWpklAePbJBFiBKvuTtiGMLbtJlHUqWt\/assets\/images\/optimized\/rev-4610e21\/eldiario.com\/wp-content\/uploads\/2025\/11\/Diseno-sin-titulo-2025-11-20T214457.565-1536x1024.jpg.webp 1536w, https:\/\/eldiario.com\/nitropack_static\/DWpklAePbJBFiBKvuTtiGMLbtJlHUqWt\/assets\/images\/optimized\/rev-4610e21\/eldiario.com\/wp-content\/uploads\/2025\/11\/Diseno-sin-titulo-2025-11-20T214457.565-330x220.jpg.webp 330w, https:\/\/eldiario.com\/nitropack_static\/DWpklAePbJBFiBKvuTtiGMLbtJlHUqWt\/assets\/images\/optimized\/rev-4610e21\/eldiario.com\/wp-content\/uploads\/2025\/11\/Diseno-sin-titulo-2025-11-20T214457.565-420x280.jpg.webp 420w, https:\/\/eldiario.com\/nitropack_static\/DWpklAePbJBFiBKvuTtiGMLbtJlHUqWt\/assets\/images\/optimized\/rev-4610e21\/eldiario.com\/wp-content\/uploads\/2025\/11\/Diseno-sin-titulo-2025-11-20T214457.565-615x410.jpg.webp 615w, https:\/\/eldiario.com\/nitropack_static\/DWpklAePbJBFiBKvuTtiGMLbtJlHUqWt\/assets\/images\/optimized\/rev-4610e21\/eldiario.com\/wp-content\/uploads\/2025\/11\/Diseno-sin-titulo-2025-11-20T214457.565-860x574.jpg.webp 860w, https:\/\/eldiario.com\/nitropack_static\/DWpklAePbJBFiBKvuTtiGMLbtJlHUqWt\/assets\/images\/optimized\/rev-4610e21\/eldiario.com\/wp-content\/uploads\/2025\/11\/Diseno-sin-titulo-2025-11-20T214457.565-150x100.jpg.webp 150w, https:\/\/eldiario.com\/nitropack_static\/DWpklAePbJBFiBKvuTtiGMLbtJlHUqWt\/assets\/images\/optimized\/rev-4610e21\/eldiario.com\/wp-content\/uploads\/2025\/11\/Diseno-sin-titulo-2025-11-20T214457.565.jpg.webp 1600w\" nitro-lazy-empty=\"\" id=\"ODEyOjExODU=-1\" srcset=\"data:image\/svg+xml;nitro-empty-id=ODEyOjExODU=-1;base64,PHN2ZyB2aWV3Qm94PSIwIDAgMTIwMCA4MDAiIHdpZHRoPSIxMjAwIiBoZWlnaHQ9IjgwMCIgeG1sbnM9Imh0dHA6Ly93d3cudzMub3JnLzIwMDAvc3ZnIj48L3N2Zz4=\"\/><img fetchpriority=\"high\" width=\"1200\" height=\"800\" alt=\"Anunciaron cierre de la avenida Francisco de Miranda por encendido navide\u00f1o\" sizes=\"(max-width: 1200px) 100vw, 1200px\" srcset=\"https:\/\/eldiario.com\/nitropack_static\/DWpklAePbJBFiBKvuTtiGMLbtJlHUqWt\/assets\/images\/optimized\/rev-4610e21\/eldiario.com\/wp-content\/uploads\/2025\/11\/Diseno-sin-titulo-2025-11-20T214457.565-1200x800.jpg 1200w, https:\/\/eldiario.com\/nitropack_static\/DWpklAePbJBFiBKvuTtiGMLbtJlHUqWt\/assets\/images\/optimized\/rev-4610e21\/eldiario.com\/wp-content\/uploads\/2025\/11\/Diseno-sin-titulo-2025-11-20T214457.565-300x200.jpg 300w, https:\/\/eldiario.com\/nitropack_static\/DWpklAePbJBFiBKvuTtiGMLbtJlHUqWt\/assets\/images\/optimized\/rev-4610e21\/eldiario.com\/wp-content\/uploads\/2025\/11\/Diseno-sin-titulo-2025-11-20T214457.565-768x512.jpg 768w, https:\/\/eldiario.com\/nitropack_static\/DWpklAePbJBFiBKvuTtiGMLbtJlHUqWt\/assets\/images\/optimized\/rev-4610e21\/eldiario.com\/wp-content\/uploads\/2025\/11\/Diseno-sin-titulo-2025-11-20T214457.565-1536x1024.jpg 1536w, https:\/\/eldiario.com\/nitropack_static\/DWpklAePbJBFiBKvuTtiGMLbtJlHUqWt\/assets\/images\/optimized\/rev-4610e21\/eldiario.com\/wp-content\/uploads\/2025\/11\/Diseno-sin-titulo-2025-11-20T214457.565-330x220.jpg 330w, https:\/\/eldiario.com\/nitropack_static\/DWpklAePbJBFiBKvuTtiGMLbtJlHUqWt\/assets\/images\/optimized\/rev-4610e21\/eldiario.com\/wp-content\/uploads\/2025\/11\/Diseno-sin-titulo-2025-11-20T214457.565-420x280.jpg 420w, https:\/\/eldiario.com\/nitropack_static\/DWpklAePbJBFiBKvuTtiGMLbtJlHUqWt\/assets\/images\/optimized\/rev-4610e21\/eldiario.com\/wp-content\/uploads\/2025\/11\/Diseno-sin-titulo-2025-11-20T214457.565-615x410.jpg 615w, https:\/\/eldiario.com\/nitropack_static\/DWpklAePbJBFiBKvuTtiGMLbtJlHUqWt\/assets\/images\/optimized\/rev-4610e21\/eldiario.com\/wp-content\/uploads\/2025\/11\/Diseno-sin-titulo-2025-11-20T214457.565-860x574.jpg 860w, https:\/\/eldiario.com\/nitropack_static\/DWpklAePbJBFiBKvuTtiGMLbtJlHUqWt\/assets\/images\/optimized\/rev-4610e21\/eldiario.com\/wp-content\/uploads\/2025\/11\/Diseno-sin-titulo-2025-11-20T214457.565-150x100.jpg 150w, https:\/\/eldiario.com\/nitropack_static\/DWpklAePbJBFiBKvuTtiGMLbtJlHUqWt\/assets\/images\/optimized\/rev-4610e21\/eldiario.com\/wp-content\/uploads\/2025\/11\/Diseno-sin-titulo-2025-11-20T214457.565.jpg 1600w\" src=\"https:\/\/eldiario.com\/nitropack_static\/DWpklAePbJBFiBKvuTtiGMLbtJlHUqWt\/assets\/images\/optimized\/rev-4610e21\/eldiario.com\/wp-content\/uploads\/2025\/11\/Diseno-sin-titulo-2025-11-20T214457.565-1200x800.jpg\" class=\"nitro-lazy\" decoding=\"async\" nitro-lazy-empty=\"\" id=\"ODEzOjEzNjg=-1\"\/> <\/picture> <\/figure>\n<p>Asimismo, las autoridades confirmaron que se habilitar\u00e1 un canal de <strong>contraflujo<\/strong> en la zona para facilitar el tr\u00e1nsito vehicular.<\/p>\n<p>Por otro lado, la alcald\u00eda hizo un llamado a la ciudadan\u00eda a <strong>planificar<\/strong> sus rutas con antelaci\u00f3n y tomar v\u00edas alternas para evitar inconvenientes durante este periodo.<\/p>\n<h3 id=\"vias-alternas\" class=\"rb-heading-index-0-828827 wp-block-heading\"><strong>V\u00edas alternas<\/strong><\/h3>\n<p>Quienes necesiten trasladarse por Chacao entre el 20 y el 22 de noviembre podr\u00e1n usar las siguientes <strong>v\u00edas alternas<\/strong>:<\/p>\n<p>\u2013 Autopista Gran Cacique Guaicaipuro<\/p>\n<p>-Avenida R\u00f3mulo Gallegos<\/p>\n<p>-Avenida Boyac\u00e1 (Cota Mil)<\/p>\n<p>-Avenida Libertador (entre Chacao y Altamira)<\/p>\n<p>-Avenida Principal de El Rosal<\/p>\n<h2 id=\"otro-evento-en-chacao-por-el-inicio-de-la-navidad\" class=\"rb-heading-index-1-828827 wp-block-heading\"><strong>Otro evento en Chacao por el inicio de la Navidad<\/strong><\/h2>\n<p>A prop\u00f3sito de la celebraci\u00f3n por el inicio de la <strong>Navidad<\/strong>la Alcald\u00eda de Chacao anunci\u00f3 el encendido de luces en la plaza La Castellana, junto con el alcalde <strong>Gustavo Duque<\/strong>.<\/p>\n<blockquote data-service=\"instagram\" data-category=\"marketing\" data-placeholder-image=\"https:\/\/eldiario.com\/wp-content\/plugins\/complianz-gdpr-premium\/assets\/images\/placeholders\/instagram-minimal.jpg\" class=\"cmplz-placeholder-element instagram-media\" data-instgrm-captioned=\"\" data-instgrm-permalink=\"https:\/\/www.instagram.com\/reel\/DRTHAt4kSPv\/?utm_source=ig_embed&amp;utm_campaign=loading\" data-instgrm-version=\"14\" style=\"background:#fff;border:0;border-radius:3px;margin:1px;max-width:540px;min-width:326px;padding:0;width:99.375%;width:-webkit-calc(100% - 2px);width:calc(100% - 2px);\"\/>\n<p>La actividad se realiz\u00f3 el 20 de noviembre desde las 6:00 pm y cont\u00f3 con un show de <strong>Princesas Venezuela<\/strong>.<\/p>\n<\/p><\/div>\n<p><script async src=\"\/\/www.instagram.com\/embed.js\"><\/script><br \/>\n<br \/>\n","protected":false},"excerpt":{"rendered":"<p>La Alcald\u00eda de Chacao inform\u00f3 el 20 de noviembre el cierre de la avenida Francisco de Miranda, en su sentido Oestefrente a la Torre Canaima, debido al encendido de la Navidad en la Torre Movistar. Otro evento en Chacao por el inicio de la Navidad Para garantizar la seguridad y el correcto desarrollo del evento, &hellip;<\/p>\n","protected":false},"author":1,"featured_media":50774,"comment_status":"open","ping_status":"open","sticky":false,"template":"","format":"standard","meta":{"fifu_image_url":"https:\/\/eldiario.com\/wp-content\/uploads\/2020\/12\/DSC1283.jpg","fifu_image_alt":"","footnotes":""},"categories":[13],"tags":[],"class_list":["post-50772","post","type-post","status-publish","format-standard","has-post-thumbnail","","category-mundo"],"_links":{"self":[{"href":"https:\/\/noticiasveraces.com\/index.php?rest_route=\/wp\/v2\/posts\/50772","targetHints":{"allow":["GET"]}}],"collection":[{"href":"https:\/\/noticiasveraces.com\/index.php?rest_route=\/wp\/v2\/posts"}],"about":[{"href":"https:\/\/noticiasveraces.com\/index.php?rest_route=\/wp\/v2\/types\/post"}],"author":[{"embeddable":true,"href":"https:\/\/noticiasveraces.com\/index.php?rest_route=\/wp\/v2\/users\/1"}],"replies":[{"embeddable":true,"href":"https:\/\/noticiasveraces.com\/index.php?rest_route=%2Fwp%2Fv2%2Fcomments&post=50772"}],"version-history":[{"count":0,"href":"https:\/\/noticiasveraces.com\/index.php?rest_route=\/wp\/v2\/posts\/50772\/revisions"}],"wp:featuredmedia":[{"embeddable":true,"href":"https:\/\/noticiasveraces.com\/index.php?rest_route=\/wp\/v2\/media\/50774"}],"wp:attachment":[{"href":"https:\/\/noticiasveraces.com\/index.php?rest_route=%2Fwp%2Fv2%2Fmedia&parent=50772"}],"wp:term":[{"taxonomy":"category","embeddable":true,"href":"https:\/\/noticiasveraces.com\/index.php?rest_route=%2Fwp%2Fv2%2Fcategories&post=50772"},{"taxonomy":"post_tag","embeddable":true,"href":"https:\/\/noticiasveraces.com\/index.php?rest_route=%2Fwp%2Fv2%2Ftags&post=50772"}],"curies":[{"name":"wp","href":"https:\/\/api.w.org\/{rel}","templated":true}]}}