{"id":50749,"date":"2025-11-21T00:17:02","date_gmt":"2025-11-21T04:17:02","guid":{"rendered":"https:\/\/noticiasveraces.com\/?p=50749"},"modified":"2025-11-21T00:17:02","modified_gmt":"2025-11-21T04:17:02","slug":"los-cdc-actualizan-la-postura-del-sitio-web-sobre-el-vinculo-entre-las-vacunas-y-el-autismo-despues-de-la-revision","status":"publish","type":"post","link":"https:\/\/noticiasveraces.com\/?p=50749","title":{"rendered":"Los CDC actualizan la postura del sitio web sobre el v\u00ednculo entre las vacunas y el autismo despu\u00e9s de la revisi\u00f3n"},"content":{"rendered":"<p> \n<\/p>\n<div>\n<div class=\"featured featured-video video-ct\" data-v-324c3b57=\"\"><!----> <\/p>\n<div class=\"contain\" data-v-324c3b57=\"\">  <!----> <\/p>\n<div class=\"info\" data-v-324c3b57=\"\">\n<div class=\"caption\" data-v-324c3b57=\"\">\n<h4 class=\"title\" data-v-324c3b57=\"\">El secretario del HHS, Kennedy, se retracta de la afirmaci\u00f3n de Tylenol sobre el autismo <\/h4>\n<p data-v-324c3b57=\"\">El Dr. Marc Siegel, analista m\u00e9dico senior de Fox News, dice que \u00abmenos es m\u00e1s\u00bb en t\u00e9rminos de medicina para mujeres embarazadas y enfatiza lo crucial que es consultar a su obstetra antes de tomar decisiones m\u00e9dicas en \u00abFox Report\u00bb. <\/p>\n<\/div>\n<\/div>\n<\/div>\n<\/div>\n<div id=\"beyondwords-wrapper\" class=\"beyondwords-wrapper\">\n<p><span class=\"label-bg\">NUEVO<\/span>\u00a1Ahora puedes escuchar los art\u00edculos de Fox News!\n  <\/p>\n<\/div>\n<p class=\"speakable\">Los Centros para el Control y la Prevenci\u00f3n de Enfermedades han actualizado su sitio web con una nueva postura sobre el posible v\u00ednculo entre las vacunas y el autismo.<\/p>\n<p class=\"speakable\">El nuevo texto en el sitio de los CDC dice: \u00abLa afirmaci\u00f3n &#8216;las vacunas no causan autismo&#8217; no es una afirmaci\u00f3n basada en evidencia porque los estudios no han descartado la posibilidad de que las vacunas infantiles causen autismo.<\/p>\n<p>\u00abLas autoridades sanitarias han ignorado los estudios que apoyan un v\u00ednculo\u00bb.<\/p>\n<p><strong><u>AUTISMO EN CIFRAS: LOS EXPERTOS COMPARTEN LAS RAZONES DEL DRAM\u00c1TICO AUMENTO DE LOS DIAGN\u00d3STICOS<\/u><\/strong><\/p>\n<p>La agencia se\u00f1al\u00f3 que la afirmaci\u00f3n \u00ablas vacunas no causan autismo\u00bb ha sido \u00abdifundida hist\u00f3ricamente\u00bb por los CDC y otras agencias de salud federales en un esfuerzo por prevenir las dudas sobre las vacunas.<\/p>\n<div class=\"image-ct inline\">\n<div class=\"m\"><picture><source media=\"(max-width: 767px)\" srcset=\"https:\/\/a57.foxnews.com\/static.foxnews.com\/foxnews.com\/content\/uploads\/2025\/06\/343\/192\/ap25156676970821-scaled.jpg?ve=1&amp;tl=1, https:\/\/a57.foxnews.com\/static.foxnews.com\/foxnews.com\/content\/uploads\/2025\/06\/686\/384\/ap25156676970821-scaled.jpg?ve=1&amp;tl=1 2x\" height=\"192\" width=\"343\"><source media=\"(min-width: 768px) and (max-width: 1023px)\" srcset=\"https:\/\/a57.foxnews.com\/static.foxnews.com\/foxnews.com\/content\/uploads\/2025\/06\/672\/378\/ap25156676970821-scaled.jpg?ve=1&amp;tl=1, https:\/\/a57.foxnews.com\/static.foxnews.com\/foxnews.com\/content\/uploads\/2025\/06\/1344\/756\/ap25156676970821-scaled.jpg?ve=1&amp;tl=1 2x\" height=\"378\" width=\"672\"><source media=\"(min-width: 1024px) and (max-width: 1279px)\" srcset=\"https:\/\/a57.foxnews.com\/static.foxnews.com\/foxnews.com\/content\/uploads\/2025\/06\/931\/523\/ap25156676970821-scaled.jpg?ve=1&amp;tl=1, https:\/\/a57.foxnews.com\/static.foxnews.com\/foxnews.com\/content\/uploads\/2025\/06\/1862\/1046\/ap25156676970821-scaled.jpg?ve=1&amp;tl=1 2x\" height=\"523\" width=\"931\"><source media=\"(min-width: 1280px)\" srcset=\"https:\/\/a57.foxnews.com\/static.foxnews.com\/foxnews.com\/content\/uploads\/2025\/06\/720\/405\/ap25156676970821-scaled.jpg?ve=1&amp;tl=1, https:\/\/a57.foxnews.com\/static.foxnews.com\/foxnews.com\/content\/uploads\/2025\/06\/1440\/810\/ap25156676970821-scaled.jpg?ve=1&amp;tl=1 2x\" height=\"405\" width=\"720\"><img loading=\"lazy\" decoding=\"async\" src=\"https:\/\/a57.foxnews.com\/static.foxnews.com\/foxnews.com\/content\/uploads\/2025\/06\/1200\/675\/ap25156676970821-scaled.jpg?ve=1&amp;tl=1\" alt=\"Sede de los CDC en Atlanta\" width=\"1200\" height=\"675\"\/><\/source><\/source><\/source><\/source><\/picture><\/div>\n<div class=\"info\">\n<div class=\"caption\">\n<p><span>Los Centros para el Control y la Prevenci\u00f3n de Enfermedades han actualizado su sitio web con una nueva postura sobre el posible v\u00ednculo entre las vacunas y el autismo.<\/span> <span>(Foto AP\/Jeff Amy, archivo)<\/span><\/p>\n<\/div>\n<\/div>\n<\/div>\n<p>Anteriormente, la p\u00e1gina de los CDC dec\u00eda: \u00abLos estudios han demostrado que no existe un v\u00ednculo entre recibir vacunas y desarrollar un trastorno del espectro autista (TEA)\u00bb.<\/p>\n<p>El Departamento de Salud y Servicios Humanos de EE.UU. (HHS) ha lanzado una \u00abevaluaci\u00f3n integral\u00bb de las posibles causas del autismo, afirm\u00f3 el CDC.<\/p>\n<p><strong>HAGA CLIC AQU\u00cd PARA SUSCRIBIRSE A NUESTRO BOLET\u00cdN DE SALUD<\/strong><\/p>\n<p>Entre ellas se incluyen investigaciones sobre \u00abmecanismos biol\u00f3gicos plausibles y posibles v\u00ednculos causales\u00bb.<\/p>\n<p>El encabezado \u00abLas vacunas no causan autismo\u00bb permanece en la p\u00e1gina, pero va seguido de un asterisco que indica que no se elimin\u00f3 debido a un acuerdo previo y no porque la evidencia lo respalde.<\/p>\n<div class=\"image-ct inline\">\n<div class=\"m\"><picture><source media=\"(max-width: 767px)\" srcset=\"https:\/\/a57.foxnews.com\/static.foxnews.com\/foxnews.com\/content\/uploads\/2025\/11\/343\/192\/child-prepping-for-vaccine.jpg?ve=1&amp;tl=1, https:\/\/a57.foxnews.com\/static.foxnews.com\/foxnews.com\/content\/uploads\/2025\/11\/686\/384\/child-prepping-for-vaccine.jpg?ve=1&amp;tl=1 2x\" height=\"192\" width=\"343\"><source media=\"(min-width: 768px) and (max-width: 1023px)\" srcset=\"https:\/\/a57.foxnews.com\/static.foxnews.com\/foxnews.com\/content\/uploads\/2025\/11\/672\/378\/child-prepping-for-vaccine.jpg?ve=1&amp;tl=1, https:\/\/a57.foxnews.com\/static.foxnews.com\/foxnews.com\/content\/uploads\/2025\/11\/1344\/756\/child-prepping-for-vaccine.jpg?ve=1&amp;tl=1 2x\" height=\"378\" width=\"672\"><source media=\"(min-width: 1024px) and (max-width: 1279px)\" srcset=\"https:\/\/a57.foxnews.com\/static.foxnews.com\/foxnews.com\/content\/uploads\/2025\/11\/931\/523\/child-prepping-for-vaccine.jpg?ve=1&amp;tl=1, https:\/\/a57.foxnews.com\/static.foxnews.com\/foxnews.com\/content\/uploads\/2025\/11\/1862\/1046\/child-prepping-for-vaccine.jpg?ve=1&amp;tl=1 2x\" height=\"523\" width=\"931\"><source media=\"(min-width: 1280px)\" srcset=\"https:\/\/a57.foxnews.com\/static.foxnews.com\/foxnews.com\/content\/uploads\/2025\/11\/720\/405\/child-prepping-for-vaccine.jpg?ve=1&amp;tl=1, https:\/\/a57.foxnews.com\/static.foxnews.com\/foxnews.com\/content\/uploads\/2025\/11\/1440\/810\/child-prepping-for-vaccine.jpg?ve=1&amp;tl=1 2x\" height=\"405\" width=\"720\"><img loading=\"lazy\" decoding=\"async\" src=\"https:\/\/a57.foxnews.com\/static.foxnews.com\/foxnews.com\/content\/uploads\/2025\/11\/1200\/675\/child-prepping-for-vaccine.jpg?ve=1&amp;tl=1\" alt=\"Ni\u00f1o prepar\u00e1ndose para la vacuna en el consultorio del m\u00e9dico\" width=\"1200\" height=\"675\"\/><\/source><\/source><\/source><\/source><\/picture><\/div>\n<div class=\"info\">\n<div class=\"caption\">\n<p><span>La agencia se\u00f1al\u00f3 que la afirmaci\u00f3n \u00ablas vacunas no causan autismo\u00bb ha sido \u00abdifundida hist\u00f3ricamente\u00bb por los CDC y otras agencias de salud federales en un esfuerzo por prevenir las dudas sobre las vacunas.<\/span> <span>(iStock)<\/span><\/p>\n<\/div>\n<\/div>\n<\/div>\n<p>Children&#8217;s Health Defense aplaudi\u00f3 la p\u00e1gina web actualizada de los CDC.<\/p>\n<p>\u00abFinalmente, los CDC est\u00e1n comenzando a reconocer la verdad sobre esta afecci\u00f3n que afecta a millones, repudiando la audaz y antigua mentira de que &#8216;las vacunas no causan autismo'\u00bb, dijo a Fox News Digital Mary Holland, presidenta y directora ejecutiva de Children&#8217;s Health Defense en Nueva Jersey.<\/p>\n<p><strong>HAGA CLIC AQU\u00cd PARA DESCARGAR LA APLICACI\u00d3N FOX NEWS<\/strong><\/p>\n<p>\u00abNing\u00fan estudio ha demostrado jam\u00e1s esta afirmaci\u00f3n irresponsable; por el contrario, muchos estudios se\u00f1alan a las vacunas como la causa principal plausible del autismo. Afortunadamente, el HHS ha iniciado una evaluaci\u00f3n integral de las causas del autismo, incluida una investigaci\u00f3n de los mecanismos biol\u00f3gicos plausibles\u00bb.<\/p>\n<div class=\"image-ct inline\">\n<div class=\"m\"><picture><source media=\"(max-width: 767px)\" srcset=\"https:\/\/a57.foxnews.com\/static.foxnews.com\/foxnews.com\/content\/uploads\/2024\/04\/343\/192\/autism-awareness.jpg?ve=1&amp;tl=1, https:\/\/a57.foxnews.com\/static.foxnews.com\/foxnews.com\/content\/uploads\/2024\/04\/686\/384\/autism-awareness.jpg?ve=1&amp;tl=1 2x\" height=\"192\" width=\"343\"><source media=\"(min-width: 768px) and (max-width: 1023px)\" srcset=\"https:\/\/a57.foxnews.com\/static.foxnews.com\/foxnews.com\/content\/uploads\/2024\/04\/672\/378\/autism-awareness.jpg?ve=1&amp;tl=1, https:\/\/a57.foxnews.com\/static.foxnews.com\/foxnews.com\/content\/uploads\/2024\/04\/1344\/756\/autism-awareness.jpg?ve=1&amp;tl=1 2x\" height=\"378\" width=\"672\"><source media=\"(min-width: 1024px) and (max-width: 1279px)\" srcset=\"https:\/\/a57.foxnews.com\/static.foxnews.com\/foxnews.com\/content\/uploads\/2024\/04\/931\/523\/autism-awareness.jpg?ve=1&amp;tl=1, https:\/\/a57.foxnews.com\/static.foxnews.com\/foxnews.com\/content\/uploads\/2024\/04\/1862\/1046\/autism-awareness.jpg?ve=1&amp;tl=1 2x\" height=\"523\" width=\"931\"><source media=\"(min-width: 1280px)\" srcset=\"https:\/\/a57.foxnews.com\/static.foxnews.com\/foxnews.com\/content\/uploads\/2024\/04\/720\/405\/autism-awareness.jpg?ve=1&amp;tl=1, https:\/\/a57.foxnews.com\/static.foxnews.com\/foxnews.com\/content\/uploads\/2024\/04\/1440\/810\/autism-awareness.jpg?ve=1&amp;tl=1 2x\" height=\"405\" width=\"720\"><img loading=\"lazy\" decoding=\"async\" src=\"https:\/\/a57.foxnews.com\/static.foxnews.com\/foxnews.com\/content\/uploads\/2024\/04\/1200\/675\/autism-awareness.jpg?ve=1&amp;tl=1\" alt=\"Conciencia del autismo\" width=\"1200\" height=\"675\"\/><\/source><\/source><\/source><\/source><\/picture><\/div>\n<div class=\"info\">\n<div class=\"caption\">\n<p><span>Otras organizaciones m\u00e9dicas se han pronunciado en contra de la posibilidad de que las vacunas contribuyan al autismo.<\/span> <span>(iStock)<\/span><\/p>\n<\/div>\n<\/div>\n<\/div>\n<p>Otras organizaciones m\u00e9dicas se han pronunciado en contra de la posibilidad de que las vacunas contribuyan al autismo.<\/p>\n<p><strong>PRUEBA CON NUESTRO \u00daLTIMO QUIZ DE ESTILO DE VIDA<\/strong><\/p>\n<p>\u00abLos estudios no han encontrado repetidamente ning\u00fan v\u00ednculo cre\u00edble entre las vacunas infantiles que salvan vidas y el autismo\u00bb, afirma la Academia Estadounidense de Pediatr\u00eda en su sitio web.<\/p>\n<p>\u00abLos cient\u00edficos est\u00e1n aprendiendo m\u00e1s sobre las posibles causas del autismo todo el tiempo. Una cosa que sabemos con certeza es que las vacunas no son una de las causas. No existe una causa \u00fanica y fundamental del autismo\u00bb.<\/p>\n<p><strong>HAGA CLIC AQU\u00cd PARA M\u00c1S HISTORIAS DE SALUD<\/strong><\/p>\n<p>Los \u00faltimos datos de los CDC muestran que entre los ni\u00f1os de 8 a\u00f1os (nacidos en 2014), aproximadamente uno de cada 31 (3,2%) fue identificado con un trastorno del espectro autista. En 2000, aproximadamente uno de cada 150 (0,67%) ni\u00f1os fue diagnosticado.<\/p>\n<p>Fox News Digital se acerc\u00f3 a los m\u00e9dicos y al HHS solicitando comentarios.<\/p>\n<p> <!----> <\/p>\n<div class=\"article-meta\">\n<div class=\"author-bio\">\n<p>Melissa Rudy es editora senior de salud y miembro del equipo de estilo de vida de Fox News Digital. Se pueden enviar consejos sobre historias a melissa.rudy@fox.com.<\/p>\n<\/div>\n<\/div>\n<\/div>\n\n","protected":false},"excerpt":{"rendered":"<p>El secretario del HHS, Kennedy, se retracta de la afirmaci\u00f3n de Tylenol sobre el autismo El Dr. Marc Siegel, analista m\u00e9dico senior de Fox News, dice que \u00abmenos es m\u00e1s\u00bb en t\u00e9rminos de medicina para mujeres embarazadas y enfatiza lo crucial que es consultar a su obstetra antes de tomar decisiones m\u00e9dicas en \u00abFox Report\u00bb. &hellip;<\/p>\n","protected":false},"author":1,"featured_media":50751,"comment_status":"open","ping_status":"open","sticky":false,"template":"","format":"standard","meta":{"fifu_image_url":"https:\/\/a57.foxnews.com\/static.foxnews.com\/foxnews.com\/content\/uploads\/2025\/06\/1200\/675\/ap25156676970821-scaled.jpg?ve=1&tl=1","fifu_image_alt":"","footnotes":""},"categories":[8],"tags":[],"class_list":["post-50749","post","type-post","status-publish","format-standard","has-post-thumbnail","","category-salud"],"_links":{"self":[{"href":"https:\/\/noticiasveraces.com\/index.php?rest_route=\/wp\/v2\/posts\/50749","targetHints":{"allow":["GET"]}}],"collection":[{"href":"https:\/\/noticiasveraces.com\/index.php?rest_route=\/wp\/v2\/posts"}],"about":[{"href":"https:\/\/noticiasveraces.com\/index.php?rest_route=\/wp\/v2\/types\/post"}],"author":[{"embeddable":true,"href":"https:\/\/noticiasveraces.com\/index.php?rest_route=\/wp\/v2\/users\/1"}],"replies":[{"embeddable":true,"href":"https:\/\/noticiasveraces.com\/index.php?rest_route=%2Fwp%2Fv2%2Fcomments&post=50749"}],"version-history":[{"count":0,"href":"https:\/\/noticiasveraces.com\/index.php?rest_route=\/wp\/v2\/posts\/50749\/revisions"}],"wp:featuredmedia":[{"embeddable":true,"href":"https:\/\/noticiasveraces.com\/index.php?rest_route=\/wp\/v2\/media\/50751"}],"wp:attachment":[{"href":"https:\/\/noticiasveraces.com\/index.php?rest_route=%2Fwp%2Fv2%2Fmedia&parent=50749"}],"wp:term":[{"taxonomy":"category","embeddable":true,"href":"https:\/\/noticiasveraces.com\/index.php?rest_route=%2Fwp%2Fv2%2Fcategories&post=50749"},{"taxonomy":"post_tag","embeddable":true,"href":"https:\/\/noticiasveraces.com\/index.php?rest_route=%2Fwp%2Fv2%2Ftags&post=50749"}],"curies":[{"name":"wp","href":"https:\/\/api.w.org\/{rel}","templated":true}]}}