{"id":50745,"date":"2025-11-20T22:24:49","date_gmt":"2025-11-21T02:24:49","guid":{"rendered":"https:\/\/noticiasveraces.com\/?p=50745"},"modified":"2025-11-20T22:24:49","modified_gmt":"2025-11-21T02:24:49","slug":"un-incendio-obliga-a-suspender-y-desalojar-la-cumbre-del-clima-de-brasil-clima-y-medio-ambiente","status":"publish","type":"post","link":"https:\/\/noticiasveraces.com\/?p=50745","title":{"rendered":"Un incendio obliga a suspender y desalojar la cumbre del clima de Brasil | Clima y Medio Ambiente"},"content":{"rendered":"<p> \n<\/p>\n<div data-dtm-region=\"articulo_cuerpo\">\n<p class=\"\">La cumbre del clima COP30 que tiene lugar en Bel\u00e9m (Brasil) ha tenido que ser paralizada por un incendio. Alrededor de las 14.00, hora local (las seis de la tarde en la Espa\u00f1a peninsular), los organizadores han empezado a desalojar a miles de asistentes por un fuego desatado en la zona de pabellones \u2015muy cerca del de Espa\u00f1a\u2015 que ha dejado un fuerte olor a quemado y 21 personas que han tenido que ser atendidas, seg\u00fan la \u00faltima actualizaci\u00f3n realizada por el Ministerio de Salud. Ninguna de esas personas ha resultado herida por llamas. 19 han sido atendidas por inhalaci\u00f3n de humo y dos por crisis de ansiedad. Del total de afectados, la tarde de este jueves 12 ya hab\u00edan sido dados de alta. <\/p>\n<p class=\"\">La presidencia de la cumbre, que est\u00e1 en manos de Brasil, ha asegurado que \u201cel departamento de bomberos y los agentes de seguridad de la ONU respondieron con rapidez y el incendio fue controlado en aproximadamente seis minutos\u201d, aunque dej\u00f3 im\u00e1genes muy llamativas que han corrido entre los m\u00f3viles de los asistentes y en las redes sociales. Finalmente, las instalaciones se han reabierto sobre las 20.40, casi siete horas despu\u00e9s del siniestro, para que contin\u00faen las negociaciones.<\/p>\n<p class=\"\">El origen del fuego ha estado en el pabell\u00f3n de India, en la denominada zona azul, que es responsabilidad de la ONU, y los bomberos barajan la teor\u00eda de que ha podido ser causado por una sobrecarga. Poco despu\u00e9s del incidente, el ministro de Turismo, Celso Sabino, ha asegurado a la prensa todo estaba bajo control: \u201cLo importante es que nadie result\u00f3 lastimado\u201d.<\/p>\n<div id=\"gallery-summary-56\" class=\"gallery-summary-container\">\n<div class=\"gal__figs-scl\">\n<div class=\"a_gl\">\n<figure class=\"a_m _pr gallery-photo-1 gallery-slider__photo _dn first a_m-h \"><span class=\"a_m_w _db\"><img fetchpriority=\"high\" decoding=\"auto\" class=\"_re  a_m-h\" height=\"276\" srcset=\"https:\/\/imagenes.elpais.com\/resizer\/v2\/U3ELBDJ5V5KMFNM47JFKH6FKBQ.jpg?auth=8f8a71930f78d078b50a5ddca1ddecb1abc62a2d6980edcb5bc5015c423f5945&amp;width=414 414w,https:\/\/imagenes.elpais.com\/resizer\/v2\/U3ELBDJ5V5KMFNM47JFKH6FKBQ.jpg?auth=8f8a71930f78d078b50a5ddca1ddecb1abc62a2d6980edcb5bc5015c423f5945&amp;width=828 828w\" width=\"414\" src=\"https:\/\/imagenes.elpais.com\/resizer\/v2\/U3ELBDJ5V5KMFNM47JFKH6FKBQ.jpg?auth=8f8a71930f78d078b50a5ddca1ddecb1abc62a2d6980edcb5bc5015c423f5945&amp;width=414\" loading=\"eager\"\/><\/span><figcaption class=\"a_m_p\" aria-hidden=\"true\"><span>Estructura de la COP30 quemada este jueves.<\/span><span class=\"a_m_m\">Adriano Machado (REUTERS)<\/span><\/figcaption><\/figure>\n<figure class=\"a_m _pr gallery-photo-2 gallery-slider__photo _dn a_m-h \"><span class=\"a_m_w _db\"><img decoding=\"auto\" class=\"_re lazyload a_m-h\" height=\"276\" srcset=\"https:\/\/imagenes.elpais.com\/resizer\/v2\/KH2L3DI5HBPEROQUGUK6V7G3QA.jpg?auth=20b50e2f204b29535b81dcceb71bf634d6b84987f6c705df2ff786786169a0f5&amp;width=414 414w,https:\/\/imagenes.elpais.com\/resizer\/v2\/KH2L3DI5HBPEROQUGUK6V7G3QA.jpg?auth=20b50e2f204b29535b81dcceb71bf634d6b84987f6c705df2ff786786169a0f5&amp;width=828 828w\" width=\"414\" src=\"https:\/\/imagenes.elpais.com\/resizer\/v2\/KH2L3DI5HBPEROQUGUK6V7G3QA.jpg?auth=20b50e2f204b29535b81dcceb71bf634d6b84987f6c705df2ff786786169a0f5&amp;width=414\" loading=\"lazy\"\/><\/span><figcaption class=\"a_m_p\" aria-hidden=\"true\"><span>Autoridades evacuan la zona de negociaciones de la COP30 este jueves, en Bel\u00e9m (Brasil).<\/span><span class=\"a_m_m\">Pau Ram\u00edrez (EFE)<\/span><\/figcaption><\/figure>\n<figure class=\"a_m _pr gallery-photo-3 gallery-slider__photo _dn a_m-h \"><span class=\"a_m_w _db\"><img decoding=\"auto\" class=\"_re lazyload a_m-h\" height=\"277\" srcset=\"https:\/\/imagenes.elpais.com\/resizer\/v2\/NAWDC4DQZVPQ3BT5HVG5TVOX3Q.jpg?auth=3ed2ac60b55de629504b16c43b664c59999a55c34592abfbaf8b5c1ac030b32a&amp;width=414 414w,https:\/\/imagenes.elpais.com\/resizer\/v2\/NAWDC4DQZVPQ3BT5HVG5TVOX3Q.jpg?auth=3ed2ac60b55de629504b16c43b664c59999a55c34592abfbaf8b5c1ac030b32a&amp;width=828 828w\" width=\"414\" src=\"https:\/\/imagenes.elpais.com\/resizer\/v2\/NAWDC4DQZVPQ3BT5HVG5TVOX3Q.jpg?auth=3ed2ac60b55de629504b16c43b664c59999a55c34592abfbaf8b5c1ac030b32a&amp;width=414\" loading=\"lazy\"\/><\/span><figcaption class=\"a_m_p\" aria-hidden=\"true\"><span>Un elemento de seguridad da indicaciones a los asistentes a la reuni\u00f3n clim\u00e1tica en Brasil.<\/span><span class=\"a_m_m\">Fernando Llano (AP)<\/span><\/figcaption><\/figure>\n<figure class=\"a_m _pr gallery-photo-4 gallery-slider__photo _dn a_m-h \"><span class=\"a_m_w _db\"><img decoding=\"auto\" class=\"_re lazyload a_m-h\" height=\"276\" srcset=\"https:\/\/imagenes.elpais.com\/resizer\/v2\/K3VPBQ3NTBNLPGUIYNJ63AGXDY.jpg?auth=1dd21263942af98bd4cde8e9564a2a165728dd5898ff8055b7a4838326635e82&amp;width=414 414w,https:\/\/imagenes.elpais.com\/resizer\/v2\/K3VPBQ3NTBNLPGUIYNJ63AGXDY.jpg?auth=1dd21263942af98bd4cde8e9564a2a165728dd5898ff8055b7a4838326635e82&amp;width=828 828w\" width=\"414\" src=\"https:\/\/imagenes.elpais.com\/resizer\/v2\/K3VPBQ3NTBNLPGUIYNJ63AGXDY.jpg?auth=1dd21263942af98bd4cde8e9564a2a165728dd5898ff8055b7a4838326635e82&amp;width=414\" loading=\"lazy\"\/><\/span><figcaption class=\"a_m_p\" aria-hidden=\"true\"><span>Un bombero es asistido para retirar una lona durante el incendio en la COP30.<\/span><span class=\"a_m_m\">Adriano Machado (REUTERS)<\/span><\/figcaption><\/figure>\n<\/div>\n<\/div>\n<\/div>\n<p class=\"\">\u201cEl Gobierno brasile\u00f1o y la Convenci\u00f3n Marco de Naciones Unidas para el Cambio Clim\u00e1tico han decidido conjuntamente cerrar temporalmente la zona azul mientras el departamento de bomberos realiza una evaluaci\u00f3n integral de seguridad\u201d, ha asegurado la presidencia brasile\u00f1a de la COP30. La reapertura, una vez que se ha certificado que era seguro, se ha producido a las 20.40 y los delegados de los casi 200 pa\u00edses que negocian en estas citas han vuelto a la reuniones para tratar de cerrar un complicado acuerdo. Lo que s\u00ed ha anunciado la ONU es que no se celebrar\u00e1 ning\u00fan plenario, donde se adoptan los acuerdos, hasta al menos la ma\u00f1ana viernes. <\/p>\n<p class=\"\">Los equipos de bomberos que han llegado hasta las instalaciones \u2015que se han quedado a oscuras y sin electricidad\u2015 de las primeras medidas que han tomado ha sido abrir las carpas y romperlas para que dejar salir el humo que se hab\u00eda acumulado. <\/p>\n<p class=\"\">Los miles de asistentes a la cumbre han permanecido fuera a la espera de que se decida si se puede volver a entrar durante un tiempo, hasta que desde la organizaci\u00f3n se ha aclarado que no se volver\u00eda a dejar entrar a nadie hasta la noche. Una queja repetida es que no haya sonado ning\u00fan tipo de se\u00f1al de alerta para desalojar cuando se ha producido el fuego, sino que hayan sido los propios asistentes los que se han ido avisando principalmente.<\/p>\n<p class=\"\">Tras ser desalojados la delegaci\u00f3n espa\u00f1ola, con la vicepresidenta Sara Aagesen, se ha reunido a las afueras de la cumbre. Todos sus miembros se encuentran bien, y se han marchado a la espera de saber cu\u00e1ndo pueden regresar a la COP.<\/p>\n<p class=\"\">La semana pasada la ONU envi\u00f3 una carta al Gobierno brasile\u00f1o para reclamar un plan para mejorar la seguridad y la infraestructura de la cumbre. La misiva, firmada por Simon Stiell, la principal autoridad de Naciones Unidas en lo que ata\u00f1e al clima, fue enviada despu\u00e9s de que un grupo de ind\u00edgenas entrara por la fuerza en la zona reservada a las negociaciones. La ONU critic\u00f3 la fragilidad del cord\u00f3n de seguridad, los fallos del aire acondicionado y la inundaci\u00f3n de los pabellones por las lluvias.<\/p>\n<p class=\"\">El fuego se ha producido en plenas negociaciones para el impulso de una hoja de ruta para dejar atr\u00e1s el petr\u00f3leo, el gas y el carb\u00f3n, principales responsables del cambio clim\u00e1tico. Impulsada por el presidente brasile\u00f1o, Luiz In\u00e1cio Lula da Silva, la iniciativa es apoyada por unos 80 pa\u00edses, pero tiene la oposici\u00f3n frontal de otros gobiernos que dificultan su aprobaci\u00f3n. <\/p>\n<\/div>\n\n","protected":false},"excerpt":{"rendered":"<p>La cumbre del clima COP30 que tiene lugar en Bel\u00e9m (Brasil) ha tenido que ser paralizada por un incendio. Alrededor de las 14.00, hora local (las seis de la tarde en la Espa\u00f1a peninsular), los organizadores han empezado a desalojar a miles de asistentes por un fuego desatado en la zona de pabellones \u2015muy cerca &hellip;<\/p>\n","protected":false},"author":1,"featured_media":50746,"comment_status":"open","ping_status":"open","sticky":false,"template":"","format":"standard","meta":{"fifu_image_url":"https:\/\/imagenes.elpais.com\/resizer\/v2\/5GDAFQT36ZHNLKSZ5EEISJPZC4.jpg?auth=b682b134b79629e31b3096639961685f18dd604939b3fb45e5781759382d6dbd&width=1200","fifu_image_alt":"","footnotes":""},"categories":[11],"tags":[],"class_list":["post-50745","post","type-post","status-publish","format-standard","has-post-thumbnail","","category-viaje"],"_links":{"self":[{"href":"https:\/\/noticiasveraces.com\/index.php?rest_route=\/wp\/v2\/posts\/50745","targetHints":{"allow":["GET"]}}],"collection":[{"href":"https:\/\/noticiasveraces.com\/index.php?rest_route=\/wp\/v2\/posts"}],"about":[{"href":"https:\/\/noticiasveraces.com\/index.php?rest_route=\/wp\/v2\/types\/post"}],"author":[{"embeddable":true,"href":"https:\/\/noticiasveraces.com\/index.php?rest_route=\/wp\/v2\/users\/1"}],"replies":[{"embeddable":true,"href":"https:\/\/noticiasveraces.com\/index.php?rest_route=%2Fwp%2Fv2%2Fcomments&post=50745"}],"version-history":[{"count":0,"href":"https:\/\/noticiasveraces.com\/index.php?rest_route=\/wp\/v2\/posts\/50745\/revisions"}],"wp:featuredmedia":[{"embeddable":true,"href":"https:\/\/noticiasveraces.com\/index.php?rest_route=\/wp\/v2\/media\/50746"}],"wp:attachment":[{"href":"https:\/\/noticiasveraces.com\/index.php?rest_route=%2Fwp%2Fv2%2Fmedia&parent=50745"}],"wp:term":[{"taxonomy":"category","embeddable":true,"href":"https:\/\/noticiasveraces.com\/index.php?rest_route=%2Fwp%2Fv2%2Fcategories&post=50745"},{"taxonomy":"post_tag","embeddable":true,"href":"https:\/\/noticiasveraces.com\/index.php?rest_route=%2Fwp%2Fv2%2Ftags&post=50745"}],"curies":[{"name":"wp","href":"https:\/\/api.w.org\/{rel}","templated":true}]}}