{"id":50715,"date":"2025-11-20T18:29:47","date_gmt":"2025-11-20T22:29:47","guid":{"rendered":"https:\/\/noticiasveraces.com\/?p=50715"},"modified":"2025-11-20T18:29:47","modified_gmt":"2025-11-20T22:29:47","slug":"el-inter-miami-inaugurara-su-nuevo-estadio-el-4-de-abril-de-2026-frente-al-austin","status":"publish","type":"post","link":"https:\/\/noticiasveraces.com\/?p=50715","title":{"rendered":"El Inter Miami inaugurar\u00e1 su nuevo estadio el 4 de abril de 2026 frente al Austin"},"content":{"rendered":"<p> \n<\/p>\n<div>\n<p data-mrf-recirculation=\"Links P\u00e1rrafos\" class=\"ue-c-article__paragraph paragraph ue-c-article--first-letter-highlighted\">El Inter Miami disputar\u00e1 el pr\u00f3ximo 4 de abril el primer partido oficial en su nuevo estadio, el <strong>Parque de la Libertad de Miami<\/strong>contra el Austin, inform\u00f3 la <strong>MLS <\/strong>al publicar el calendario oficial de la pr\u00f3xima temporada.<\/p>\n<p data-mrf-recirculation=\"Links P\u00e1rrafos\" class=\"ue-c-article__paragraph paragraph\">El Inter Miami debutar\u00e1 el 21 de febrero a domicilio contra el LAFC del surcoreano Heung-min Son y disputar\u00e1 los cuatro partidos siguientes como visitante para dar tiempo suficiente para que terminen las obras de su nuevo hogar.<\/p>\n<p data-mrf-recirculation=\"Links P\u00e1rrafos\" class=\"ue-c-article__paragraph paragraph\">El equipo capitaneado por <strong>Messi <\/strong>cerrar\u00e1 la temporada en casa contra el <strong>charlotte <\/strong>FC el 7 de noviembre. Esta \u00faltima jornada es conocida como &#8216;Decision Day&#8217; (dl d\u00eda de la decisi\u00f3n), y en ella los equipos de cada conferencia juegan de forma simultanea para definir los \u00faltimos cambios en la clasificaci\u00f3n antes de los &#8216;playoffs&#8217;.<\/p>\n<p data-mrf-recirculation=\"Links P\u00e1rrafos\" class=\"ue-c-article__paragraph paragraph\">El <strong>Parque de la Libertad de Miami<\/strong> remplazar\u00e1 al Chase Stadium como hogar del Inter Miami. Este \u00faltimo fue un estadio que fue construido de manera temporal en 2020 para albergar los partidos de &#8216;Las Garzas&#8217; y se encuentra a la ciudad lindante de Fort Lauderdale.<\/p>\n<p data-mrf-recirculation=\"Links P\u00e1rrafos\" class=\"ue-c-article__paragraph paragraph\">La construcci\u00f3n del nuevo estadio comenz\u00f3 en agosto de 2023 y la ubicaci\u00f3n elegida fue un terreno pr\u00f3ximo al Aeropuerto Internacional de Miami, cerca del centro de la ciudad.<\/p>\n<p data-mrf-recirculation=\"Links P\u00e1rrafos\" class=\"ue-c-article__paragraph paragraph\">La pr\u00f3xima temporada de la <strong>MLS <\/strong>ser\u00e1 la \u00faltima antes de que el calendario se alinee con las ligas europeas. Hasta ahora, la MLS se disputaba durante el a\u00f1o natural en lugar de entre verano y primavera, como sucede mayoritariamente en <strong>europa<\/strong>.<\/p>\n<p data-mrf-recirculation=\"Links P\u00e1rrafos\" class=\"ue-c-article__paragraph paragraph\">Esto le obligar\u00e1 a detenerse entre el 25 de mayo y el 16 de julio por la disputa del Mundial 2026, que acoger\u00e1n Canad\u00e1, Estados Unidos y M\u00e9xico del 11 de junio al 19 de julio.<\/p>\n<h2 class=\"ue-c-article__subheadline\">Partido de las Estrellas<\/h2>\n<p data-mrf-recirculation=\"Links P\u00e1rrafos\" class=\"ue-c-article__paragraph paragraph\">Otra fecha se\u00f1alada ser\u00e1 el &#8216;Partido de las Estrellas&#8217;, que se disputar\u00e1 el 29 de julio en el Bank of America Stadium de la ciudad de Charlotte.<\/p>\n<p data-mrf-recirculation=\"Links P\u00e1rrafos\" class=\"ue-c-article__paragraph paragraph\">Cada equipo jugar\u00e1 34 partidos en la temporada 2026, 28 contra rivales de su misma conferencia y 6 contra equipos de la conferencia opuesta.<\/p>\n<p data-mrf-recirculation=\"Links P\u00e1rrafos\" class=\"ue-c-article__paragraph paragraph\">Los &#8216;playoffs&#8217; se disputar\u00e1n como es habitual en noviembre, aunque todav\u00eda se desconocen las fechas exactas.<\/p>\n<p data-mrf-recirculation=\"Links P\u00e1rrafos\" class=\"ue-c-article__paragraph paragraph\">La <strong>MLS <\/strong>todav\u00eda no ha coronado a un campe\u00f3n este a\u00f1o. Este fin de semana se disputan las semifinales de conferencia, mientras que la final de conferencia est\u00e1 programada para el 29 y 30 de noviembre y la final de la <strong>Copa MLS<\/strong> est\u00e1 fijada el 6 de diciembre.<\/p>\n<\/div>\n\n","protected":false},"excerpt":{"rendered":"<p>El Inter Miami disputar\u00e1 el pr\u00f3ximo 4 de abril el primer partido oficial en su nuevo estadio, el Parque de la Libertad de Miamicontra el Austin, inform\u00f3 la MLS al publicar el calendario oficial de la pr\u00f3xima temporada. El Inter Miami debutar\u00e1 el 21 de febrero a domicilio contra el LAFC del surcoreano Heung-min Son &hellip;<\/p>\n","protected":false},"author":1,"featured_media":50716,"comment_status":"open","ping_status":"open","sticky":false,"template":"","format":"standard","meta":{"fifu_image_url":"https:\/\/objetos-xlk.estaticos-marca.com\/files\/article_main_microformat\/uploads\/2025\/11\/20\/691f84feac68b.jpeg","fifu_image_alt":"","footnotes":""},"categories":[6],"tags":[],"class_list":["post-50715","post","type-post","status-publish","format-standard","has-post-thumbnail","","category-deportes"],"_links":{"self":[{"href":"https:\/\/noticiasveraces.com\/index.php?rest_route=\/wp\/v2\/posts\/50715","targetHints":{"allow":["GET"]}}],"collection":[{"href":"https:\/\/noticiasveraces.com\/index.php?rest_route=\/wp\/v2\/posts"}],"about":[{"href":"https:\/\/noticiasveraces.com\/index.php?rest_route=\/wp\/v2\/types\/post"}],"author":[{"embeddable":true,"href":"https:\/\/noticiasveraces.com\/index.php?rest_route=\/wp\/v2\/users\/1"}],"replies":[{"embeddable":true,"href":"https:\/\/noticiasveraces.com\/index.php?rest_route=%2Fwp%2Fv2%2Fcomments&post=50715"}],"version-history":[{"count":0,"href":"https:\/\/noticiasveraces.com\/index.php?rest_route=\/wp\/v2\/posts\/50715\/revisions"}],"wp:featuredmedia":[{"embeddable":true,"href":"https:\/\/noticiasveraces.com\/index.php?rest_route=\/wp\/v2\/media\/50716"}],"wp:attachment":[{"href":"https:\/\/noticiasveraces.com\/index.php?rest_route=%2Fwp%2Fv2%2Fmedia&parent=50715"}],"wp:term":[{"taxonomy":"category","embeddable":true,"href":"https:\/\/noticiasveraces.com\/index.php?rest_route=%2Fwp%2Fv2%2Fcategories&post=50715"},{"taxonomy":"post_tag","embeddable":true,"href":"https:\/\/noticiasveraces.com\/index.php?rest_route=%2Fwp%2Fv2%2Ftags&post=50715"}],"curies":[{"name":"wp","href":"https:\/\/api.w.org\/{rel}","templated":true}]}}