{"id":50684,"date":"2025-11-20T11:36:58","date_gmt":"2025-11-20T15:36:58","guid":{"rendered":"https:\/\/noticiasveraces.com\/?p=50684"},"modified":"2025-11-20T11:36:58","modified_gmt":"2025-11-20T15:36:58","slug":"netanyahu-respalda-ley-de-pena-de-muerte-para-terroristas-tras-liberacion-de-rehenes","status":"publish","type":"post","link":"https:\/\/noticiasveraces.com\/?p=50684","title":{"rendered":"Netanyahu respalda ley de pena de muerte para terroristas tras liberaci\u00f3n de rehenes"},"content":{"rendered":"<p> \n<\/p>\n<div>\n<div id=\"beyondwords-wrapper\" class=\"beyondwords-wrapper\">\n<p><span class=\"label-bg\">NUEVO<\/span>\u00a1Ahora puedes escuchar los art\u00edculos de Fox News!\n  <\/p>\n<\/div>\n<p class=\"speakable\">Un controvertido proyecto de ley que propone la pena de muerte para los terroristas palestinos (respaldado por el Primer Ministro Benjam\u00edn Netanyahu) ha provocado un intenso debate p\u00fablico y pol\u00edtico. <\/p>\n<p class=\"speakable\">Si bien Netanyahu inicialmente se abstuvo de apoyar p\u00fablicamente la legislaci\u00f3n, supuestamente por temor a que pudiera afectar a los rehenes retenidos en Gaza, desde entonces su portavoz ha confirmado su respaldo.<\/p>\n<p>\u00abEn cuanto al proyecto de ley sobre la pena de muerte, se sabe que el Primer Ministro lo apoya, por supuesto, como un castigo despu\u00e9s de un juicio justo en nuestro sistema judicial. Cualquiera que da\u00f1e al Estado de Israel y a sus ciudadanos enfrentar\u00e1 consecuencias\u00bb, dijo Shosh Bedrosian, portavoz de los medios extranjeros en la Oficina del Primer Ministro.<\/p>\n<p><strong>LA CAMPA\u00d1A ENCUBIERTA DE ISRAEL Apunta A LOS TERRORISTAS DE HAMAS DETR\u00c1S DE LA MASACRE DEL 7 DE OCTUBRE<\/strong><\/p>\n<div class=\"image-ct inline\">\n<div class=\"m\"><picture><source media=\"(max-width: 767px)\" srcset=\"https:\/\/a57.foxnews.com\/static.foxnews.com\/foxnews.com\/content\/uploads\/2023\/11\/343\/192\/AP23306411843646.jpg?ve=1&amp;tl=1, https:\/\/a57.foxnews.com\/static.foxnews.com\/foxnews.com\/content\/uploads\/2023\/11\/686\/384\/AP23306411843646.jpg?ve=1&amp;tl=1 2x\" height=\"192\" width=\"343\"><source media=\"(min-width: 768px) and (max-width: 1023px)\" srcset=\"https:\/\/a57.foxnews.com\/static.foxnews.com\/foxnews.com\/content\/uploads\/2023\/11\/672\/378\/AP23306411843646.jpg?ve=1&amp;tl=1, https:\/\/a57.foxnews.com\/static.foxnews.com\/foxnews.com\/content\/uploads\/2023\/11\/1344\/756\/AP23306411843646.jpg?ve=1&amp;tl=1 2x\" height=\"378\" width=\"672\"><source media=\"(min-width: 1024px) and (max-width: 1279px)\" srcset=\"https:\/\/a57.foxnews.com\/static.foxnews.com\/foxnews.com\/content\/uploads\/2023\/11\/931\/523\/AP23306411843646.jpg?ve=1&amp;tl=1, https:\/\/a57.foxnews.com\/static.foxnews.com\/foxnews.com\/content\/uploads\/2023\/11\/1862\/1046\/AP23306411843646.jpg?ve=1&amp;tl=1 2x\" height=\"523\" width=\"931\"><source media=\"(min-width: 1280px)\" srcset=\"https:\/\/a57.foxnews.com\/static.foxnews.com\/foxnews.com\/content\/uploads\/2023\/11\/720\/405\/AP23306411843646.jpg?ve=1&amp;tl=1, https:\/\/a57.foxnews.com\/static.foxnews.com\/foxnews.com\/content\/uploads\/2023\/11\/1440\/810\/AP23306411843646.jpg?ve=1&amp;tl=1 2x\" height=\"405\" width=\"720\"><img loading=\"lazy\" decoding=\"async\" src=\"https:\/\/a57.foxnews.com\/static.foxnews.com\/foxnews.com\/content\/uploads\/2023\/11\/1200\/675\/AP23306411843646.jpg?ve=1&amp;tl=1\" alt=\"Reuni\u00f3n informativa sobre Netanyahu\" width=\"1200\" height=\"675\"\/><\/source><\/source><\/source><\/source><\/picture><\/div>\n<div class=\"info\">\n<div class=\"caption\">\n<p><span>El primer ministro Benjam\u00edn Netanyahu asiste a una conferencia de prensa en la base militar de Kirya en Tel Aviv, Israel, el 28 de octubre de 2023.<\/span> <span>(Abir Sultan\/Foto de piscina v\u00eda AP)<\/span><\/p>\n<\/div>\n<\/div>\n<\/div>\n<p>El legislador de la coalici\u00f3n y patrocinador del proyecto de ley, Limor Son Har-Melech, dijo a Fox News Digital: \u00abAunque la ley a\u00fan no est\u00e1 completamente redactada, queremos abordar el fen\u00f3meno de los ataques terroristas contra ciudadanos israel\u00edes y, por lo tanto, sobre los principios b\u00e1sicos, hemos determinado que la ley se aplicar\u00e1 a quienes lleven a cabo ataques terroristas contra ciudadanos del Estado de Israel\u00bb. El partido de Har-Melech, Otzma Yehudit, ha impulsado el proyecto de ley.<\/p>\n<p>Un documento que describe los principios b\u00e1sicos de la ley establece que la pena \u00abser\u00e1 impuesta por mayor\u00eda simple sin discreci\u00f3n, sin posibilidad de modificar el tipo de pena, sin posibilidad de mitigar la pena mediante oferta de trato o mediante indulto (sujeto a la ley vigente)\u00bb.<\/p>\n<p>Para evitar retrasos, el documento a\u00f1ade que la ejecuci\u00f3n \u00abse llevar\u00e1 a cabo en un plazo de 90 d\u00edas\u00bb y que ser\u00e1 administrada por el Servicio Penitenciario \u00abmediante una inyecci\u00f3n de veneno\u00bb.<\/p>\n<div class=\"image-ct inline\">\n<div class=\"m\"><picture><source media=\"(max-width: 767px)\" srcset=\"https:\/\/a57.foxnews.com\/static.foxnews.com\/foxnews.com\/content\/uploads\/2025\/01\/343\/192\/hamas-3.jpeg?ve=1&amp;tl=1, https:\/\/a57.foxnews.com\/static.foxnews.com\/foxnews.com\/content\/uploads\/2025\/01\/686\/384\/hamas-3.jpeg?ve=1&amp;tl=1 2x\" height=\"192\" width=\"343\"><source media=\"(min-width: 768px) and (max-width: 1023px)\" srcset=\"https:\/\/a57.foxnews.com\/static.foxnews.com\/foxnews.com\/content\/uploads\/2025\/01\/672\/378\/hamas-3.jpeg?ve=1&amp;tl=1, https:\/\/a57.foxnews.com\/static.foxnews.com\/foxnews.com\/content\/uploads\/2025\/01\/1344\/756\/hamas-3.jpeg?ve=1&amp;tl=1 2x\" height=\"378\" width=\"672\"><source media=\"(min-width: 1024px) and (max-width: 1279px)\" srcset=\"https:\/\/a57.foxnews.com\/static.foxnews.com\/foxnews.com\/content\/uploads\/2025\/01\/931\/523\/hamas-3.jpeg?ve=1&amp;tl=1, https:\/\/a57.foxnews.com\/static.foxnews.com\/foxnews.com\/content\/uploads\/2025\/01\/1862\/1046\/hamas-3.jpeg?ve=1&amp;tl=1 2x\" height=\"523\" width=\"931\"><source media=\"(min-width: 1280px)\" srcset=\"https:\/\/a57.foxnews.com\/static.foxnews.com\/foxnews.com\/content\/uploads\/2025\/01\/720\/405\/hamas-3.jpeg?ve=1&amp;tl=1, https:\/\/a57.foxnews.com\/static.foxnews.com\/foxnews.com\/content\/uploads\/2025\/01\/1440\/810\/hamas-3.jpeg?ve=1&amp;tl=1 2x\" height=\"405\" width=\"720\"><img loading=\"lazy\" decoding=\"async\" src=\"https:\/\/a57.foxnews.com\/static.foxnews.com\/foxnews.com\/content\/uploads\/2025\/01\/1200\/675\/hamas-3.jpeg?ve=1&amp;tl=1\" alt=\"Terroristas en Gaza\" width=\"1200\" height=\"675\"\/><\/source><\/source><\/source><\/source><\/picture><\/div>\n<div class=\"info\">\n<div class=\"caption\">\n<p><span>Terroristas en la ciudad de Deir al-Balah, en el centro de Gaza, celebran el alto el fuego el 19 de enero de 2025.<\/span> <span>(TPS-IL)<\/span><\/p>\n<\/div>\n<\/div>\n<\/div>\n<p>El documento destaca el efecto disuasorio previsto por el proyecto de ley, se\u00f1alando que Israel ha sido blanco repetidamente de grupos terroristas que buscan secuestrar israel\u00edes para intercambios de prisioneros. Un acuerdo de 2011, por ejemplo, liber\u00f3 a 1.027 prisioneros palestinos a cambio del soldado de las FDI Gilad Shalit, que fue secuestrado en 2005. El jefe asesinado de Ham\u00e1s, Yahya Sinwar, ampliamente considerado como el arquitecto de la masacre del 7 de octubre, estuvo entre los liberados en ese intercambio.<\/p>\n<p>Itamar Ben-Gvir, ministro de seguridad nacional israel\u00ed y jefe del Partido Otzma Yehudit, dijo a Fox News Digital: \u00abLa ley de pena de muerte para los terroristas es necesaria y extremadamente importante. Quien viol\u00f3 a nuestras hijas, asesin\u00f3 a nuestros mayores o masacr\u00f3 a nuestros ni\u00f1os no tiene derecho a existir, no tiene derecho a respirar aire ni un solo segundo. Su sentencia es una: ponerlo en la horca\u00bb.<\/p>\n<p>A\u00f1adi\u00f3: \u00abEsta ley es moral y \u00e9tica, y env\u00eda un mensaje muy claro a nuestros enemigos: no se metan con nosotros. Continuar\u00e9 impulsando esta ley con todas mis fuerzas. No cejar\u00e9 hasta que la aprobemos, si Dios quiere\u00bb.<\/p>\n<p><strong>EL COFUNDADOR DE HAMAS FALLA DESPU\u00c9S DE SER INTERROGADO EL OCTUBRE. 7 CONSECUENCIAS: &#8216;VETE AL INFIERNO&#8217;<\/strong><\/p>\n<div class=\"image-ct inline\">\n<div class=\"m\"><picture><source media=\"(max-width: 767px)\" srcset=\"https:\/\/a57.foxnews.com\/static.foxnews.com\/foxnews.com\/content\/uploads\/2023\/10\/343\/192\/Hamas-fighter-3.jpg?ve=1&amp;tl=1, https:\/\/a57.foxnews.com\/static.foxnews.com\/foxnews.com\/content\/uploads\/2023\/10\/686\/384\/Hamas-fighter-3.jpg?ve=1&amp;tl=1 2x\" height=\"192\" width=\"343\"><source media=\"(min-width: 768px) and (max-width: 1023px)\" srcset=\"https:\/\/a57.foxnews.com\/static.foxnews.com\/foxnews.com\/content\/uploads\/2023\/10\/672\/378\/Hamas-fighter-3.jpg?ve=1&amp;tl=1, https:\/\/a57.foxnews.com\/static.foxnews.com\/foxnews.com\/content\/uploads\/2023\/10\/1344\/756\/Hamas-fighter-3.jpg?ve=1&amp;tl=1 2x\" height=\"378\" width=\"672\"><source media=\"(min-width: 1024px) and (max-width: 1279px)\" srcset=\"https:\/\/a57.foxnews.com\/static.foxnews.com\/foxnews.com\/content\/uploads\/2023\/10\/931\/523\/Hamas-fighter-3.jpg?ve=1&amp;tl=1, https:\/\/a57.foxnews.com\/static.foxnews.com\/foxnews.com\/content\/uploads\/2023\/10\/1862\/1046\/Hamas-fighter-3.jpg?ve=1&amp;tl=1 2x\" height=\"523\" width=\"931\"><source media=\"(min-width: 1280px)\" srcset=\"https:\/\/a57.foxnews.com\/static.foxnews.com\/foxnews.com\/content\/uploads\/2023\/10\/720\/405\/Hamas-fighter-3.jpg?ve=1&amp;tl=1, https:\/\/a57.foxnews.com\/static.foxnews.com\/foxnews.com\/content\/uploads\/2023\/10\/1440\/810\/Hamas-fighter-3.jpg?ve=1&amp;tl=1 2x\" height=\"405\" width=\"720\"><img loading=\"lazy\" decoding=\"async\" src=\"https:\/\/a57.foxnews.com\/static.foxnews.com\/foxnews.com\/content\/uploads\/2023\/10\/1200\/675\/Hamas-fighter-3.jpg?ve=1&amp;tl=1\" alt=\"Ataques terroristas de Ham\u00e1s\" width=\"1200\" height=\"675\"\/><\/source><\/source><\/source><\/source><\/picture><\/div>\n<div class=\"info\">\n<div class=\"caption\">\n<p><span>Los terroristas de Ham\u00e1s mataron a civiles, incluidos mujeres, ni\u00f1os y ancianos, cuando atacaron a Israel el 7 de octubre de 2023.<\/span> <span>(Fuerzas de Defensa de Israel v\u00eda AP)<\/span><\/p>\n<\/div>\n<\/div>\n<\/div>\n<p>El Dr. Amir Fuchs, investigador principal del Instituto de Democracia de Israel, dijo a Fox News Digital que las investigaciones indican que la pena capital no disuade significativamente a los asesinos comunes, y su efecto sobre los terroristas, que ya arriesgan sus vidas, puede ser a\u00fan m\u00e1s d\u00e9bil.<\/p>\n<p>Tambi\u00e9n se\u00f1al\u00f3 que la ley no otorga discrecionalidad al tribunal ni a la fiscal\u00eda, lo que en la pr\u00e1ctica hace que la pena de muerte sea obligatoria en ciertos casos.<\/p>\n<p>\u00abEs extremo y, creo, inconstitucional. Tampoco se aplicar\u00eda a los terroristas jud\u00edos, lo cual es discriminatorio\u00bb, dijo Fuchs.<\/p>\n<p>\u00abEsta suposici\u00f3n de que ejecutaremos a decenas de miles de personas es completamente falsa. La ley se aplica s\u00f3lo a los asesinos. La idea de que promulgar la pena de muerte significa que todos los terroristas ser\u00e1n ejecutados simplemente no es cierta\u00bb, a\u00f1adi\u00f3.<\/p>\n<p>Yitzhak Wasserlauf, ministro de Israel para el N\u00e9guev, Galilea y la Resiliencia Nacional, dijo a Fox News Digital que la ley de pena de muerte para los terroristas es importante ya que tiene como objetivo poner fin a los secuestros de israel\u00edes.<\/p>\n<p>\u00abLa \u00fanica manera de que no haya m\u00e1s secuestros de israel\u00edes es que no haya m\u00e1s terroristas que liberar a cambio de ellos\u00bb, dijo Wasserlauf. <\/p>\n<div class=\"image-ct inline\">\n<div class=\"m\"><picture><source media=\"(max-width: 767px)\" srcset=\"https:\/\/a57.foxnews.com\/static.foxnews.com\/foxnews.com\/content\/uploads\/2023\/10\/343\/192\/israel_wall_blood_handprint.png?ve=1&amp;tl=1, https:\/\/a57.foxnews.com\/static.foxnews.com\/foxnews.com\/content\/uploads\/2023\/10\/686\/384\/israel_wall_blood_handprint.png?ve=1&amp;tl=1 2x\" height=\"192\" width=\"343\"><source media=\"(min-width: 768px) and (max-width: 1023px)\" srcset=\"https:\/\/a57.foxnews.com\/static.foxnews.com\/foxnews.com\/content\/uploads\/2023\/10\/672\/378\/israel_wall_blood_handprint.png?ve=1&amp;tl=1, https:\/\/a57.foxnews.com\/static.foxnews.com\/foxnews.com\/content\/uploads\/2023\/10\/1344\/756\/israel_wall_blood_handprint.png?ve=1&amp;tl=1 2x\" height=\"378\" width=\"672\"><source media=\"(min-width: 1024px) and (max-width: 1279px)\" srcset=\"https:\/\/a57.foxnews.com\/static.foxnews.com\/foxnews.com\/content\/uploads\/2023\/10\/931\/523\/israel_wall_blood_handprint.png?ve=1&amp;tl=1, https:\/\/a57.foxnews.com\/static.foxnews.com\/foxnews.com\/content\/uploads\/2023\/10\/1862\/1046\/israel_wall_blood_handprint.png?ve=1&amp;tl=1 2x\" height=\"523\" width=\"931\"><source media=\"(min-width: 1280px)\" srcset=\"https:\/\/a57.foxnews.com\/static.foxnews.com\/foxnews.com\/content\/uploads\/2023\/10\/720\/405\/israel_wall_blood_handprint.png?ve=1&amp;tl=1, https:\/\/a57.foxnews.com\/static.foxnews.com\/foxnews.com\/content\/uploads\/2023\/10\/1440\/810\/israel_wall_blood_handprint.png?ve=1&amp;tl=1 2x\" height=\"405\" width=\"720\"><img loading=\"lazy\" decoding=\"async\" src=\"https:\/\/a57.foxnews.com\/static.foxnews.com\/foxnews.com\/content\/uploads\/2023\/10\/1200\/675\/israel_wall_blood_handprint.png?ve=1&amp;tl=1\" alt=\"Mano ensangrentada de Nir Oz\" width=\"1200\" height=\"675\"\/><\/source><\/source><\/source><\/source><\/picture><\/div>\n<div class=\"info\">\n<div class=\"caption\">\n<p><span>Una huella de una mano ensangrentada mancha una pared en una casa de Nir Oz despu\u00e9s de que los terroristas de Hamas atacaran este kibutz d\u00edas antes cerca de la frontera con Gaza.<\/span> <span>(Alexi J. Rosenfeld\/Getty Images)<\/span><\/p>\n<\/div>\n<\/div>\n<\/div>\n<p><strong>EL CUERPO DEL REH\u00c9N ISRAEL\u00cd QUE &#8216;LUCH\u00d3 HER\u00d3ICAMENTE&#8217; PARA DEFENDER A LA COMUNIDAD DURANTE LA MASACRE DEL 7 DE OCTUBRE ES DEVUELTO: FDI<\/strong><\/p>\n<p>La pena de muerte se ha utilizado s\u00f3lo dos veces en la historia de Israel, sobre todo en la ejecuci\u00f3n en 1962 del oficial de las SS Adolf Eichmann, uno de los principales arquitectos del Holocausto. <\/p>\n<p>El legislador del Juda\u00edsmo Unido de la Tor\u00e1, Yaakov Asher, que se opone al proyecto de ley, dijo a Fox News Digital que su objeci\u00f3n tiene sus ra\u00edces en el principio de <i>pikuaj nefesh<\/i>un principio fundamental de la ley jud\u00eda que prioriza la preservaci\u00f3n de la vida humana por encima de casi todos los dem\u00e1s mandamientos religiosos.<\/p>\n<div class=\"image-ct inline\">\n<div class=\"m\"><picture><source media=\"(max-width: 767px)\" srcset=\"https:\/\/a57.foxnews.com\/static.foxnews.com\/foxnews.com\/content\/uploads\/2025\/11\/343\/192\/limor-son-har-melech.jpg?ve=1&amp;tl=1, https:\/\/a57.foxnews.com\/static.foxnews.com\/foxnews.com\/content\/uploads\/2025\/11\/686\/384\/limor-son-har-melech.jpg?ve=1&amp;tl=1 2x\" height=\"192\" width=\"343\"><source media=\"(min-width: 768px) and (max-width: 1023px)\" srcset=\"https:\/\/a57.foxnews.com\/static.foxnews.com\/foxnews.com\/content\/uploads\/2025\/11\/672\/378\/limor-son-har-melech.jpg?ve=1&amp;tl=1, https:\/\/a57.foxnews.com\/static.foxnews.com\/foxnews.com\/content\/uploads\/2025\/11\/1344\/756\/limor-son-har-melech.jpg?ve=1&amp;tl=1 2x\" height=\"378\" width=\"672\"><source media=\"(min-width: 1024px) and (max-width: 1279px)\" srcset=\"https:\/\/a57.foxnews.com\/static.foxnews.com\/foxnews.com\/content\/uploads\/2025\/11\/931\/523\/limor-son-har-melech.jpg?ve=1&amp;tl=1, https:\/\/a57.foxnews.com\/static.foxnews.com\/foxnews.com\/content\/uploads\/2025\/11\/1862\/1046\/limor-son-har-melech.jpg?ve=1&amp;tl=1 2x\" height=\"523\" width=\"931\"><source media=\"(min-width: 1280px)\" srcset=\"https:\/\/a57.foxnews.com\/static.foxnews.com\/foxnews.com\/content\/uploads\/2025\/11\/720\/405\/limor-son-har-melech.jpg?ve=1&amp;tl=1, https:\/\/a57.foxnews.com\/static.foxnews.com\/foxnews.com\/content\/uploads\/2025\/11\/1440\/810\/limor-son-har-melech.jpg?ve=1&amp;tl=1 2x\" height=\"405\" width=\"720\"><img loading=\"lazy\" decoding=\"async\" src=\"https:\/\/a57.foxnews.com\/static.foxnews.com\/foxnews.com\/content\/uploads\/2025\/11\/1200\/675\/limor-son-har-melech.jpg?ve=1&amp;tl=1\" alt=\"El diputado israel\u00ed Limor Son Har-Melech.\" width=\"1200\" height=\"675\"\/><\/source><\/source><\/source><\/source><\/picture><\/div>\n<div class=\"info\">\n<div class=\"caption\">\n<p><span>Limor Son Har-Melech, miembro del Knesset (izquierda), patrocin\u00f3 el proyecto de ley sobre la pena capital para los terroristas.<\/span> <span>(Matan Golan\/SOPA Images\/LightRocket v\u00eda Getty Images)<\/span><\/p>\n<\/div>\n<\/div>\n<\/div>\n<p>\u00abEl rabino Dov Lando nos orden\u00f3 oponernos a ello, advirtiendo que incluso plantear el tema -y mucho menos legislarlo- podr\u00eda desencadenar una ola de terrorismo contra los jud\u00edos\u00bb, dijo Asher. \u00abTambi\u00e9n existe la preocupaci\u00f3n hal\u00e1jica de &#8216;provocar a las naciones del mundo&#8217;, lo que requiere sopesar si cualquier medida proteger\u00eda a los jud\u00edos o, Dios no lo quiera, pondr\u00eda en peligro incluso a uno solo\u00bb.<\/p>\n<p>La facci\u00f3n Hadash-Ta&#8217;al de la Knesset, encabezada por el Dr. Ahmed Tibi, emiti\u00f3 una declaraci\u00f3n oficial denunciando el proyecto de ley como discriminatorio e incendiario.<\/p>\n<p>\u00abPara nosotros est\u00e1 claro que la pena de muerte no disuadir\u00e1; por el contrario, producir\u00e1 el efecto contrario y puede aumentar los ataques, algo a lo que nos oponemos como grupo. Queremos avanzar en un proceso pol\u00edtico que ponga fin al conflicto\u00bb, dice el comunicado.<\/p>\n<p>\u00abTodos los valores y normas de derechos humanos se oponen fundamentalmente a la pena de muerte desde una perspectiva humana\u00bb, continu\u00f3. \u00abSabemos por nuestro trabajo parlamentario y pol\u00edtico que el proyecto de ley propuesto es nada menos que un acto de venganza que profundiza el odio y alimenta una atm\u00f3sfera de incitaci\u00f3n y extremismo entre ambos pueblos\u00bb, a\u00f1adi\u00f3.<\/p>\n<p><strong>HAGA CLIC AQU\u00cd PARA DESCARGAR LA APLICACI\u00d3N FOX NEWS<\/strong><\/p>\n<p>El proyecto de ley a\u00fan requiere dos lecturas adicionales en el pleno de la Knesset para ser aprobado y sigue sujeto a posibles enmiendas previas.<\/p>\n<p> <!----> <\/p>\n<div class=\"article-meta\">\n<div class=\"author-bio\">\n<p>Amelie Botbol es una periodista independiente que vive en Tel Aviv. Sus art\u00edculos han aparecido en el New York Post, el National Post de Canad\u00e1 y el Washington Times. Amelie puede ser seguida en X @DatReporter <\/p>\n<\/div>\n<\/div>\n<\/div>\n\n","protected":false},"excerpt":{"rendered":"<p>NUEVO\u00a1Ahora puedes escuchar los art\u00edculos de Fox News! Un controvertido proyecto de ley que propone la pena de muerte para los terroristas palestinos (respaldado por el Primer Ministro Benjam\u00edn Netanyahu) ha provocado un intenso debate p\u00fablico y pol\u00edtico. Si bien Netanyahu inicialmente se abstuvo de apoyar p\u00fablicamente la legislaci\u00f3n, supuestamente por temor a que pudiera &hellip;<\/p>\n","protected":false},"author":1,"featured_media":50686,"comment_status":"open","ping_status":"open","sticky":false,"template":"","format":"standard","meta":{"fifu_image_url":"https:\/\/static.foxnews.com\/foxnews.com\/content\/uploads\/2025\/11\/terrorists-netanyahu-split.jpg","fifu_image_alt":"","footnotes":""},"categories":[13],"tags":[],"class_list":["post-50684","post","type-post","status-publish","format-standard","has-post-thumbnail","","category-mundo"],"_links":{"self":[{"href":"https:\/\/noticiasveraces.com\/index.php?rest_route=\/wp\/v2\/posts\/50684","targetHints":{"allow":["GET"]}}],"collection":[{"href":"https:\/\/noticiasveraces.com\/index.php?rest_route=\/wp\/v2\/posts"}],"about":[{"href":"https:\/\/noticiasveraces.com\/index.php?rest_route=\/wp\/v2\/types\/post"}],"author":[{"embeddable":true,"href":"https:\/\/noticiasveraces.com\/index.php?rest_route=\/wp\/v2\/users\/1"}],"replies":[{"embeddable":true,"href":"https:\/\/noticiasveraces.com\/index.php?rest_route=%2Fwp%2Fv2%2Fcomments&post=50684"}],"version-history":[{"count":0,"href":"https:\/\/noticiasveraces.com\/index.php?rest_route=\/wp\/v2\/posts\/50684\/revisions"}],"wp:featuredmedia":[{"embeddable":true,"href":"https:\/\/noticiasveraces.com\/index.php?rest_route=\/wp\/v2\/media\/50686"}],"wp:attachment":[{"href":"https:\/\/noticiasveraces.com\/index.php?rest_route=%2Fwp%2Fv2%2Fmedia&parent=50684"}],"wp:term":[{"taxonomy":"category","embeddable":true,"href":"https:\/\/noticiasveraces.com\/index.php?rest_route=%2Fwp%2Fv2%2Fcategories&post=50684"},{"taxonomy":"post_tag","embeddable":true,"href":"https:\/\/noticiasveraces.com\/index.php?rest_route=%2Fwp%2Fv2%2Ftags&post=50684"}],"curies":[{"name":"wp","href":"https:\/\/api.w.org\/{rel}","templated":true}]}}