{"id":50678,"date":"2025-11-20T10:34:45","date_gmt":"2025-11-20T14:34:45","guid":{"rendered":"https:\/\/noticiasveraces.com\/?p=50678"},"modified":"2025-11-20T10:34:45","modified_gmt":"2025-11-20T14:34:45","slug":"poeta-hipolito-aguilera-homenajeado-en-la-21a-filven-la-guaira","status":"publish","type":"post","link":"https:\/\/noticiasveraces.com\/?p=50678","title":{"rendered":"Poeta Hip\u00f3lito Aguilera homenajeado en la 21\u00aa Filven La Guaira"},"content":{"rendered":"<p> \n<\/p>\n<div>\n<p>En el marco de la vig\u00e9sima primera edici\u00f3n de la Feria Internacional del Libro de Venezuela (Filven) 2025, cap\u00edtulo La Guaira, el poeta guaire\u00f1o Hip\u00f3lito Antonio Aguilera fue homenajeado, destacando una vida dedicada a las letras y la pintura. <\/p>\n<p>El autor, oriundo de R\u00edo Caribe, en el estado Sucre, y criado en La Guaira, present\u00f3 su m\u00e1s reciente obra, \u00abVersos que abrazan\u00bb, un libro que naci\u00f3 tras superar una enfermedad maligna que, seg\u00fan sus palabras, no logr\u00f3 tocar su cerebro y le dej\u00f3 \u00abun rayito de luz\u00bb para continuar su camino creativo.<\/p>\n<p>Aguilera, quien represent\u00f3 a Venezuela en el Quinto Festival Mundial de la Poes\u00eda, comparti\u00f3 con los asistentes que su inspiraci\u00f3n naci\u00f3 con tres deseos: dibujar, hacer versos y dejar constancia escrita de su paso por la vida. \u00abEs un gran honor para m\u00ed, sobre todo ese deseo, esa ambici\u00f3n que yo ten\u00eda de dejar algo escrito, constancia de que viv\u00ed muchos a\u00f1os en esta tierra\u00bb, expres\u00f3 el poeta durante el emotivo reconocimiento.<\/p>\n<p>La fiesta literaria, que se extiende hasta este s\u00e1bado en el Centro Hist\u00f3rico de La Guaira, fue inaugurada con la presencia de autoridades locales y nacionales. La feria re\u00fane a m\u00e1s de 20 editoriales, incluyendo la editorial de La Guaira, ofreciendo una amplia variedad de t\u00edtulos para todos los gustos.<\/p>\n<p>Jos\u00e9 Manuel Su\u00e1rez, alcalde del municipio Vargas, destac\u00f3 la elecci\u00f3n de la ciudad para albergar este evento nacional, subrayando su valor hist\u00f3rico y tur\u00edstico. Anunci\u00f3 que los visitantes podr\u00e1n disfrutar de la tradicional Ruta Hist\u00f3rica de La Guaira que expone las vivencias de h\u00e9roes y hero\u00ednas de la patria, con una representaci\u00f3n teatral que involucra a m\u00e1s de 60 artistas.<\/p>\n<p>Daniel Mata, Secretario de Gobierno de La Guaira, hizo un llamado a los padres y representantes a ense\u00f1ar \u00abel amor a los ni\u00f1os por los libros\u00bb en una \u00abera convulsa\u00bb donde los medios digitales \u00abse apropian de la mente de los ciudadanos\u00bb.<\/p>\n<p>Por su parte, Ra\u00fal Casal, Viceministro del Fomento de la Econom\u00eda Cultural, afirm\u00f3 que ante un \u00abmundo muy convulso\u00bb, la alegr\u00eda, la vida, la literatura y los libros son \u00abnuestra gran arma\u00bb.<\/p>\n<p>La Filven Cap\u00edtulo La Guaira se convierte en un espacio para el encuentro con la lectura, el conocimiento y la cultura, en una edici\u00f3n que rinde homenaje a las letras venezolanas y a sus creadores.<\/p>\n<div class=\"wp-block-jetpack-slideshow aligncenter\" data-effect=\"slide\" style=\"--aspect-ratio:calc(696 \/ 522)\">\n<div class=\"wp-block-jetpack-slideshow_container swiper\">\n<ul class=\"wp-block-jetpack-slideshow_swiper-wrapper swiper-wrapper\">\n<li class=\"wp-block-jetpack-slideshow_slide swiper-slide\">\n<figure><img decoding=\"async\" alt=\"\" class=\"wp-block-jetpack-slideshow_image wp-image-3015580 lazyload\" data-id=\"3015580\" data-aspect-ratio=\"696 \/ 522\" src=\"https:\/\/ultimasnoticias.com.ve\/wp-content\/uploads\/2025\/11\/IMG-20251119-WA0197-1024x768.jpg\"\/><img fetchpriority=\"high\" decoding=\"async\" width=\"1024\" height=\"768\" alt=\"\" class=\"wp-block-jetpack-slideshow_image wp-image-3015580 lazyload\" data-id=\"3015580\" data-aspect-ratio=\"696 \/ 522\" src=\"https:\/\/ultimasnoticias.com.ve\/wp-content\/uploads\/2025\/11\/IMG-20251119-WA0197-1024x768.jpg\" srcset=\"https:\/\/ultimasnoticias.com.ve\/wp-content\/uploads\/2025\/11\/IMG-20251119-WA0197-1024x768.jpg 1024w, https:\/\/ultimasnoticias.com.ve\/wp-content\/uploads\/2025\/11\/IMG-20251119-WA0197-300x225.jpg 300w, https:\/\/ultimasnoticias.com.ve\/wp-content\/uploads\/2025\/11\/IMG-20251119-WA0197-768x576.jpg 768w, https:\/\/ultimasnoticias.com.ve\/wp-content\/uploads\/2025\/11\/IMG-20251119-WA0197-1536x1152.jpg 1536w, https:\/\/ultimasnoticias.com.ve\/wp-content\/uploads\/2025\/11\/IMG-20251119-WA0197-2048x1536.jpg 2048w, https:\/\/ultimasnoticias.com.ve\/wp-content\/uploads\/2025\/11\/IMG-20251119-WA0197-150x113.jpg 150w, https:\/\/ultimasnoticias.com.ve\/wp-content\/uploads\/2025\/11\/IMG-20251119-WA0197-696x522.jpg 696w, https:\/\/ultimasnoticias.com.ve\/wp-content\/uploads\/2025\/11\/IMG-20251119-WA0197-1068x801.jpg 1068w, https:\/\/ultimasnoticias.com.ve\/wp-content\/uploads\/2025\/11\/IMG-20251119-WA0197-scaled.jpg 1920w, https:\/\/ultimasnoticias.com.ve\/wp-content\/uploads\/2025\/11\/IMG-20251119-WA0197-265x198.jpg 265w\" sizes=\"(max-width: 1024px) 100vw, 1024px\"\/><figcaption class=\"wp-block-jetpack-slideshow_caption gallery-caption\">La Filven tendr\u00e1 un horario de 9:00 de la ma\u00f1ana a 7:00 de la noche.<\/figcaption><\/figure>\n<\/li>\n<li class=\"wp-block-jetpack-slideshow_slide swiper-slide\">\n<figure><img decoding=\"async\" alt=\"\" class=\"wp-block-jetpack-slideshow_image wp-image-3015579 lazyload\" data-id=\"3015579\" data-aspect-ratio=\"696 \/ 522\" src=\"https:\/\/ultimasnoticias.com.ve\/wp-content\/uploads\/2025\/11\/IMG-20251119-WA0193-1024x768.jpg\"\/><img loading=\"lazy\" decoding=\"async\" width=\"1024\" height=\"768\" alt=\"\" class=\"wp-block-jetpack-slideshow_image wp-image-3015579 lazyload\" data-id=\"3015579\" data-aspect-ratio=\"696 \/ 522\" src=\"https:\/\/ultimasnoticias.com.ve\/wp-content\/uploads\/2025\/11\/IMG-20251119-WA0193-1024x768.jpg\" srcset=\"https:\/\/ultimasnoticias.com.ve\/wp-content\/uploads\/2025\/11\/IMG-20251119-WA0193-1024x768.jpg 1024w, https:\/\/ultimasnoticias.com.ve\/wp-content\/uploads\/2025\/11\/IMG-20251119-WA0193-300x225.jpg 300w, https:\/\/ultimasnoticias.com.ve\/wp-content\/uploads\/2025\/11\/IMG-20251119-WA0193-768x576.jpg 768w, https:\/\/ultimasnoticias.com.ve\/wp-content\/uploads\/2025\/11\/IMG-20251119-WA0193-1536x1152.jpg 1536w, https:\/\/ultimasnoticias.com.ve\/wp-content\/uploads\/2025\/11\/IMG-20251119-WA0193-2048x1536.jpg 2048w, https:\/\/ultimasnoticias.com.ve\/wp-content\/uploads\/2025\/11\/IMG-20251119-WA0193-150x113.jpg 150w, https:\/\/ultimasnoticias.com.ve\/wp-content\/uploads\/2025\/11\/IMG-20251119-WA0193-696x522.jpg 696w, https:\/\/ultimasnoticias.com.ve\/wp-content\/uploads\/2025\/11\/IMG-20251119-WA0193-1068x801.jpg 1068w, https:\/\/ultimasnoticias.com.ve\/wp-content\/uploads\/2025\/11\/IMG-20251119-WA0193-scaled.jpg 1920w, https:\/\/ultimasnoticias.com.ve\/wp-content\/uploads\/2025\/11\/IMG-20251119-WA0193-265x198.jpg 265w\" sizes=\"auto, (max-width: 1024px) 100vw, 1024px\"\/><\/figure>\n<\/li>\n<\/ul>\n<\/div>\n<\/div>\n<\/div>\n\n","protected":false},"excerpt":{"rendered":"<p>En el marco de la vig\u00e9sima primera edici\u00f3n de la Feria Internacional del Libro de Venezuela (Filven) 2025, cap\u00edtulo La Guaira, el poeta guaire\u00f1o Hip\u00f3lito Antonio Aguilera fue homenajeado, destacando una vida dedicada a las letras y la pintura. El autor, oriundo de R\u00edo Caribe, en el estado Sucre, y criado en La Guaira, present\u00f3 &hellip;<\/p>\n","protected":false},"author":1,"featured_media":50680,"comment_status":"open","ping_status":"open","sticky":false,"template":"","format":"standard","meta":{"fifu_image_url":"https:\/\/ultimasnoticias.com.ve\/wp-content\/uploads\/2025\/11\/IMG-20251119-WA0194-scaled.jpg","fifu_image_alt":"","footnotes":""},"categories":[13],"tags":[],"class_list":["post-50678","post","type-post","status-publish","format-standard","has-post-thumbnail","","category-mundo"],"_links":{"self":[{"href":"https:\/\/noticiasveraces.com\/index.php?rest_route=\/wp\/v2\/posts\/50678","targetHints":{"allow":["GET"]}}],"collection":[{"href":"https:\/\/noticiasveraces.com\/index.php?rest_route=\/wp\/v2\/posts"}],"about":[{"href":"https:\/\/noticiasveraces.com\/index.php?rest_route=\/wp\/v2\/types\/post"}],"author":[{"embeddable":true,"href":"https:\/\/noticiasveraces.com\/index.php?rest_route=\/wp\/v2\/users\/1"}],"replies":[{"embeddable":true,"href":"https:\/\/noticiasveraces.com\/index.php?rest_route=%2Fwp%2Fv2%2Fcomments&post=50678"}],"version-history":[{"count":0,"href":"https:\/\/noticiasveraces.com\/index.php?rest_route=\/wp\/v2\/posts\/50678\/revisions"}],"wp:featuredmedia":[{"embeddable":true,"href":"https:\/\/noticiasveraces.com\/index.php?rest_route=\/wp\/v2\/media\/50680"}],"wp:attachment":[{"href":"https:\/\/noticiasveraces.com\/index.php?rest_route=%2Fwp%2Fv2%2Fmedia&parent=50678"}],"wp:term":[{"taxonomy":"category","embeddable":true,"href":"https:\/\/noticiasveraces.com\/index.php?rest_route=%2Fwp%2Fv2%2Fcategories&post=50678"},{"taxonomy":"post_tag","embeddable":true,"href":"https:\/\/noticiasveraces.com\/index.php?rest_route=%2Fwp%2Fv2%2Ftags&post=50678"}],"curies":[{"name":"wp","href":"https:\/\/api.w.org\/{rel}","templated":true}]}}