{"id":50655,"date":"2025-11-20T08:14:55","date_gmt":"2025-11-20T12:14:55","guid":{"rendered":"https:\/\/noticiasveraces.com\/?p=50655"},"modified":"2025-11-20T08:14:55","modified_gmt":"2025-11-20T12:14:55","slug":"la-vacuna-covid-esta-relacionada-con-lesiones-renales-e-infecciones-respiratorias-en-estudios","status":"publish","type":"post","link":"https:\/\/noticiasveraces.com\/?p=50655","title":{"rendered":"La vacuna COVID est\u00e1 relacionada con lesiones renales e infecciones respiratorias en estudios"},"content":{"rendered":"<p> \n<\/p>\n<div>\n<div id=\"beyondwords-wrapper\" class=\"beyondwords-wrapper\">\n<p><span class=\"label-bg\">NUEVO<\/span>\u00a1Ahora puedes escuchar los art\u00edculos de Fox News!\n  <\/p>\n<\/div>\n<p class=\"speakable\">Dos grandes estudios han puesto de relieve los posibles riesgos para la salud de la vacuna COVID, pero algunos expertos recomiendan cautela al interpretar los hallazgos.<\/p>\n<p class=\"speakable\">Investigaciones recientes han relacionado la vacuna con un mayor riesgo de lesi\u00f3n renal, as\u00ed como con ciertas infecciones respiratorias.<\/p>\n<p>Un estudio coreano publicado en la Revista Internacional de Enfermedades Infecciosas analiz\u00f3 c\u00f3mo cambiaron las enfermedades infecciosas durante y despu\u00e9s de la pandemia de COVID-19, as\u00ed como el impacto de las vacunas.<\/p>\n<p><strong>AUMENTO DE CASOS DE TOS FERINA EN EL ESTADO SUR PROVOCA ALERTAS DE SALUD<\/strong><\/p>\n<p>\u00abSi bien las enfermedades similares a la influenza disminuyeron dr\u00e1sticamente durante la primera pandemia, las infecciones de las v\u00edas respiratorias superiores y el resfriado com\u00fan aumentaron en 2023 y 2024, muy por encima de los niveles esperados\u00bb, dijo a Fox News Digital el autor principal del estudio, Jihun Song, Ph.D., del Departamento de Inform\u00e1tica Biom\u00e9dica de la Facultad de Medicina de la Universidad de Corea. <\/p>\n<p>\u00abLo m\u00e1s sorprendente es que la tos ferina aument\u00f3 m\u00e1s de 40 veces en comparaci\u00f3n con las tendencias hist\u00f3ricas\u00bb.<\/p>\n<div class=\"image-ct inline\">\n<div class=\"m\"><picture><source media=\"(max-width: 767px)\" srcset=\"https:\/\/a57.foxnews.com\/static.foxnews.com\/foxnews.com\/content\/uploads\/2025\/11\/343\/192\/woman-getting-arm-swabbed-vaccine.jpg?ve=1&amp;tl=1, https:\/\/a57.foxnews.com\/static.foxnews.com\/foxnews.com\/content\/uploads\/2025\/11\/686\/384\/woman-getting-arm-swabbed-vaccine.jpg?ve=1&amp;tl=1 2x\" height=\"192\" width=\"343\"><source media=\"(min-width: 768px) and (max-width: 1023px)\" srcset=\"https:\/\/a57.foxnews.com\/static.foxnews.com\/foxnews.com\/content\/uploads\/2025\/11\/672\/378\/woman-getting-arm-swabbed-vaccine.jpg?ve=1&amp;tl=1, https:\/\/a57.foxnews.com\/static.foxnews.com\/foxnews.com\/content\/uploads\/2025\/11\/1344\/756\/woman-getting-arm-swabbed-vaccine.jpg?ve=1&amp;tl=1 2x\" height=\"378\" width=\"672\"><source media=\"(min-width: 1024px) and (max-width: 1279px)\" srcset=\"https:\/\/a57.foxnews.com\/static.foxnews.com\/foxnews.com\/content\/uploads\/2025\/11\/931\/523\/woman-getting-arm-swabbed-vaccine.jpg?ve=1&amp;tl=1, https:\/\/a57.foxnews.com\/static.foxnews.com\/foxnews.com\/content\/uploads\/2025\/11\/1862\/1046\/woman-getting-arm-swabbed-vaccine.jpg?ve=1&amp;tl=1 2x\" height=\"523\" width=\"931\"><source media=\"(min-width: 1280px)\" srcset=\"https:\/\/a57.foxnews.com\/static.foxnews.com\/foxnews.com\/content\/uploads\/2025\/11\/720\/405\/woman-getting-arm-swabbed-vaccine.jpg?ve=1&amp;tl=1, https:\/\/a57.foxnews.com\/static.foxnews.com\/foxnews.com\/content\/uploads\/2025\/11\/1440\/810\/woman-getting-arm-swabbed-vaccine.jpg?ve=1&amp;tl=1 2x\" height=\"405\" width=\"720\"><img loading=\"lazy\" decoding=\"async\" src=\"https:\/\/a57.foxnews.com\/static.foxnews.com\/foxnews.com\/content\/uploads\/2025\/11\/1200\/675\/woman-getting-arm-swabbed-vaccine.jpg?ve=1&amp;tl=1\" alt=\"Mujer prepar\u00e1ndose para la vacuna\" width=\"1200\" height=\"675\"\/><\/source><\/source><\/source><\/source><\/picture><\/div>\n<div class=\"info\">\n<div class=\"caption\">\n<p><span>Investigaciones recientes han relacionado la vacuna con un mayor riesgo de lesi\u00f3n renal, as\u00ed como con ciertas infecciones respiratorias.<\/span> <span>(iStock)<\/span><\/p>\n<\/div>\n<\/div>\n<\/div>\n<p>\u00abEl mensaje clave es que las infecciones respiratorias en Corea cambiaron dr\u00e1sticamente despu\u00e9s de la pandemia de COVID-19, y los patrones difieren seg\u00fan la enfermedad\u00bb.<\/p>\n<p>Cuando los investigadores observaron el impacto de la vacuna COVID, encontraron que las personas que recibieron cuatro o m\u00e1s dosis ten\u00edan menos probabilidades de contraer enfermedades similares a la gripe y tos ferina, pero m\u00e1s probabilidades de contraer resfriados comunes y otras infecciones respiratorias leves.<\/p>\n<p><strong>LA SUPERVIVENCIA AL C\u00c1NCER PARECE DUPLIFICARSE CON LA VACUNA COM\u00daN, DICEN LOS INVESTIGADORES<\/strong><\/p>\n<p>\u00abNo esper\u00e1bamos ver asociaciones tan divergentes con el tipo de enfermedad infecciosa, donde algunas infecciones (enfermedades similares a la influenza) disminuyeron entre los individuos vacunados, mientras que otras (el resfriado com\u00fan) aumentaron\u00bb, dijo Song. \u00abEstas asociaciones mixtas probablemente reflejan cambios complejos en la inmunidad, el comportamiento y el uso de la atenci\u00f3n m\u00e9dica en la era pospand\u00e9mica\u00bb.<\/p>\n<div class=\"image-ct inline\">\n<div class=\"m\"><picture><source media=\"(max-width: 767px)\" srcset=\"https:\/\/a57.foxnews.com\/static.foxnews.com\/foxnews.com\/content\/uploads\/2023\/06\/343\/192\/COVID-vaccine.jpg?ve=1&amp;tl=1, https:\/\/a57.foxnews.com\/static.foxnews.com\/foxnews.com\/content\/uploads\/2023\/06\/686\/384\/COVID-vaccine.jpg?ve=1&amp;tl=1 2x\" height=\"192\" width=\"343\"><source media=\"(min-width: 768px) and (max-width: 1023px)\" srcset=\"https:\/\/a57.foxnews.com\/static.foxnews.com\/foxnews.com\/content\/uploads\/2023\/06\/672\/378\/COVID-vaccine.jpg?ve=1&amp;tl=1, https:\/\/a57.foxnews.com\/static.foxnews.com\/foxnews.com\/content\/uploads\/2023\/06\/1344\/756\/COVID-vaccine.jpg?ve=1&amp;tl=1 2x\" height=\"378\" width=\"672\"><source media=\"(min-width: 1024px) and (max-width: 1279px)\" srcset=\"https:\/\/a57.foxnews.com\/static.foxnews.com\/foxnews.com\/content\/uploads\/2023\/06\/931\/523\/COVID-vaccine.jpg?ve=1&amp;tl=1, https:\/\/a57.foxnews.com\/static.foxnews.com\/foxnews.com\/content\/uploads\/2023\/06\/1862\/1046\/COVID-vaccine.jpg?ve=1&amp;tl=1 2x\" height=\"523\" width=\"931\"><source media=\"(min-width: 1280px)\" srcset=\"https:\/\/a57.foxnews.com\/static.foxnews.com\/foxnews.com\/content\/uploads\/2023\/06\/720\/405\/COVID-vaccine.jpg?ve=1&amp;tl=1, https:\/\/a57.foxnews.com\/static.foxnews.com\/foxnews.com\/content\/uploads\/2023\/06\/1440\/810\/COVID-vaccine.jpg?ve=1&amp;tl=1 2x\" height=\"405\" width=\"720\"><img loading=\"lazy\" decoding=\"async\" src=\"https:\/\/a57.foxnews.com\/static.foxnews.com\/foxnews.com\/content\/uploads\/2023\/06\/1200\/675\/COVID-vaccine.jpg?ve=1&amp;tl=1\" alt=\"Brote de virus Ca\u00edda Vacunas\" width=\"1200\" height=\"675\"\/><\/source><\/source><\/source><\/source><\/picture><\/div>\n<div class=\"info\">\n<div class=\"caption\">\n<p><span>Las personas que recibieron cuatro o m\u00e1s dosis de la vacuna COVID-19 ten\u00edan menos probabilidades de contraer enfermedades similares a la gripe y tos ferina, pero m\u00e1s probabilidades de contraer resfriados comunes y otras infecciones respiratorias leves, dijeron los investigadores.<\/span> <span>(Foto AP\/Steve Helber, archivo)<\/span><\/p>\n<\/div>\n<\/div>\n<\/div>\n<p>El doctor Jacob Glanville, director ejecutivo de Centivax, una empresa de biotecnolog\u00eda de San Francisco, se\u00f1al\u00f3 que el grupo que recibi\u00f3 m\u00e1s vacunas era de mayor edad, con un promedio de 67 a\u00f1os, mientras que los grupos con menos vacunas ten\u00edan un promedio de 37 a 47 a\u00f1os.<\/p>\n<p>\u00abNecesitan hacer una comparaci\u00f3n de edades (lo que se llama controlar las variables de confusi\u00f3n) y luego ejecutar el an\u00e1lisis nuevamente\u00bb, dijo Glanville, que no particip\u00f3 en el estudio, a Fox News Digital. \u00abObviamente, las personas mayores van m\u00e1s al hospital por resfriados e infecciones de las v\u00edas respiratorias superiores\u00bb.<\/p>\n<p><strong>LA VACUNA CONTRA LA culebrilla SE CONECTA CON BENEFICIOS PARA LA SALUD &#8216;EMOCIONANTES&#8217; EN UN GRAN ESTUDIO<\/strong><\/p>\n<p>Los investigadores se\u00f1alaron que debido a que el estudio fue observacional, no prueba que la vacuna haya causado el aumento de las infecciones, sino que s\u00f3lo muestra una asociaci\u00f3n.<\/p>\n<p>Adem\u00e1s, los adultos mayores y las personas con enfermedades cr\u00f3nicas tienen m\u00e1s probabilidades de recibir dosis de refuerzo, lo que puede influir en los resultados, anot\u00f3 Song.<\/p>\n<p>Los cambios en el \u00abcomportamiento de b\u00fasqueda de atenci\u00f3n\u00bb y los patrones de uso m\u00e9dico plantean otra limitaci\u00f3n, afirm\u00f3. \u00abDespu\u00e9s de a\u00f1os de uso reducido de la atenci\u00f3n m\u00e9dica, las personas pueden visitar las cl\u00ednicas de manera diferente que antes, lo que afecta las tasas de diagn\u00f3stico\u00bb.<\/p>\n<div class=\"image-ct inline\">\n<div class=\"m\"><picture><source media=\"(max-width: 767px)\" srcset=\"https:\/\/a57.foxnews.com\/static.foxnews.com\/foxnews.com\/content\/uploads\/2020\/11\/343\/192\/resized_kidneys.jpg?ve=1&amp;tl=1, https:\/\/a57.foxnews.com\/static.foxnews.com\/foxnews.com\/content\/uploads\/2020\/11\/686\/384\/resized_kidneys.jpg?ve=1&amp;tl=1 2x\" height=\"192\" width=\"343\"><source media=\"(min-width: 768px) and (max-width: 1023px)\" srcset=\"https:\/\/a57.foxnews.com\/static.foxnews.com\/foxnews.com\/content\/uploads\/2020\/11\/672\/378\/resized_kidneys.jpg?ve=1&amp;tl=1, https:\/\/a57.foxnews.com\/static.foxnews.com\/foxnews.com\/content\/uploads\/2020\/11\/1344\/756\/resized_kidneys.jpg?ve=1&amp;tl=1 2x\" height=\"378\" width=\"672\"><source media=\"(min-width: 1024px) and (max-width: 1279px)\" srcset=\"https:\/\/a57.foxnews.com\/static.foxnews.com\/foxnews.com\/content\/uploads\/2020\/11\/931\/523\/resized_kidneys.jpg?ve=1&amp;tl=1, https:\/\/a57.foxnews.com\/static.foxnews.com\/foxnews.com\/content\/uploads\/2020\/11\/1862\/1046\/resized_kidneys.jpg?ve=1&amp;tl=1 2x\" height=\"523\" width=\"931\"><source media=\"(min-width: 1280px)\" srcset=\"https:\/\/a57.foxnews.com\/static.foxnews.com\/foxnews.com\/content\/uploads\/2020\/11\/720\/405\/resized_kidneys.jpg?ve=1&amp;tl=1, https:\/\/a57.foxnews.com\/static.foxnews.com\/foxnews.com\/content\/uploads\/2020\/11\/1440\/810\/resized_kidneys.jpg?ve=1&amp;tl=1 2x\" height=\"405\" width=\"720\"><img loading=\"lazy\" decoding=\"async\" src=\"https:\/\/a57.foxnews.com\/static.foxnews.com\/foxnews.com\/content\/uploads\/2020\/11\/1200\/675\/resized_kidneys.jpg?ve=1&amp;tl=1\" alt=\"gr\u00e1fico de ri\u00f1ones en el cuerpo humano\" width=\"1200\" height=\"675\"\/><\/source><\/source><\/source><\/source><\/picture><\/div>\n<div class=\"info\">\n<div class=\"caption\">\n<p><span>En un estudio reciente, la vacunaci\u00f3n contra la COVID-19 se asoci\u00f3 con un mayor riesgo de lesi\u00f3n renal aguda y di\u00e1lisis en un a\u00f1o, aunque las personas vacunadas tuvieron tasas m\u00e1s bajas de muerte por todas las causas.<\/span> <span>(iStock)<\/span><\/p>\n<\/div>\n<\/div>\n<\/div>\n<p>Los investigadores tampoco recopilaron datos inmunol\u00f3gicos, como niveles de anticuerpos o actividad de las c\u00e9lulas inmunitarias, lo que significa que no pudieron decir si los efectos se debieron a respuestas inmunitarias biol\u00f3gicas o a factores externos.<\/p>\n<p>\u00abLos hallazgos podr\u00edan verse influenciados por las diferencias en edad, enfermedades subyacentes y utilizaci\u00f3n de la atenci\u00f3n m\u00e9dica entre los grupos vacunados y no vacunados\u00bb, afirm\u00f3 Song.<\/p>\n<p><strong>VIRUS COMUNES VINCULADOS CON UN PUNTO &#8216;DRAM\u00c1TICO&#8217; EN EL RIESGO DE ATAQUE CARD\u00cdACO Y ACV<\/strong><\/p>\n<p>Enfatiz\u00f3 que el estudio no significa que las personas deban evitar la vacuna contra la COVID.<\/p>\n<p>\u00abEn cambio, destaca la necesidad de concienciar sobre el aumento de las infecciones respiratorias para fomentar el diagn\u00f3stico oportuno y las medidas preventivas apropiadas. [as well as] \u00abSe ha fortalecido la vigilancia de los pat\u00f3genos respiratorios, ya que el panorama post-COVID es fundamentalmente diferente al anterior\u00bb, afirm\u00f3 Song.<\/p>\n<div class=\"image-ct inline\">\n<div class=\"m\"><picture><source media=\"(max-width: 767px)\" srcset=\"https:\/\/a57.foxnews.com\/static.foxnews.com\/foxnews.com\/content\/uploads\/2025\/10\/343\/192\/older-woman-at-heart-doctor.jpg?ve=1&amp;tl=1, https:\/\/a57.foxnews.com\/static.foxnews.com\/foxnews.com\/content\/uploads\/2025\/10\/686\/384\/older-woman-at-heart-doctor.jpg?ve=1&amp;tl=1 2x\" height=\"192\" width=\"343\"><source media=\"(min-width: 768px) and (max-width: 1023px)\" srcset=\"https:\/\/a57.foxnews.com\/static.foxnews.com\/foxnews.com\/content\/uploads\/2025\/10\/672\/378\/older-woman-at-heart-doctor.jpg?ve=1&amp;tl=1, https:\/\/a57.foxnews.com\/static.foxnews.com\/foxnews.com\/content\/uploads\/2025\/10\/1344\/756\/older-woman-at-heart-doctor.jpg?ve=1&amp;tl=1 2x\" height=\"378\" width=\"672\"><source media=\"(min-width: 1024px) and (max-width: 1279px)\" srcset=\"https:\/\/a57.foxnews.com\/static.foxnews.com\/foxnews.com\/content\/uploads\/2025\/10\/931\/523\/older-woman-at-heart-doctor.jpg?ve=1&amp;tl=1, https:\/\/a57.foxnews.com\/static.foxnews.com\/foxnews.com\/content\/uploads\/2025\/10\/1862\/1046\/older-woman-at-heart-doctor.jpg?ve=1&amp;tl=1 2x\" height=\"523\" width=\"931\"><source media=\"(min-width: 1280px)\" srcset=\"https:\/\/a57.foxnews.com\/static.foxnews.com\/foxnews.com\/content\/uploads\/2025\/10\/720\/405\/older-woman-at-heart-doctor.jpg?ve=1&amp;tl=1, https:\/\/a57.foxnews.com\/static.foxnews.com\/foxnews.com\/content\/uploads\/2025\/10\/1440\/810\/older-woman-at-heart-doctor.jpg?ve=1&amp;tl=1 2x\" height=\"405\" width=\"720\"><img loading=\"lazy\" decoding=\"async\" src=\"https:\/\/a57.foxnews.com\/static.foxnews.com\/foxnews.com\/content\/uploads\/2025\/10\/1200\/675\/older-woman-at-heart-doctor.jpg?ve=1&amp;tl=1\" alt=\"Mujer mayor en el m\u00e9dico del coraz\u00f3n\" width=\"1200\" height=\"675\"\/><\/source><\/source><\/source><\/source><\/picture><\/div>\n<div class=\"info\">\n<div class=\"caption\">\n<p><span>\u00abSi bien las enfermedades similares a la influenza disminuyeron dr\u00e1sticamente durante los inicios de la pandemia, las infecciones de las v\u00edas respiratorias superiores y el resfriado com\u00fan aumentaron en 2023 y 2024, muy por encima de los niveles esperados\u00bb, dijo un investigador.<\/span> <span>(iStock)<\/span><\/p>\n<\/div>\n<\/div>\n<\/div>\n<p>\u00abNuestros hallazgos no deben interpretarse como evidencia de que la vacuna aumenta o disminuye infecciones espec\u00edficas, sino m\u00e1s bien como indicadores de tendencias a nivel poblacional que requieren m\u00e1s investigaci\u00f3n\u00bb.<\/p>\n<p>En otro estudio reciente publicado en el International Journal of Medical Sciences, la vacunaci\u00f3n contra la COVID-19 se asoci\u00f3 con un mayor riesgo de lesi\u00f3n renal aguda y di\u00e1lisis en un a\u00f1o, aunque las personas vacunadas tuvieron tasas m\u00e1s bajas de muerte por todas las causas.<\/p>\n<p><strong>HAGA CLIC AQU\u00cd PARA DESCARGAR LA APLICACI\u00d3N FOX NEWS<\/strong><\/p>\n<p>En 12 meses, 15.809 personas vacunadas desarrollaron lesi\u00f3n renal aguda, en comparaci\u00f3n con 11.081 personas no vacunadas.<\/p>\n<p>Un total de 1.513 personas recibieron di\u00e1lisis al a\u00f1o de la vacunaci\u00f3n, en comparaci\u00f3n con 697 personas no vacunadas.<\/p>\n<p>\u00abAmbos riesgos fueron bajos en t\u00e9rminos absolutos, pero el estudio est\u00e1 bien controlado estad\u00edsticamente y podr\u00eda haber una se\u00f1al real aqu\u00ed\u00bb, dijo Glanville a Fox News Digital.<\/p>\n<p>\u00abOtros estudios demostraron que el riesgo de enfermedad renal por infecci\u00f3n es mucho mayor que por la vacunaci\u00f3n, lo cual es contrario a la intuici\u00f3n\u00bb, prosigui\u00f3. \u00abEsto merece ser analizado m\u00e1s a fondo\u00bb.<\/p>\n<p>El estudio tambi\u00e9n tuvo limitaciones, reconocieron los investigadores.<\/p>\n<p><strong>HAGA CLIC AQU\u00cd PARA SUSCRIBIRSE A NUESTRO BOLET\u00cdN DE SALUD <\/strong><\/p>\n<p>Entre ellos se inclu\u00edan lagunas en los datos de los registros m\u00e9dicos electr\u00f3nicos: carec\u00edan de informaci\u00f3n sobre las dosis de vacunas y los niveles de anticuerpos, as\u00ed como detalles sobre problemas renales, otras afecciones de salud y medicamentos de venta libre que pueden afectar los ri\u00f1ones.<\/p>\n<p>Debido a que fue un estudio retrospectivo y no un ensayo controlado, las diferencias entre los grupos pueden haber influido en los resultados.<\/p>\n<blockquote class=\"pull-quote\">\n<p class=\"quote-text\">\u00abAmbos estudios informan los beneficios y riesgos\u00bb.<\/p>\n<p> <!----><\/p><\/blockquote>\n<p>Hua Wang, profesor asociado de ciencia e ingenier\u00eda de materiales en la Facultad de Ingenier\u00eda Grainger de la Universidad de Illinois, anima a las personas a tener cuidado al interpretar los datos en este tipo de investigaci\u00f3n.<\/p>\n<p>\u00abEn ambos estudios se informan tanto los beneficios como los riesgos, por lo que no debemos simplemente resaltar los posibles efectos negativos de la vacunaci\u00f3n contra la COVID-19 como afirman algunos art\u00edculos de noticias\u00bb, afirm\u00f3 Wang, que no particip\u00f3 en los estudios.<\/p>\n<p><strong>PRUEBA CON NUESTRO \u00daLTIMO QUIZ DE ESTILO DE VIDA<\/strong><\/p>\n<p>\u00abUna posible limitaci\u00f3n de los dos estudios es la falta de informaci\u00f3n sobre la fracci\u00f3n de participantes diagnosticados con el virus SARS-COVID-2 en los grupos vacunados y no vacunados\u00bb, a\u00f1adi\u00f3 el profesor. \u00abEl efecto de los propios virus, como sabemos, podr\u00eda ser significativo\u00bb.<\/p>\n<div class=\"image-ct inline\">\n<div class=\"m\"><picture><source media=\"(max-width: 767px)\" srcset=\"https:\/\/a57.foxnews.com\/static.foxnews.com\/foxnews.com\/content\/uploads\/2025\/05\/343\/192\/older-man-getting-vaccine.jpg?ve=1&amp;tl=1, https:\/\/a57.foxnews.com\/static.foxnews.com\/foxnews.com\/content\/uploads\/2025\/05\/686\/384\/older-man-getting-vaccine.jpg?ve=1&amp;tl=1 2x\" height=\"192\" width=\"343\"><source media=\"(min-width: 768px) and (max-width: 1023px)\" srcset=\"https:\/\/a57.foxnews.com\/static.foxnews.com\/foxnews.com\/content\/uploads\/2025\/05\/672\/378\/older-man-getting-vaccine.jpg?ve=1&amp;tl=1, https:\/\/a57.foxnews.com\/static.foxnews.com\/foxnews.com\/content\/uploads\/2025\/05\/1344\/756\/older-man-getting-vaccine.jpg?ve=1&amp;tl=1 2x\" height=\"378\" width=\"672\"><source media=\"(min-width: 1024px) and (max-width: 1279px)\" srcset=\"https:\/\/a57.foxnews.com\/static.foxnews.com\/foxnews.com\/content\/uploads\/2025\/05\/931\/523\/older-man-getting-vaccine.jpg?ve=1&amp;tl=1, https:\/\/a57.foxnews.com\/static.foxnews.com\/foxnews.com\/content\/uploads\/2025\/05\/1862\/1046\/older-man-getting-vaccine.jpg?ve=1&amp;tl=1 2x\" height=\"523\" width=\"931\"><source media=\"(min-width: 1280px)\" srcset=\"https:\/\/a57.foxnews.com\/static.foxnews.com\/foxnews.com\/content\/uploads\/2025\/05\/720\/405\/older-man-getting-vaccine.jpg?ve=1&amp;tl=1, https:\/\/a57.foxnews.com\/static.foxnews.com\/foxnews.com\/content\/uploads\/2025\/05\/1440\/810\/older-man-getting-vaccine.jpg?ve=1&amp;tl=1 2x\" height=\"405\" width=\"720\"><img loading=\"lazy\" decoding=\"async\" src=\"https:\/\/a57.foxnews.com\/static.foxnews.com\/foxnews.com\/content\/uploads\/2025\/05\/1200\/675\/older-man-getting-vaccine.jpg?ve=1&amp;tl=1\" alt=\"Vacuna para personas mayores\" width=\"1200\" height=\"675\"\/><\/source><\/source><\/source><\/source><\/picture><\/div>\n<div class=\"info\">\n<div class=\"caption\">\n<p><span>Un experto se\u00f1al\u00f3 que el grupo que recibi\u00f3 m\u00e1s vacunas era de mayor edad, con un promedio de 67 a\u00f1os, mientras que los grupos con menos vacunas ten\u00edan un promedio de 37 a 47 a\u00f1os.<\/span> <span>(iStock)<\/span><\/p>\n<\/div>\n<\/div>\n<\/div>\n<p>El Dr. Marc Siegel, analista m\u00e9dico senior de Fox News y autor del nuevo libro \u00abThe Miracles Among Us\u00bb (Fox News Books), tambi\u00e9n coment\u00f3 sobre la investigaci\u00f3n.<\/p>\n<p>\u00abEstos son estudios masivos que de ninguna manera prueban que las vacunas COVID causen problemas renales o aumenten la susceptibilidad a otras infecciones respiratorias, incluida la gripe\u00bb, dijo a Fox News Digital.<\/p>\n<p><strong>HAGA CLIC AQU\u00cd PARA M\u00c1S HISTORIAS DE SALUD<\/strong><\/p>\n<p>\u00abSin embargo, vale la pena investigar m\u00e1s a fondo la asociaci\u00f3n encontrada, y arroja luz sobre el hecho de que el cebado de la bomba inmune debe seguirse cuidadosamente para considerar los efectos potenciales\u00bb.<\/p>\n<p>Siegel a\u00f1adi\u00f3: \u00abTambi\u00e9n es muy posible que los estudios estuvieran sesgados si quienes tomaron la vacuna ya eran m\u00e1s propensos a otras infecciones o a problemas renales\u00bb.<\/p>\n<p> <!----> <\/p>\n<div class=\"article-meta\">\n<div class=\"author-bio\">\n<p>Melissa Rudy es editora senior de salud y miembro del equipo de estilo de vida de Fox News Digital. Se pueden enviar consejos sobre historias a melissa.rudy@fox.com.<\/p>\n<\/div>\n<\/div>\n<\/div>\n\n","protected":false},"excerpt":{"rendered":"<p>NUEVO\u00a1Ahora puedes escuchar los art\u00edculos de Fox News! Dos grandes estudios han puesto de relieve los posibles riesgos para la salud de la vacuna COVID, pero algunos expertos recomiendan cautela al interpretar los hallazgos. Investigaciones recientes han relacionado la vacuna con un mayor riesgo de lesi\u00f3n renal, as\u00ed como con ciertas infecciones respiratorias. Un estudio &hellip;<\/p>\n","protected":false},"author":1,"featured_media":50657,"comment_status":"open","ping_status":"open","sticky":false,"template":"","format":"standard","meta":{"fifu_image_url":"https:\/\/a57.foxnews.com\/static.foxnews.com\/foxnews.com\/content\/uploads\/2025\/11\/1200\/675\/woman-getting-arm-swabbed-vaccine.jpg?ve=1&tl=1","fifu_image_alt":"","footnotes":""},"categories":[8],"tags":[],"class_list":["post-50655","post","type-post","status-publish","format-standard","has-post-thumbnail","","category-salud"],"_links":{"self":[{"href":"https:\/\/noticiasveraces.com\/index.php?rest_route=\/wp\/v2\/posts\/50655","targetHints":{"allow":["GET"]}}],"collection":[{"href":"https:\/\/noticiasveraces.com\/index.php?rest_route=\/wp\/v2\/posts"}],"about":[{"href":"https:\/\/noticiasveraces.com\/index.php?rest_route=\/wp\/v2\/types\/post"}],"author":[{"embeddable":true,"href":"https:\/\/noticiasveraces.com\/index.php?rest_route=\/wp\/v2\/users\/1"}],"replies":[{"embeddable":true,"href":"https:\/\/noticiasveraces.com\/index.php?rest_route=%2Fwp%2Fv2%2Fcomments&post=50655"}],"version-history":[{"count":0,"href":"https:\/\/noticiasveraces.com\/index.php?rest_route=\/wp\/v2\/posts\/50655\/revisions"}],"wp:featuredmedia":[{"embeddable":true,"href":"https:\/\/noticiasveraces.com\/index.php?rest_route=\/wp\/v2\/media\/50657"}],"wp:attachment":[{"href":"https:\/\/noticiasveraces.com\/index.php?rest_route=%2Fwp%2Fv2%2Fmedia&parent=50655"}],"wp:term":[{"taxonomy":"category","embeddable":true,"href":"https:\/\/noticiasveraces.com\/index.php?rest_route=%2Fwp%2Fv2%2Fcategories&post=50655"},{"taxonomy":"post_tag","embeddable":true,"href":"https:\/\/noticiasveraces.com\/index.php?rest_route=%2Fwp%2Fv2%2Ftags&post=50655"}],"curies":[{"name":"wp","href":"https:\/\/api.w.org\/{rel}","templated":true}]}}