{"id":50641,"date":"2025-11-20T04:50:34","date_gmt":"2025-11-20T08:50:34","guid":{"rendered":"https:\/\/noticiasveraces.com\/?p=50641"},"modified":"2025-11-20T04:50:34","modified_gmt":"2025-11-20T08:50:34","slug":"justicia-de-paz-estudia-si-exjefe-de-seguridad-de-uribe-aporto-para-esclarecer-crimenes-albertonews","status":"publish","type":"post","link":"https:\/\/noticiasveraces.com\/?p=50641","title":{"rendered":"Justicia de Paz estudia si exjefe de seguridad de Uribe aport\u00f3 para esclarecer cr\u00edmenes &#8211; AlbertoNews"},"content":{"rendered":"<p> \n<\/p>\n<div>\n<p>La Jurisdicci\u00f3n Especial para la Paz (JEP) convoc\u00f3 a una audiencia p\u00fablica en Bogot\u00e1 al general retirado de la Polic\u00eda Mauricio Santoyo, exjefe de seguridad de la Presidencia de \u00c1lvaro Uribe (2002-2010), para evaluar si est\u00e1 o no aportando verdad para esclarecer cr\u00edmenes del conflicto armado.<\/p>\n<p>En la diligencia, que se realizar\u00e1 este jueves y viernes en Bogot\u00e1, la Sala de Definici\u00f3n de Situaciones Jur\u00eddicas de la JEP determinar\u00e1 si el \u00abcompareciente ha cumplido sus compromisos asumidos en materia de verdad y reparaci\u00f3n de las v\u00edctimas, que le exige el r\u00e9gimen de condicionalidad\u00bb, explic\u00f3 el tribunal en un comunicado.<\/p>\n<p>La JEP, creada por el acuerdo de paz firmado por el Gobierno y la guerrilla de las FARC en 2016, record\u00f3 que la Sala de Definici\u00f3n abri\u00f3 el incidente de incumplimiento del r\u00e9gimen de condicionalidad contra Santoyo en marzo de este a\u00f1o, luego de analizar sus aportes de verdad sobre cr\u00edmenes cometidos cuando fue comandante del grupo antisecuestro de la Polic\u00eda en el departamento de Antioquia entre 1997 y 2001.<\/p>\n<p>\u00abEspec\u00edficamente, con respecto a la desaparici\u00f3n forzada de Claudia Patricia Monsalve Pulgar\u00edn y \u00c1ngel Jos\u00e9 Quintero Mesa, defensores de derechos humanos que integraban la Asociaci\u00f3n de Familiares de Detenidos Desaparecidos (Asfaddes), cometida en octubre de 2000 en Medell\u00edn (Antioquia)\u00bb, detall\u00f3 la JEP.<\/p>\n<p>En desarrollo de este proceso, la JEP admiti\u00f3 como nueva prueba la documentaci\u00f3n presentada por la defensa del oficial, que da cuenta de su participaci\u00f3n en espacios de aporte ante la Unidad de B\u00fasqueda de Personas Dadas por Desaparecidas (UBPD), y solicit\u00f3 a esa entidad informar si las contribuciones entregadas por el general fueron satisfactorias.<\/p>\n<p>La audiencia contar\u00e1 con la participaci\u00f3n presencial de Santoyo, su defensa, representantes de las v\u00edctimas y la Procuradur\u00eda (Ministerio P\u00fablico).<\/p>\n<p class=\"p\"><b><span class=\"15\" style=\"font-family: 'Segoe UI';\">Si quieres recibir en tu celular esta y otras informaciones descarga Telegram, ingresa al link <\/span><\/b><b><span class=\"16\" style=\"font-family: 'Segoe UI';\">https:\/\/t.me\/albertorodnews<\/span><\/b><b><span class=\"15\" style=\"font-family: 'Segoe UI';\"> y dale click a +Unirme.  <\/span><\/b><\/p>\n<p class=\"p\"><b><span class=\"16\" style=\"font-family: 'Segoe UI';\">Alberto Noticias<\/span><\/b><\/p>\n<\/p><\/div>\n\n","protected":false},"excerpt":{"rendered":"<p>La Jurisdicci\u00f3n Especial para la Paz (JEP) convoc\u00f3 a una audiencia p\u00fablica en Bogot\u00e1 al general retirado de la Polic\u00eda Mauricio Santoyo, exjefe de seguridad de la Presidencia de \u00c1lvaro Uribe (2002-2010), para evaluar si est\u00e1 o no aportando verdad para esclarecer cr\u00edmenes del conflicto armado. En la diligencia, que se realizar\u00e1 este jueves y &hellip;<\/p>\n","protected":false},"author":1,"featured_media":50642,"comment_status":"open","ping_status":"open","sticky":false,"template":"","format":"standard","meta":{"fifu_image_url":"https:\/\/albertonews.com\/wp-content\/uploads\/2025\/11\/image-2025-11-19T224232.854.jpg","fifu_image_alt":"","footnotes":""},"categories":[13],"tags":[],"class_list":["post-50641","post","type-post","status-publish","format-standard","has-post-thumbnail","","category-mundo"],"_links":{"self":[{"href":"https:\/\/noticiasveraces.com\/index.php?rest_route=\/wp\/v2\/posts\/50641","targetHints":{"allow":["GET"]}}],"collection":[{"href":"https:\/\/noticiasveraces.com\/index.php?rest_route=\/wp\/v2\/posts"}],"about":[{"href":"https:\/\/noticiasveraces.com\/index.php?rest_route=\/wp\/v2\/types\/post"}],"author":[{"embeddable":true,"href":"https:\/\/noticiasveraces.com\/index.php?rest_route=\/wp\/v2\/users\/1"}],"replies":[{"embeddable":true,"href":"https:\/\/noticiasveraces.com\/index.php?rest_route=%2Fwp%2Fv2%2Fcomments&post=50641"}],"version-history":[{"count":0,"href":"https:\/\/noticiasveraces.com\/index.php?rest_route=\/wp\/v2\/posts\/50641\/revisions"}],"wp:featuredmedia":[{"embeddable":true,"href":"https:\/\/noticiasveraces.com\/index.php?rest_route=\/wp\/v2\/media\/50642"}],"wp:attachment":[{"href":"https:\/\/noticiasveraces.com\/index.php?rest_route=%2Fwp%2Fv2%2Fmedia&parent=50641"}],"wp:term":[{"taxonomy":"category","embeddable":true,"href":"https:\/\/noticiasveraces.com\/index.php?rest_route=%2Fwp%2Fv2%2Fcategories&post=50641"},{"taxonomy":"post_tag","embeddable":true,"href":"https:\/\/noticiasveraces.com\/index.php?rest_route=%2Fwp%2Fv2%2Ftags&post=50641"}],"curies":[{"name":"wp","href":"https:\/\/api.w.org\/{rel}","templated":true}]}}