{"id":50638,"date":"2025-11-20T04:00:25","date_gmt":"2025-11-20T08:00:25","guid":{"rendered":"https:\/\/noticiasveraces.com\/?p=50638"},"modified":"2025-11-20T04:00:25","modified_gmt":"2025-11-20T08:00:25","slug":"el-uso-de-la-ia-en-la-salud-avanza-en-europa-sin-salvaguardas-legales-y-eticas-suficientes","status":"publish","type":"post","link":"https:\/\/noticiasveraces.com\/?p=50638","title":{"rendered":"El uso de la IA en la salud avanza en Europa sin salvaguardas legales y \u00e9ticas suficientes"},"content":{"rendered":"<p> \n<br \/><img decoding=\"async\" src=\"https:\/\/global.unitednations.entermediadb.net\/assets\/mediadb\/services\/module\/asset\/downloads\/preset\/Collections\/Embargoed\/21-03-2024_Wiki_AI.jpg\/image560x340cropped.jpg\" \/><\/p>\n<div>\n<p>La inteligencia artificial (IA) forma parte del trabajo cotidiano de los m\u00e9dicos en Europa apoyando los diagn\u00f3sticos y reduciendo el papeleo administrativo; sin embargo <strong>no existe una normativa legal o \u00e9tica lo suficientemente s\u00f3lida<\/strong> para la operaci\u00f3n de esas tecnolog\u00edas, advirti\u00f3 este mi\u00e9rcoles la Organizaci\u00f3n Mundial de la Salud (OMS).<\/p>\n<p>Un nuevo informe regional de la OMS afirma que la expansi\u00f3n de la IA en la atenci\u00f3n sanitaria ocurre <strong>sin las redes de protecci\u00f3n legal b\u00e1sicas para resguardar a pacientes y personal de salud.<\/strong><\/p>\n<p>Esa falta de salvaguardas no ha frenado la utilizaci\u00f3n de la IA en los sistemas sanitarios en Europa, donde <strong>32 pa\u00edses utilizan diagn\u00f3sticos asistidos por IA,<\/strong> especialmente en imagen m\u00e9dica; la mitad de las naciones ha incorporado chatbots para la interacci\u00f3n con pacientes; y 26 pa\u00edses han identificado \u00e1reas prioritarias para su despliegue.<\/p>\n<h2>Falta de responsables<\/h2>\n<p>Frente a la rapidez del avance de la IA en los sistemas sanitarios europeos, el estudio llama la atenci\u00f3n sobre la <strong>falta de responsables cuando esas tecnolog\u00edas se equivocan o causan da\u00f1os.<\/strong><\/p>\n<p>El director general de la OMS para Europa alert\u00f3 de la <strong>ausencia de estrategias claras, privacidad de datos<\/strong>marcos legales e inversi\u00f3n en alfabetizaci\u00f3n en IA.<\/p>\n<p>Sin todos esos elementos, dijo el doctor Hans Kluge \u201cse corre el <strong>riesgo de profundizar las inequidades<\/strong> en lugar de reducirlas\u201d.<\/p>\n<h2>Desigualdades amplias entre pa\u00edses<\/h2>\n<p>El informe, basado en encuestas realizadas en 50 de los 53 Estados miembros de la regi\u00f3n, muestra a una zona en plena transici\u00f3n hacia modelos de salud m\u00e1s digitales, pero marcada por amplias <strong>desigualdades en infraestructura, conocimientos y recursos.<\/strong><\/p>\n<p>As\u00ed, aunque casi todos los pa\u00edses reconocen el potencial de las nuevas tecnolog\u00edas para transformar la atenci\u00f3n sanitaria, <strong>solo cuatro de ellos cuentan con una estrategia nacional espec\u00edfica<\/strong> de IA para la salud, y otros 7 est\u00e1n desarrollando una.<\/p>\n<p>El informe destaca que la regulaci\u00f3n de la IA no avanza al mismo ritmo que la tecnolog\u00eda: casi <strong>nueve de cada diez pa\u00edses se\u00f1alan la incertidumbre legal<\/strong> como el mayor obst\u00e1culo para adoptar la inteligencia artificial, y ocho de cada diez mencionan limitaciones financieras, mientras que menos del 10% dispone de est\u00e1ndares de responsabilidad que definan qui\u00e9n responde ante un error o da\u00f1o causado por un sistema.<\/p>\n<h2>Plan de Acci\u00f3n<\/h2>\n<p>El an\u00e1lisis de la OMS toma como punto de partida el Plan de Acci\u00f3n de Salud Digital para la Regi\u00f3n Europea 2023\u20132030, que establece el <strong>marco para que los pa\u00edses adopten tecnolog\u00edas digitales de forma segura, equitativa<\/strong> y centrada en las personas.<\/p>\n<p>El Plan insiste en principios clave como equidad, <strong>solidaridad y derechos humanos<\/strong>y recuerda que ninguna innovaci\u00f3n tecnol\u00f3gica que ensanche las brechas existentes en vez de cerrarlas puede considerarse un avance real.<\/p>\n<p>En este contexto, la agencia de la ONU subray\u00f3 la importancia de garantizar la <strong>transferencia de conocimientos y tecnolog\u00edas entre pa\u00edses<\/strong> con distintos grados de digitalizaci\u00f3n, recalcando que si esta condici\u00f3n no se cumple, se acentuar\u00e1n las inequidades ya presentes entre los sistemas sanitarios europeos.<\/p>\n<p>El Plan de Acci\u00f3n exige una <strong>gobernanza s\u00f3lida, un liderazgo t\u00e9cnico y pol\u00edtico, y el fortalecimiento de las capacidades nacionales<\/strong>lo que implica mejorar la alfabetizaci\u00f3n digital, promover la operaci\u00f3n coordinada de infraestructuras, garantizar la calidad de los datos y preparar a los profesionales de la salud para trabajar con nuevas herramientas.<\/p>\n<h2>Sin definici\u00f3n universal<\/h2>\n<p>Pese a los adelantos en el uso de las nuevas tecnolog\u00edas, la OMS subray\u00f3 que uno de los principales desaf\u00edos es la <strong>falta de una definici\u00f3n universalmente aceptada de IA<\/strong>.<\/p>\n<p>Ante esta ausencia y la amplia gama de aplicaciones de la IA -diagn\u00f3stico, predicci\u00f3n, organizaci\u00f3n de recursos o comunicaci\u00f3n con pacientes-, el organismo de la ONU centra la atenci\u00f3n en las capacidades esenciales: <strong>aprender, tomar decisiones, generar diagn\u00f3sticos <\/strong>y operar con distintos niveles de autonom\u00eda.<\/p>\n<h2>Una d\u00e9cada ganando terreno<\/h2>\n<p>El informe explica que desde mediados de la d\u00e9cada de 2010, la <strong>IA ha ido ganando terreno en \u00e1reas como apoyo a decisiones cl\u00ednicas, an\u00e1lisis de im\u00e1genes diagn\u00f3sticas<\/strong>vigilancia epidemiol\u00f3gica y gesti\u00f3n de sistemas de salud.<\/p>\n<p>El proceso <strong>se aceler\u00f3 durante la pandemia<\/strong> de COVID-19, cuando la tecnolog\u00eda demostr\u00f3 su capacidad para analizar datos en tiempo real, predecir la evoluci\u00f3n de pacientes y optimizar la asignaci\u00f3n de recursos.<\/p>\n<p>Como ejemplo, el estudio cita los casos de Italia y el Reino Unido, donde la IA <strong>apoy\u00f3 el triaje de pacientes y la evaluaci\u00f3n radiol\u00f3gic<\/strong>a, ayudando a aliviar la presi\u00f3n en hospitales saturados.<\/p>\n<p>No obstante, tambi\u00e9n pone en evidencia el <strong>enorme contraste entre los pa\u00edses con sistemas digitales consolidado<\/strong>s que pudieron incorporar IA r\u00e1pidamente, y los que quedaron rezagados por la fragmentaci\u00f3n de datos, la falta de personal especializado y la ausencia de marcos regulatorios adecuados.<\/p>\n<p>La OMS sostuvo que esta brecha constituye un riesgo real: si no se toman medidas, las diferencias observadas durante la <strong>pandemia podr\u00edan convertirse en inequidades estructurales de largo plazo<\/strong>.<\/p>\n<h2>Tres preocupaciones<\/h2>\n<p>El informe identifica tres preocupaciones centrales en la aplicaci\u00f3n de la IA en los sistemas sanitarios: la <strong>seguridad del paciente, el acceso equitativo y la privacidad digital.<\/strong><\/p>\n<p>La IA depende de datos y si estos son incompletos o sesgados, las decisiones tambi\u00e9n lo ser\u00e1n, con <strong>riesgo de diagn\u00f3sticos fallidos<\/strong>tratamientos incorrectos o inequidades en el acceso, argumenta el an\u00e1lisis.<\/p>\n<p>La OMS llam\u00f3 a los pa\u00edses de la regi\u00f3n europea a <strong>desarrollar estrategias alineadas con objetivos de salud p\u00fablica<\/strong>fortalecer los marcos legales y \u00e9ticos, formar a una fuerza laboral preparada para la IA, mejorar la gobernanza de datos y mantener una comunicaci\u00f3n transparente con la ciudadan\u00eda.<\/p>\n<h2>Los pacientes deben ser el centro<\/h2>\n<p>\u201cLa IA est\u00e1 a punto de revolucionar la atenci\u00f3n sanitaria, pero su promesa solo se cumplir\u00e1 si <strong>las personas y los pacientes siguen en el centro de cada decisi\u00f3n<\/strong>\u201d, concluy\u00f3 el doctor Kluge.<\/p>\n<p>\u201cLo que decidamos hoy <strong>determinar\u00e1 si la IA empodera o deja atr\u00e1s<\/strong> a quienes m\u00e1s la necesitan\u201d, dijo.<\/p>\n<p>En el mismo tenor, la doctora Natasha Azzopardi-Muscat, directora de Sistemas de Salud de la OMS en Europa, asever\u00f3 que los <strong>sistemas de sanidad europeos est\u00e1n en una encrucijada<\/strong>: \u201cLa IA puede mejorar la salud y el bienestar, reducir la carga sobre los exhaustos trabajadores sanitarios y abaratar costos\u2026 o puede poner en riesgo la seguridad del paciente, comprometer la privacidad y profundizar las desigualdades. La elecci\u00f3n es nuestra\u201d.<\/p>\n<\/div>\n\n","protected":false},"excerpt":{"rendered":"<p>La inteligencia artificial (IA) forma parte del trabajo cotidiano de los m\u00e9dicos en Europa apoyando los diagn\u00f3sticos y reduciendo el papeleo administrativo; sin embargo no existe una normativa legal o \u00e9tica lo suficientemente s\u00f3lida para la operaci\u00f3n de esas tecnolog\u00edas, advirti\u00f3 este mi\u00e9rcoles la Organizaci\u00f3n Mundial de la Salud (OMS). Un nuevo informe regional de &hellip;<\/p>\n","protected":false},"author":1,"featured_media":50640,"comment_status":"open","ping_status":"open","sticky":false,"template":"","format":"standard","meta":{"fifu_image_url":"https:\/\/global.unitednations.entermediadb.net\/assets\/mediadb\/services\/module\/asset\/downloads\/preset\/Collections\/Embargoed\/21-03-2024_Wiki_AI.jpg\/image770x420cropped.jpg","fifu_image_alt":"","footnotes":""},"categories":[3],"tags":[],"class_list":["post-50638","post","type-post","status-publish","format-standard","has-post-thumbnail","","category-negocio"],"_links":{"self":[{"href":"https:\/\/noticiasveraces.com\/index.php?rest_route=\/wp\/v2\/posts\/50638","targetHints":{"allow":["GET"]}}],"collection":[{"href":"https:\/\/noticiasveraces.com\/index.php?rest_route=\/wp\/v2\/posts"}],"about":[{"href":"https:\/\/noticiasveraces.com\/index.php?rest_route=\/wp\/v2\/types\/post"}],"author":[{"embeddable":true,"href":"https:\/\/noticiasveraces.com\/index.php?rest_route=\/wp\/v2\/users\/1"}],"replies":[{"embeddable":true,"href":"https:\/\/noticiasveraces.com\/index.php?rest_route=%2Fwp%2Fv2%2Fcomments&post=50638"}],"version-history":[{"count":0,"href":"https:\/\/noticiasveraces.com\/index.php?rest_route=\/wp\/v2\/posts\/50638\/revisions"}],"wp:featuredmedia":[{"embeddable":true,"href":"https:\/\/noticiasveraces.com\/index.php?rest_route=\/wp\/v2\/media\/50640"}],"wp:attachment":[{"href":"https:\/\/noticiasveraces.com\/index.php?rest_route=%2Fwp%2Fv2%2Fmedia&parent=50638"}],"wp:term":[{"taxonomy":"category","embeddable":true,"href":"https:\/\/noticiasveraces.com\/index.php?rest_route=%2Fwp%2Fv2%2Fcategories&post=50638"},{"taxonomy":"post_tag","embeddable":true,"href":"https:\/\/noticiasveraces.com\/index.php?rest_route=%2Fwp%2Fv2%2Ftags&post=50638"}],"curies":[{"name":"wp","href":"https:\/\/api.w.org\/{rel}","templated":true}]}}