{"id":50623,"date":"2025-11-20T00:57:44","date_gmt":"2025-11-20T04:57:44","guid":{"rendered":"https:\/\/noticiasveraces.com\/?p=50623"},"modified":"2025-11-20T00:57:44","modified_gmt":"2025-11-20T04:57:44","slug":"index-on-censorship-reconocio-al-periodista-venezolano-carlos-correa-en-los-premios-a-la-libertad-de-expresion-2025","status":"publish","type":"post","link":"https:\/\/noticiasveraces.com\/?p=50623","title":{"rendered":"Index on Censorship reconoci\u00f3 al periodista venezolano Carlos Correa en los Premios a la Libertad de Expresi\u00f3n 2025"},"content":{"rendered":"<p> \n<\/p>\n<div>\n<p>La organizaci\u00f3n<strong> Index on Censorship reconoci\u00f3 el mi\u00e9rcoles 19 de noviembre al periodista y fundador de Espacio P\u00fablico, Carlos Correa,<\/strong> en la categor\u00eda de Periodismo de los Premios a la Libertad de Expresi\u00f3n 2025. <\/p>\n<div class=\"ruby-table-contents rbtoc table-fw\">\n<ul class=\"toc-content h5\">\n<li>Un a\u00f1o dif\u00edcil para la libertad de expresi\u00f3n<\/li>\n<li>\u00bfQui\u00e9n es Carlos Correa?<\/li>\n<\/ul>\n<\/div>\n<p>La ceremonia de los Premios a la Libertad de Expresi\u00f3n 2025 se llev\u00f3 a cabo en la ciudad de Londres, Inglaterra.<\/p>\n<p>\u201c<strong>La mejor manera de defender la libertad de expresi\u00f3n es ejerci\u00e9ndola<\/strong>. Tambi\u00e9n es reconocer a trav\u00e9s de m\u00ed a tanta gente que de alguna manera sigue intentando expresarse en el pa\u00eds\u201d, expres\u00f3 Correa en la nota publicada por la organizaci\u00f3n no gubernamental (ONG) Espacio P\u00fablico.<\/p>\n<p>De acuerdo con Index on Censorship, <strong>este galard\u00f3n rinde homenaje a las personas y grupos que \u201cson ejemplos de resistencia en un contexto donde reina el autoritarismo, populismo y represi\u00f3n hacia quienes piensan distinto\u201d.<\/strong><\/p>\n<figure class=\"wp-block-image size-large\"><picture fetchpriority=\"high\" decoding=\"async\" class=\"wp-image-828696\"><source type=\"image\/webp\" sizes=\"(max-width: 1200px) 100vw, 1200px\" nitro-lazy-srcset=\"https:\/\/eldiario.com\/nitropack_static\/DWpklAePbJBFiBKvuTtiGMLbtJlHUqWt\/assets\/images\/optimized\/rev-4610e21\/eldiario.com\/wp-content\/uploads\/2025\/11\/carlos-correa-2-1200x900.jpg.webp 1200w, https:\/\/eldiario.com\/nitropack_static\/DWpklAePbJBFiBKvuTtiGMLbtJlHUqWt\/assets\/images\/optimized\/rev-4610e21\/eldiario.com\/wp-content\/uploads\/2025\/11\/carlos-correa-2-300x225.jpg.webp 300w, https:\/\/eldiario.com\/nitropack_static\/DWpklAePbJBFiBKvuTtiGMLbtJlHUqWt\/assets\/images\/optimized\/rev-4610e21\/eldiario.com\/wp-content\/uploads\/2025\/11\/carlos-correa-2-768x576.jpg.webp 768w, https:\/\/eldiario.com\/nitropack_static\/DWpklAePbJBFiBKvuTtiGMLbtJlHUqWt\/assets\/images\/optimized\/rev-4610e21\/eldiario.com\/wp-content\/uploads\/2025\/11\/carlos-correa-2-1536x1152.jpg.webp 1536w, https:\/\/eldiario.com\/nitropack_static\/DWpklAePbJBFiBKvuTtiGMLbtJlHUqWt\/assets\/images\/optimized\/rev-4610e21\/eldiario.com\/wp-content\/uploads\/2025\/11\/carlos-correa-2-860x645.jpg.webp 860w, https:\/\/eldiario.com\/nitropack_static\/DWpklAePbJBFiBKvuTtiGMLbtJlHUqWt\/assets\/images\/optimized\/rev-4610e21\/eldiario.com\/wp-content\/uploads\/2025\/11\/carlos-correa-2-150x113.jpg.webp 150w, https:\/\/eldiario.com\/nitropack_static\/DWpklAePbJBFiBKvuTtiGMLbtJlHUqWt\/assets\/images\/optimized\/rev-4610e21\/eldiario.com\/wp-content\/uploads\/2025\/11\/carlos-correa-2.jpg.webp 1600w\" nitro-lazy-empty=\"\" id=\"ODE5OjY4NA==-1\" srcset=\"data:image\/svg+xml;nitro-empty-id=ODE5OjY4NA==-1;base64,PHN2ZyB2aWV3Qm94PSIwIDAgMTIwMCA5MDAiIHdpZHRoPSIxMjAwIiBoZWlnaHQ9IjkwMCIgeG1sbnM9Imh0dHA6Ly93d3cudzMub3JnLzIwMDAvc3ZnIj48L3N2Zz4=\"\/><img fetchpriority=\"high\" width=\"1200\" height=\"900\" alt=\"carlos correa\" sizes=\"(max-width: 1200px) 100vw, 1200px\" srcset=\"https:\/\/eldiario.com\/nitropack_static\/DWpklAePbJBFiBKvuTtiGMLbtJlHUqWt\/assets\/images\/optimized\/rev-4610e21\/eldiario.com\/wp-content\/uploads\/2025\/11\/carlos-correa-2-1200x900.jpg 1200w, https:\/\/eldiario.com\/nitropack_static\/DWpklAePbJBFiBKvuTtiGMLbtJlHUqWt\/assets\/images\/optimized\/rev-4610e21\/eldiario.com\/wp-content\/uploads\/2025\/11\/carlos-correa-2-300x225.jpg 300w, https:\/\/eldiario.com\/nitropack_static\/DWpklAePbJBFiBKvuTtiGMLbtJlHUqWt\/assets\/images\/optimized\/rev-4610e21\/eldiario.com\/wp-content\/uploads\/2025\/11\/carlos-correa-2-768x576.jpg 768w, https:\/\/eldiario.com\/nitropack_static\/DWpklAePbJBFiBKvuTtiGMLbtJlHUqWt\/assets\/images\/optimized\/rev-4610e21\/eldiario.com\/wp-content\/uploads\/2025\/11\/carlos-correa-2-1536x1152.jpg 1536w, https:\/\/eldiario.com\/nitropack_static\/DWpklAePbJBFiBKvuTtiGMLbtJlHUqWt\/assets\/images\/optimized\/rev-4610e21\/eldiario.com\/wp-content\/uploads\/2025\/11\/carlos-correa-2-860x645.jpg 860w, https:\/\/eldiario.com\/nitropack_static\/DWpklAePbJBFiBKvuTtiGMLbtJlHUqWt\/assets\/images\/optimized\/rev-4610e21\/eldiario.com\/wp-content\/uploads\/2025\/11\/carlos-correa-2-150x113.jpg 150w, https:\/\/eldiario.com\/nitropack_static\/DWpklAePbJBFiBKvuTtiGMLbtJlHUqWt\/assets\/images\/optimized\/rev-4610e21\/eldiario.com\/wp-content\/uploads\/2025\/11\/carlos-correa-2.jpg 1600w\" src=\"https:\/\/eldiario.com\/nitropack_static\/DWpklAePbJBFiBKvuTtiGMLbtJlHUqWt\/assets\/images\/optimized\/rev-4610e21\/eldiario.com\/wp-content\/uploads\/2025\/11\/carlos-correa-2-1200x900.jpg\" class=\"nitro-lazy\" decoding=\"async\" nitro-lazy-empty=\"\" id=\"ODIwOjc5NQ==-1\"\/> <\/picture><figcaption class=\"wp-element-caption\">Foto: \u00cdndice de censura<\/figcaption><\/figure>\n<h2 id=\"un-ano-dificil-para-la-libertad-de-expresion\" class=\"rb-heading-index-0-828688 wp-block-heading\"><strong>Un a\u00f1o dif\u00edcil para la libertad de expresi\u00f3n<\/strong><\/h2>\n<p>En sus declaraciones,<strong> Correa insisti\u00f3 en que la libertad de expresi\u00f3n no aplica solo a los periodistas, sino tambi\u00e9n a toda la ciudadan\u00eda.<\/strong><\/p>\n<p>\u201cCuando se censura a un periodista, se censura a toda la sociedad<strong>. Espero que este premio sea \u00fatil para continuar visibilizando la situaci\u00f3n venezolana<\/strong>que contribuya a mantener esa voz que es fundamental para que el pa\u00eds pueda solventar los enormes desaf\u00edos que tiene por delante\u201d, asever\u00f3.<\/p>\n<figure class=\"wp-block-image size-large\"><picture loading=\"lazy\" decoding=\"async\" class=\"wp-image-828694\"><source type=\"image\/webp\" sizes=\"(max-width: 1200px) 100vw, 1200px\" nitro-lazy-srcset=\"https:\/\/eldiario.com\/nitropack_static\/DWpklAePbJBFiBKvuTtiGMLbtJlHUqWt\/assets\/images\/optimized\/rev-4610e21\/eldiario.com\/wp-content\/uploads\/2025\/11\/carlos-correa-1-1200x900.jpg.webp 1200w, https:\/\/eldiario.com\/nitropack_static\/DWpklAePbJBFiBKvuTtiGMLbtJlHUqWt\/assets\/images\/optimized\/rev-4610e21\/eldiario.com\/wp-content\/uploads\/2025\/11\/carlos-correa-1-300x225.jpg.webp 300w, https:\/\/eldiario.com\/nitropack_static\/DWpklAePbJBFiBKvuTtiGMLbtJlHUqWt\/assets\/images\/optimized\/rev-4610e21\/eldiario.com\/wp-content\/uploads\/2025\/11\/carlos-correa-1-768x576.jpg.webp 768w, https:\/\/eldiario.com\/nitropack_static\/DWpklAePbJBFiBKvuTtiGMLbtJlHUqWt\/assets\/images\/optimized\/rev-4610e21\/eldiario.com\/wp-content\/uploads\/2025\/11\/carlos-correa-1-1536x1152.jpg.webp 1536w, https:\/\/eldiario.com\/nitropack_static\/DWpklAePbJBFiBKvuTtiGMLbtJlHUqWt\/assets\/images\/optimized\/rev-4610e21\/eldiario.com\/wp-content\/uploads\/2025\/11\/carlos-correa-1-860x645.jpg.webp 860w, https:\/\/eldiario.com\/nitropack_static\/DWpklAePbJBFiBKvuTtiGMLbtJlHUqWt\/assets\/images\/optimized\/rev-4610e21\/eldiario.com\/wp-content\/uploads\/2025\/11\/carlos-correa-1-150x113.jpg.webp 150w, https:\/\/eldiario.com\/nitropack_static\/DWpklAePbJBFiBKvuTtiGMLbtJlHUqWt\/assets\/images\/optimized\/rev-4610e21\/eldiario.com\/wp-content\/uploads\/2025\/11\/carlos-correa-1.jpg.webp 1600w\" nitro-lazy-empty=\"\" id=\"ODM5OjY4NA==-1\" srcset=\"data:image\/svg+xml;nitro-empty-id=ODM5OjY4NA==-1;base64,PHN2ZyB2aWV3Qm94PSIwIDAgMTIwMCA5MDAiIHdpZHRoPSIxMjAwIiBoZWlnaHQ9IjkwMCIgeG1sbnM9Imh0dHA6Ly93d3cudzMub3JnLzIwMDAvc3ZnIj48L3N2Zz4=\"\/><img loading=\"lazy\" width=\"1200\" height=\"900\" alt=\"Carlos Correa\" sizes=\"auto, (max-width: 1200px) 100vw, 1200px\" srcset=\"https:\/\/eldiario.com\/nitropack_static\/DWpklAePbJBFiBKvuTtiGMLbtJlHUqWt\/assets\/images\/optimized\/rev-4610e21\/eldiario.com\/wp-content\/uploads\/2025\/11\/carlos-correa-1-1200x900.jpg 1200w, https:\/\/eldiario.com\/nitropack_static\/DWpklAePbJBFiBKvuTtiGMLbtJlHUqWt\/assets\/images\/optimized\/rev-4610e21\/eldiario.com\/wp-content\/uploads\/2025\/11\/carlos-correa-1-300x225.jpg 300w, https:\/\/eldiario.com\/nitropack_static\/DWpklAePbJBFiBKvuTtiGMLbtJlHUqWt\/assets\/images\/optimized\/rev-4610e21\/eldiario.com\/wp-content\/uploads\/2025\/11\/carlos-correa-1-768x576.jpg 768w, https:\/\/eldiario.com\/nitropack_static\/DWpklAePbJBFiBKvuTtiGMLbtJlHUqWt\/assets\/images\/optimized\/rev-4610e21\/eldiario.com\/wp-content\/uploads\/2025\/11\/carlos-correa-1-1536x1152.jpg 1536w, https:\/\/eldiario.com\/nitropack_static\/DWpklAePbJBFiBKvuTtiGMLbtJlHUqWt\/assets\/images\/optimized\/rev-4610e21\/eldiario.com\/wp-content\/uploads\/2025\/11\/carlos-correa-1-860x645.jpg 860w, https:\/\/eldiario.com\/nitropack_static\/DWpklAePbJBFiBKvuTtiGMLbtJlHUqWt\/assets\/images\/optimized\/rev-4610e21\/eldiario.com\/wp-content\/uploads\/2025\/11\/carlos-correa-1-150x113.jpg 150w, https:\/\/eldiario.com\/nitropack_static\/DWpklAePbJBFiBKvuTtiGMLbtJlHUqWt\/assets\/images\/optimized\/rev-4610e21\/eldiario.com\/wp-content\/uploads\/2025\/11\/carlos-correa-1.jpg 1600w\" src=\"https:\/\/eldiario.com\/nitropack_static\/DWpklAePbJBFiBKvuTtiGMLbtJlHUqWt\/assets\/images\/optimized\/rev-4610e21\/eldiario.com\/wp-content\/uploads\/2025\/11\/carlos-correa-1-1200x900.jpg\" class=\"nitro-lazy\" decoding=\"async\" nitro-lazy-empty=\"\" id=\"ODQwOjc4OQ==-1\"\/> <\/picture><figcaption class=\"wp-element-caption\">Foto: Espacio P\u00fablico<\/figcaption><\/figure>\n<p>Por su parte,<strong> el director ejecutivo de Index on Censorship, Jemiman Steinfeld, advirti\u00f3 que 2025 fue un a\u00f1o dif\u00edcil, debido a que las amenazas a la libertad de expresi\u00f3n siguen aumentando<\/strong> en el mundo.<\/p>\n<p>\u201cEl coraje extremo en un momento en que la oscuridad parece cernirse sobre nosotros. <strong>Que sus historias sirvan de ejemplo para todos,<\/strong> incluidos aquellos de nosotros en el Reino Unido que afortunadamente hemos podido dar por sentado los derechos b\u00e1sicos, pero que ahora estamos viendo que nada, ni siquiera la libertad de expresi\u00f3n, est\u00e1 garantizada\u201d, se\u00f1al\u00f3 durante la ceremonia.<\/p>\n<h2 id=\"quien-es-carlos-correa\" class=\"rb-heading-index-1-828688 wp-block-heading\"><strong>\u00bfQui\u00e9n es Carlos Correa?<\/strong><\/h2>\n<p><strong>Carlos Correa es un periodista, egresado de la Universidad Cat\u00f3lica Andr\u00e9s Bello <\/strong>(UCAB), que desde el a\u00f1o 1988 ha trabajado en los medios de comunicaci\u00f3n, la docencia y su emprendimiento social.<\/p>\n<p><strong>En 1989, estudi\u00f3 un doctorado en Ciencias de la Informaci\u00f3n en la Universidad de La Laguna en Tenerife <\/strong>(Espa\u00f1a). Correa culmin\u00f3 en 1993 sus estudios en esta casa de estudios, donde se gradu\u00f3 con honores, menci\u00f3n <em>\u00bfC\u00f3mo alabanza?<\/em>de acuerdo con su biograf\u00eda publicada en Espacio P\u00fablico.<\/p>\n<p><strong>En 2002, Correa fund\u00f3 Espacio P\u00fablico<\/strong>una ONG que se ha dedicado a documentar denuncias de violaciones a la libertad de expresi\u00f3n. Adem\u00e1s, es miembro del Programa Venezolano de Educaci\u00f3n-Acci\u00f3n en Derechos Humanos (Provea).<\/p>\n<p><strong>En 2015, Correa fund\u00f3 <em>Cr\u00f3nica.Uno<\/em><\/strong>  con el que ha buscado un periodismo con perspectiva de derechos humanos y actualmente se mantiene como el director de este medio de comunicaci\u00f3n digital.<\/p>\n<figure class=\"wp-block-image size-large\"><picture loading=\"lazy\" decoding=\"async\" class=\"wp-image-828692\"><source type=\"image\/webp\" sizes=\"auto, (max-width: 1200px) 100vw, 1200px\" nitro-lazy-srcset=\"https:\/\/eldiario.com\/nitropack_static\/DWpklAePbJBFiBKvuTtiGMLbtJlHUqWt\/assets\/images\/optimized\/rev-4610e21\/eldiario.com\/wp-content\/uploads\/2025\/11\/carlos-correa-1200x900.jpg.webp 1200w, https:\/\/eldiario.com\/nitropack_static\/DWpklAePbJBFiBKvuTtiGMLbtJlHUqWt\/assets\/images\/optimized\/rev-4610e21\/eldiario.com\/wp-content\/uploads\/2025\/11\/carlos-correa-300x225.jpg.webp 300w, https:\/\/eldiario.com\/nitropack_static\/DWpklAePbJBFiBKvuTtiGMLbtJlHUqWt\/assets\/images\/optimized\/rev-4610e21\/eldiario.com\/wp-content\/uploads\/2025\/11\/carlos-correa-768x576.jpg.webp 768w, https:\/\/eldiario.com\/nitropack_static\/DWpklAePbJBFiBKvuTtiGMLbtJlHUqWt\/assets\/images\/optimized\/rev-4610e21\/eldiario.com\/wp-content\/uploads\/2025\/11\/carlos-correa-1536x1152.jpg.webp 1536w, https:\/\/eldiario.com\/nitropack_static\/DWpklAePbJBFiBKvuTtiGMLbtJlHUqWt\/assets\/images\/optimized\/rev-4610e21\/eldiario.com\/wp-content\/uploads\/2025\/11\/carlos-correa-860x645.jpg.webp 860w, https:\/\/eldiario.com\/nitropack_static\/DWpklAePbJBFiBKvuTtiGMLbtJlHUqWt\/assets\/images\/optimized\/rev-4610e21\/eldiario.com\/wp-content\/uploads\/2025\/11\/carlos-correa-150x113.jpg.webp 150w, https:\/\/eldiario.com\/nitropack_static\/DWpklAePbJBFiBKvuTtiGMLbtJlHUqWt\/assets\/images\/optimized\/rev-4610e21\/eldiario.com\/wp-content\/uploads\/2025\/11\/carlos-correa.jpg.webp 1600w\" nitro-lazy-empty=\"\" id=\"ODc1OjY3Ng==-1\" srcset=\"data:image\/svg+xml;nitro-empty-id=ODc1OjY3Ng==-1;base64,PHN2ZyB2aWV3Qm94PSIwIDAgMTIwMCA5MDAiIHdpZHRoPSIxMjAwIiBoZWlnaHQ9IjkwMCIgeG1sbnM9Imh0dHA6Ly93d3cudzMub3JnLzIwMDAvc3ZnIj48L3N2Zz4=\"\/><img loading=\"lazy\" width=\"1200\" height=\"900\" alt=\"Carlos Correa\" sizes=\"auto, (max-width: 1200px) 100vw, 1200px\" srcset=\"https:\/\/eldiario.com\/nitropack_static\/DWpklAePbJBFiBKvuTtiGMLbtJlHUqWt\/assets\/images\/optimized\/rev-4610e21\/eldiario.com\/wp-content\/uploads\/2025\/11\/carlos-correa-1200x900.jpg 1200w, https:\/\/eldiario.com\/nitropack_static\/DWpklAePbJBFiBKvuTtiGMLbtJlHUqWt\/assets\/images\/optimized\/rev-4610e21\/eldiario.com\/wp-content\/uploads\/2025\/11\/carlos-correa-300x225.jpg 300w, https:\/\/eldiario.com\/nitropack_static\/DWpklAePbJBFiBKvuTtiGMLbtJlHUqWt\/assets\/images\/optimized\/rev-4610e21\/eldiario.com\/wp-content\/uploads\/2025\/11\/carlos-correa-768x576.jpg 768w, https:\/\/eldiario.com\/nitropack_static\/DWpklAePbJBFiBKvuTtiGMLbtJlHUqWt\/assets\/images\/optimized\/rev-4610e21\/eldiario.com\/wp-content\/uploads\/2025\/11\/carlos-correa-1536x1152.jpg 1536w, https:\/\/eldiario.com\/nitropack_static\/DWpklAePbJBFiBKvuTtiGMLbtJlHUqWt\/assets\/images\/optimized\/rev-4610e21\/eldiario.com\/wp-content\/uploads\/2025\/11\/carlos-correa-860x645.jpg 860w, https:\/\/eldiario.com\/nitropack_static\/DWpklAePbJBFiBKvuTtiGMLbtJlHUqWt\/assets\/images\/optimized\/rev-4610e21\/eldiario.com\/wp-content\/uploads\/2025\/11\/carlos-correa-150x113.jpg 150w, https:\/\/eldiario.com\/nitropack_static\/DWpklAePbJBFiBKvuTtiGMLbtJlHUqWt\/assets\/images\/optimized\/rev-4610e21\/eldiario.com\/wp-content\/uploads\/2025\/11\/carlos-correa.jpg 1600w\" src=\"https:\/\/eldiario.com\/nitropack_static\/DWpklAePbJBFiBKvuTtiGMLbtJlHUqWt\/assets\/images\/optimized\/rev-4610e21\/eldiario.com\/wp-content\/uploads\/2025\/11\/carlos-correa-1200x900.jpg\" class=\"nitro-lazy\" decoding=\"async\" nitro-lazy-empty=\"\" id=\"ODc2Ojc3OQ==-1\"\/> <\/picture><figcaption class=\"wp-element-caption\">Foto: Espacio P\u00fablico<\/figcaption><\/figure>\n<\/p><\/div>\n\n","protected":false},"excerpt":{"rendered":"<p>La organizaci\u00f3n Index on Censorship reconoci\u00f3 el mi\u00e9rcoles 19 de noviembre al periodista y fundador de Espacio P\u00fablico, Carlos Correa, en la categor\u00eda de Periodismo de los Premios a la Libertad de Expresi\u00f3n 2025. Un a\u00f1o dif\u00edcil para la libertad de expresi\u00f3n \u00bfQui\u00e9n es Carlos Correa? La ceremonia de los Premios a la Libertad de &hellip;<\/p>\n","protected":false},"author":1,"featured_media":50625,"comment_status":"open","ping_status":"open","sticky":false,"template":"","format":"standard","meta":{"fifu_image_url":"https:\/\/eldiario.com\/wp-content\/uploads\/2025\/01\/Director-de-Espacio-Publico-Carlos-Correa.-EFE.jpg","fifu_image_alt":"","footnotes":""},"categories":[4],"tags":[],"class_list":["post-50623","post","type-post","status-publish","format-standard","has-post-thumbnail","","category-historias-destacadas"],"_links":{"self":[{"href":"https:\/\/noticiasveraces.com\/index.php?rest_route=\/wp\/v2\/posts\/50623","targetHints":{"allow":["GET"]}}],"collection":[{"href":"https:\/\/noticiasveraces.com\/index.php?rest_route=\/wp\/v2\/posts"}],"about":[{"href":"https:\/\/noticiasveraces.com\/index.php?rest_route=\/wp\/v2\/types\/post"}],"author":[{"embeddable":true,"href":"https:\/\/noticiasveraces.com\/index.php?rest_route=\/wp\/v2\/users\/1"}],"replies":[{"embeddable":true,"href":"https:\/\/noticiasveraces.com\/index.php?rest_route=%2Fwp%2Fv2%2Fcomments&post=50623"}],"version-history":[{"count":0,"href":"https:\/\/noticiasveraces.com\/index.php?rest_route=\/wp\/v2\/posts\/50623\/revisions"}],"wp:featuredmedia":[{"embeddable":true,"href":"https:\/\/noticiasveraces.com\/index.php?rest_route=\/wp\/v2\/media\/50625"}],"wp:attachment":[{"href":"https:\/\/noticiasveraces.com\/index.php?rest_route=%2Fwp%2Fv2%2Fmedia&parent=50623"}],"wp:term":[{"taxonomy":"category","embeddable":true,"href":"https:\/\/noticiasveraces.com\/index.php?rest_route=%2Fwp%2Fv2%2Fcategories&post=50623"},{"taxonomy":"post_tag","embeddable":true,"href":"https:\/\/noticiasveraces.com\/index.php?rest_route=%2Fwp%2Fv2%2Ftags&post=50623"}],"curies":[{"name":"wp","href":"https:\/\/api.w.org\/{rel}","templated":true}]}}