{"id":50619,"date":"2025-11-20T00:35:33","date_gmt":"2025-11-20T04:35:33","guid":{"rendered":"https:\/\/noticiasveraces.com\/?p=50619"},"modified":"2025-11-20T00:35:33","modified_gmt":"2025-11-20T04:35:33","slug":"turquia-sera-la-sede-de-la-cop31-mientras-australia-se-hace-a-un-lado","status":"publish","type":"post","link":"https:\/\/noticiasveraces.com\/?p=50619","title":{"rendered":"Turqu\u00eda ser\u00e1 la sede de la COP31 mientras Australia se hace a un lado"},"content":{"rendered":"<p> \n<\/p>\n<div>\n<p>Ahora se espera que la reuni\u00f3n sobre el clima COP31 se celebre en Turqu\u00eda despu\u00e9s de que Australia abandon\u00f3 su candidatura para albergar el evento anual.<\/p>\n<p>Seg\u00fan las normas de la ONU, el derecho a albergar la COP en 2026 recae en un grupo de pa\u00edses formado por Europa Occidental, Australia y otros.<\/p>\n<p>Se debe alcanzar un consenso, pero ninguno de los pa\u00edses hab\u00eda estado dispuesto a ceder. Australia ahora ha aceptado apoyar la candidatura turca a cambio de que su ministro presida las conversaciones tras las negociaciones de la COP30, que se celebra actualmente en Brasil.<\/p>\n<p>Esta inusual disposici\u00f3n ha tomado por sorpresa a los observadores. Es normal que un presidente de la COP sea del pa\u00eds anfitri\u00f3n y a\u00fan est\u00e1 por verse c\u00f3mo funcionar\u00e1 esta nueva asociaci\u00f3n en la pr\u00e1ctica.<\/p>\n<p>Sin embargo, habr\u00e1 alivio entre los pa\u00edses reunidos aqu\u00ed porque se ha alcanzado un compromiso, ya que la falta de acuerdo sobre el lugar se estaba convirtiendo en una verg\u00fcenza para la ONU.<\/p>\n<p>Australia ha presionado mucho para que la COP se celebre en la ciudad de Adelaida, argumentando que copatrocinar\u00edan la reuni\u00f3n con los estados insulares del Pac\u00edfico que se consideran entre los m\u00e1s vulnerables al cambio clim\u00e1tico y al aumento del nivel del mar.<\/p>\n<p>Turqu\u00eda consider\u00f3 que ten\u00eda derecho a ser el pa\u00eds anfitri\u00f3n, ya que se hab\u00eda mantenido al margen en 2021 y permiti\u00f3 que el Reino Unido celebrara la reuni\u00f3n en Glasgow.<\/p>\n<p>Si ninguno de los pa\u00edses estuviera dispuesto a ceder, la reuni\u00f3n se habr\u00eda celebrado en la ciudad alemana de Bonn, sede del organismo clim\u00e1tico de la ONU.<\/p>\n<p>Como resultado de las discusiones en la COP30 en Bel\u00e9m, parece haberse alcanzado un compromiso.<\/p>\n<p>Esto incluye que la reuni\u00f3n previa a la COP se llevar\u00e1 a cabo en una isla del Pac\u00edfico, mientras que el evento principal se llevar\u00e1 a cabo en Turqu\u00eda. El ministro de clima de Australia, Chris Bowen, ser\u00e1 su presidente.<\/p>\n<p>\u00abObviamente, ser\u00eda fant\u00e1stico si Australia pudiera tenerlo todo, pero nosotros no podemos tenerlo todo\u00bb, dijo el Sr. Bowen a los periodistas frente a las oficinas de la delegaci\u00f3n australiana aqu\u00ed en Bel\u00e9m.<\/p>\n<p>\u00abEste proceso funciona mediante consenso, y el consenso significa que si alguien se opusiera a nuestra oferta, ir\u00eda a Bonn\u00bb.<\/p>\n<p>\u201cEso significar\u00eda 12 meses sin liderazgo, sin un presidente de la COP, sin un plan, y eso ser\u00eda irresponsable para el multilateralismo en este entorno desafiante\u201d.<\/p>\n<p>Bowen cree que tener un presidente de la COP que no sea del pa\u00eds anfitri\u00f3n funcionar\u00e1 y que tendr\u00e1 la considerable autoridad reservada para el presidente de estas reuniones.<\/p>\n<p>\u201cComo presidente de negociaciones de la COP, tendr\u00eda todos los poderes de la presidencia de la COP para gestionar, manejar las negociaciones, nombrar cofacilitadores, preparar el borrador del texto y emitir la decisi\u00f3n de cobertura\u201d, dijo.<\/p>\n<p>Tambi\u00e9n confirm\u00f3 a la BBC que Turqu\u00eda tambi\u00e9n nombrar\u00e1 un presidente que dirigir\u00e1 el lugar, organizar\u00e1 las reuniones y los horarios.<\/p>\n<p>La retirada de Australia ser\u00e1 embarazosa para el gobierno de Albanese, despu\u00e9s de haber presionado larga y duramente para ganar apoyo entre las otras naciones del grupo de Europa Occidental.<\/p>\n<p>El compromiso tendr\u00e1 que ser ratificado por m\u00e1s de 190 pa\u00edses reunidos aqu\u00ed para la COP30.<\/p>\n<p>Dadas las dificultades para llegar a este compromiso, es poco probable que haya objeciones.<\/p>\n<p><strong>Fuente: BBC<\/strong><\/p>\n<p><em>&#8211; Agencias<\/em><\/p>\n<\/p><\/div>\n\n","protected":false},"excerpt":{"rendered":"<p>Ahora se espera que la reuni\u00f3n sobre el clima COP31 se celebre en Turqu\u00eda despu\u00e9s de que Australia abandon\u00f3 su candidatura para albergar el evento anual. Seg\u00fan las normas de la ONU, el derecho a albergar la COP en 2026 recae en un grupo de pa\u00edses formado por Europa Occidental, Australia y otros. Se debe &hellip;<\/p>\n","protected":false},"author":1,"featured_media":50620,"comment_status":"open","ping_status":"open","sticky":false,"template":"","format":"standard","meta":{"fifu_image_url":"https:\/\/adaderanaenglish.s3.amazonaws.com\/1763612095-Turkey-COP31-Australia-6.jpg","fifu_image_alt":"","footnotes":""},"categories":[13],"tags":[],"class_list":["post-50619","post","type-post","status-publish","format-standard","has-post-thumbnail","","category-mundo"],"_links":{"self":[{"href":"https:\/\/noticiasveraces.com\/index.php?rest_route=\/wp\/v2\/posts\/50619","targetHints":{"allow":["GET"]}}],"collection":[{"href":"https:\/\/noticiasveraces.com\/index.php?rest_route=\/wp\/v2\/posts"}],"about":[{"href":"https:\/\/noticiasveraces.com\/index.php?rest_route=\/wp\/v2\/types\/post"}],"author":[{"embeddable":true,"href":"https:\/\/noticiasveraces.com\/index.php?rest_route=\/wp\/v2\/users\/1"}],"replies":[{"embeddable":true,"href":"https:\/\/noticiasveraces.com\/index.php?rest_route=%2Fwp%2Fv2%2Fcomments&post=50619"}],"version-history":[{"count":0,"href":"https:\/\/noticiasveraces.com\/index.php?rest_route=\/wp\/v2\/posts\/50619\/revisions"}],"wp:featuredmedia":[{"embeddable":true,"href":"https:\/\/noticiasveraces.com\/index.php?rest_route=\/wp\/v2\/media\/50620"}],"wp:attachment":[{"href":"https:\/\/noticiasveraces.com\/index.php?rest_route=%2Fwp%2Fv2%2Fmedia&parent=50619"}],"wp:term":[{"taxonomy":"category","embeddable":true,"href":"https:\/\/noticiasveraces.com\/index.php?rest_route=%2Fwp%2Fv2%2Fcategories&post=50619"},{"taxonomy":"post_tag","embeddable":true,"href":"https:\/\/noticiasveraces.com\/index.php?rest_route=%2Fwp%2Fv2%2Ftags&post=50619"}],"curies":[{"name":"wp","href":"https:\/\/api.w.org\/{rel}","templated":true}]}}