{"id":50608,"date":"2025-11-19T22:22:20","date_gmt":"2025-11-20T02:22:20","guid":{"rendered":"https:\/\/noticiasveraces.com\/?p=50608"},"modified":"2025-11-19T22:22:20","modified_gmt":"2025-11-20T02:22:20","slug":"la-fiscalia-de-madrid-investiga-al-obispo-de-alicante-por-defender-las-falsas-terapias-de-conversion-para-homosexuales-sociedad","status":"publish","type":"post","link":"https:\/\/noticiasveraces.com\/?p=50608","title":{"rendered":"La Fiscal\u00eda de Madrid investiga al obispo de Alicante por defender las falsas terapias de conversi\u00f3n para homosexuales | Sociedad"},"content":{"rendered":"<p> \n<br \/><img decoding=\"async\" src=\"https:\/\/imagenes.elpais.com\/resizer\/v2\/2EAVSOPABQ4D5KY5RWEKCIN7LI.jpg?auth=9dc48d1278e3a784084b3aee0bcf11b2ebb33364ffa517965d07476c76a279b6\" \/><\/p>\n<div data-dtm-region=\"articulo_cuerpo\">\n<p class=\"\">El obispo de Orihuela-Alicante, Jos\u00e9 Ignacio Munilla, no tiene filtro. Ya desde su estancia en la di\u00f3cesis de San Sebasti\u00e1n comenz\u00f3 a lanzar dardos contra el feminismo, el aborto y el colectivo LGTBI+, los principales objetivos que tiene en su mirilla. Ahora, unas declaraciones realizadas en Radio Mar\u00eda se le pueden revolver como un bumer\u00e1n. <\/p>\n<p class=\"\">La Fiscal\u00eda Provincial de Madrid le ha abierto una investigaci\u00f3n por un posible delito contra los derechos fundamentales y las libertades p\u00fablicas, \u201cbien en su modalidad de discurso de odio o en su caso, de lesi\u00f3n a la dignidad\u201d, seg\u00fan ha informado el ministerio p\u00fablico a los denunciantes, la plataforma ciudadana Tu Pueblo y el m\u00edo, instituida en Orihuela (Alicante). El prelado ya ha contestado, a trav\u00e9s de la red social X, que ni ha recibido ninguna comunicaci\u00f3n sobre esta disposici\u00f3n ni cree que tenga \u201crecorrido judicial alguno\u201d.<\/p>\n<p class=\"\">Las manifestaciones emitidas el 3 de mayo de 2024 por Munilla giraban en torno a las falsas terapias de conversi\u00f3n para homosexuales. \u201cSe amenaza a los psic\u00f3logos que acompa\u00f1en a personas con inclinaciones homosexuales\u201d, expres\u00f3. \u201cSi el acompa\u00f1amiento que les hacen tiene alg\u00fan viso de ayudarles a que sus atracciones homosexuales sean reconducidas\u201d, continu\u00f3, \u201centonces eso se entiende como terapia de conversi\u00f3n y eso est\u00e1 prohibido\u201d. Munilla trat\u00f3 de justificar una pr\u00e1ctica, descrita como tortura por aquellos que han sido sometidos a ella, y que el Congreso est\u00e1 en tr\u00e1mite de vetar mediante una ley, norma contra la que el obispo es muy combativo. \u201cAqu\u00ed se le llama terapia de conversi\u00f3n a cualquier acompa\u00f1amiento a una persona para intentar que sus heridas interiores sean acompa\u00f1adas y pueda vivir la virtud de la castidad como todo cristiano\u201d. La abstinencia sexual como receta contra cualquier desviaci\u00f3n, seg\u00fan su punto de vista.<\/p>\n<p class=\"\">La transcripci\u00f3n de estas declaraciones, y de otras muchas en las que Munilla ha extendido su p\u00falpito fuera de la di\u00f3cesis que encabeza desde 2022, fue enviada por el presidente de la plataforma Tu pueblo y el m\u00edo, Lucas L\u00f3pez Moreno, a la Fiscal\u00eda General del Estado, que se inhibi\u00f3 en el caso. \u201cNo tenemos competencia para investigar los hechos denunciados\u201d, contest\u00f3 el ministerio p\u00fablico, \u201craz\u00f3n por la cual la remitimos a la Fiscal\u00eda Provincial de Madrid, por ser dicha ciudad donde radica la sede de la emisora en la que se efectuaron las manifestaciones denunciadas y territorialmente competente para conocer de los mismos a los efectos de valorar la trascendencia jur\u00eddico penal\u201d. Es la sede provincial madrile\u00f1a la que ha incoado diligencias de investigaci\u00f3n preprocesal, seg\u00fan ha ratificado al demandante.<\/p>\n<p class=\"\">La denuncia se\u00f1ala que las constantes intervenciones de Munilla podr\u00edan exceder \u201cel amparo de la libertad de expresi\u00f3n o religiosa\u201d. La justificaci\u00f3n p\u00fablica de, en concreto, estas supuestas terapias de conversi\u00f3n para homosexuales, junto a la negativa expresada por el obispo de que sean \u201ccoercitivas\u201d deben frenarse en seco. \u201cTales manifestaciones no solo trivializan una pr\u00e1ctica ampliamente considerada da\u00f1ina por la comunidad cient\u00edfica\u201d, explican los demandantes en su denuncia, tambi\u00e9n \u201clegitiman simb\u00f3licamente intervenciones que atentan contra la dignidad y la salud psicosocial de personas LGTBI+\u201d y \u201calimentan un discurso de estigmatizaci\u00f3n bajo cobertura religiosa\u201d, en su opini\u00f3n. <\/p>\n<p class=\"\">Poco despu\u00e9s de que adelantara la noticia el diario local <i>Informaci\u00f3n<\/i>Munilla se ha enfundado los guantes de boxeo en la red social X, como suele tener por costumbre. \u201cObviamente, esto [la investigaci\u00f3n de Fiscal\u00eda] no tiene recorrido judicial alguno y solo persigue amedrentar a la Iglesia\u201d A su juicio, la denuncia y su aceptaci\u00f3n, o cualquier acci\u00f3n que contradiga sus creencias, sirven para \u201cimponer al conjunto de la sociedad una \u2018antropolog\u00eda de Estado\u2019 basada en la \u2018teor\u00eda <i>g\u00e9nero<\/i>-LGTBI\u2019\u201d. <\/p>\n<p class=\"\">A continuaci\u00f3n, el obispo expone \u201ccuatro breves consideraciones\u201d. La primera, que es \u201ctotalmente falso\u201d que haya \u201cdirigido cr\u00edtica alguna a colectivos LGTBI\u201d. S\u00ed reconoce el prelado donostiarra que critic\u00f3 \u201cabiertamente la ley aprobada el a\u00f1o pasado en Espa\u00f1a, en la que se proh\u00edben y penalizan las \u2018supuestas\u2019 terapias de conversi\u00f3n\u201d. La propuesta de ley fue tomada en consideraci\u00f3n en junio, pero no est\u00e1 aprobada. Sin embargo en la denuncia se acogen al art\u00edculo 510 del C\u00f3digo Penal, que castiga a \u201cquienes p\u00fablicamente fomenten, promuevan o inciten directa o indirectamente al odio, hostilidad, discriminaci\u00f3n o violencia contra un grupo\u201d y en la Ley 8\/2017 de la Generalitat Valenciana, que s\u00ed proh\u00edbe expresamente las terapias de aversi\u00f3n o conversi\u00f3n.<\/p>\n<p class=\"\">\u201c\u00bfEs delito criticar al Gobierno y sus leyes?\u201d, se pregunta, \u201c\u00bfno deber\u00edan, entonces, denunciar tambi\u00e9n a todos los parlamentarios que votaron en contra de esa ley en el Congreso?\u201d, se pregunta el obispo.<\/p>\n<div id=\"sum_twitter\" data-oembed-type=\"twitter\" class=\"a_em _df\">\n<blockquote class=\"twitter-tweet\">\n<p lang=\"es\" dir=\"ltr\">Obviamente, esto no tiene recorrido judicial alguno y solo persigue amedrentar a la Iglesia para que no se atreva a predicar la Buena Nueva del amor cristiano, para as\u00ed intentar imponer al conjunto de la sociedad una \u201cantropolog\u00eda de Estado\u201d basada en la \u201cteor\u00eda gender-LGTBI\u201d.\u2026 <a href=\"https:\/\/t.co\/PN5P9aojv7\">pic.twitter.com\/PN5P9aojv7<\/a><\/p>\n<p>\u2014 Jose Ignacio Munilla (@ObispoMunilla) <a href=\"https:\/\/twitter.com\/ObispoMunilla\/status\/1991160178788503976?ref_src=twsrc%5Etfw\">19 de noviembre de 2025<\/a><\/p><\/blockquote>\n<\/div>\n<p class=\"\">En segundo lugar, Munilla subraya que \u201ces ir\u00f3nico que quienes defienden la libertad para cambiarse de sexo \u2014hormonas y cirug\u00edas incluidas\u2014 proh\u00edban a los homosexuales solicitar libremente lo que ellos califican como \u2018terapia de conversi\u00f3n\u201d. \u201cLa Iglesia no puede por menos de predicar el Evangelio del amor y de la pureza\u201d, afirma en su homil\u00eda en X, \u201cy no vamos a dejar de acompa\u00f1ar a las personas con inclinaciones homosexuales que nos pidan libremente ayuda espiritual para vivir en castidad\u201d. Por \u00faltimo, el jefe de la di\u00f3cesis de Orihuela-Alicante niega que se le haya notificado la resoluci\u00f3n de la fiscal\u00eda. \u201cLo cual me hace pensar que hay m\u00e1s inter\u00e9s medi\u00e1tico que judicial\u201d, zanja.<\/p>\n<p class=\"\">Tu pueblo y el m\u00edo es una plataforma ciudadana que naci\u00f3 en defensa de los ataques que, a su juicio, sufre el legado de Miguel Hern\u00e1ndez por parte del ayuntamiento de su ciudad natal. De ah\u00ed, pasaron a \u201cdefender los ideales\u201d del autor de viento del pueblo, seg\u00fan indica a EL PA\u00cdS su presidente, L\u00f3pez Moreno. Entre ellos, tal como se indica en sus estatutos, \u201cel inter\u00e9s colectivo, la justicia social y la promoci\u00f3n de los derechos humanos\u201d y la protecci\u00f3n de \u201clos derechos e intereses leg\u00edtimos de los ciudadanos y ciudadanas frente a cualquier entidad p\u00fablica o privada\u201d, sobre todo cuando \u201csus acciones u omisiones puedan afectar negativamente a sus libertades, causar discriminaciones, agravios o perjuicios de cualquier tipo\u201d.<\/p>\n<\/div>\n<p><script async src=\"https:\/\/platform.twitter.com\/widgets.js\" charset=\"utf-8\"><\/script><br \/>\n<br \/>\n","protected":false},"excerpt":{"rendered":"<p>El obispo de Orihuela-Alicante, Jos\u00e9 Ignacio Munilla, no tiene filtro. Ya desde su estancia en la di\u00f3cesis de San Sebasti\u00e1n comenz\u00f3 a lanzar dardos contra el feminismo, el aborto y el colectivo LGTBI+, los principales objetivos que tiene en su mirilla. Ahora, unas declaraciones realizadas en Radio Mar\u00eda se le pueden revolver como un bumer\u00e1n. &hellip;<\/p>\n","protected":false},"author":1,"featured_media":50610,"comment_status":"open","ping_status":"open","sticky":false,"template":"","format":"standard","meta":{"fifu_image_url":"https:\/\/imagenes.elpais.com\/resizer\/v2\/2EAVSOPABQ4D5KY5RWEKCIN7LI.jpg?auth=9dc48d1278e3a784084b3aee0bcf11b2ebb33364ffa517965d07476c76a279b6&width=1200","fifu_image_alt":"","footnotes":""},"categories":[11],"tags":[],"class_list":["post-50608","post","type-post","status-publish","format-standard","has-post-thumbnail","","category-viaje"],"_links":{"self":[{"href":"https:\/\/noticiasveraces.com\/index.php?rest_route=\/wp\/v2\/posts\/50608","targetHints":{"allow":["GET"]}}],"collection":[{"href":"https:\/\/noticiasveraces.com\/index.php?rest_route=\/wp\/v2\/posts"}],"about":[{"href":"https:\/\/noticiasveraces.com\/index.php?rest_route=\/wp\/v2\/types\/post"}],"author":[{"embeddable":true,"href":"https:\/\/noticiasveraces.com\/index.php?rest_route=\/wp\/v2\/users\/1"}],"replies":[{"embeddable":true,"href":"https:\/\/noticiasveraces.com\/index.php?rest_route=%2Fwp%2Fv2%2Fcomments&post=50608"}],"version-history":[{"count":0,"href":"https:\/\/noticiasveraces.com\/index.php?rest_route=\/wp\/v2\/posts\/50608\/revisions"}],"wp:featuredmedia":[{"embeddable":true,"href":"https:\/\/noticiasveraces.com\/index.php?rest_route=\/wp\/v2\/media\/50610"}],"wp:attachment":[{"href":"https:\/\/noticiasveraces.com\/index.php?rest_route=%2Fwp%2Fv2%2Fmedia&parent=50608"}],"wp:term":[{"taxonomy":"category","embeddable":true,"href":"https:\/\/noticiasveraces.com\/index.php?rest_route=%2Fwp%2Fv2%2Fcategories&post=50608"},{"taxonomy":"post_tag","embeddable":true,"href":"https:\/\/noticiasveraces.com\/index.php?rest_route=%2Fwp%2Fv2%2Ftags&post=50608"}],"curies":[{"name":"wp","href":"https:\/\/api.w.org\/{rel}","templated":true}]}}