{"id":50594,"date":"2025-11-19T21:11:29","date_gmt":"2025-11-20T01:11:29","guid":{"rendered":"https:\/\/noticiasveraces.com\/?p=50594"},"modified":"2025-11-19T21:11:29","modified_gmt":"2025-11-20T01:11:29","slug":"cinco-claves-para-entender-la-causa-de-los-cuadernos-el-otro-caso-que-implica-a-cfk","status":"publish","type":"post","link":"https:\/\/noticiasveraces.com\/?p=50594","title":{"rendered":"cinco claves para entender la &#8216;Causa de los Cuadernos&#8217;, el otro caso que implica a CFK"},"content":{"rendered":"<p> \n<\/p>\n<div>\n<p>Durante los \u00faltimos a\u00f1os, Argentina ha atravesado una gran cantidad de investigaciones por supuestos casos de corrupci\u00f3n, pero pocos alcanzaron la dimensi\u00f3n pol\u00edtica, medi\u00e1tica y judicial de la llamada \u201cCausa de los Cuadernos\u201d. <\/p>\n<p>El esc\u00e1ndalo estall\u00f3 en 2018, cuando se dieron a conocer fotocopias de una serie de cuadernos escritos por el chofer de un funcionario p\u00fablico. All\u00ed se detallaban presuntos traslados de bolsos con dinero en efectivo vinculados a empresarios favorecidos por contratos estatales. La combinaci\u00f3n de registros meticulosos, figuras poderosas y sumas millonarias provoc\u00f3 un terremoto pol\u00edtico de alto impacto.<\/p>\n<p>Para los expertos, el caso tom\u00f3 notable dimensi\u00f3n porque muchos lo interpretaron como una ventana al funcionamiento del Estado argentino durante los gobiernos de N\u00e9stor y Cristina Kirchner. Los cuadernos mostraban un patr\u00f3n que se repet\u00eda: veh\u00edculos oficiales, edificios de ministerios, oficinas privadas, departamentos en barrios exclusivos y maletines con d\u00f3lares. <\/p>\n<p>La magnitud institucional tambi\u00e9n fue importante. El expediente termin\u00f3 por involucrar a exministros, ejecutivos de las principales empresas constructoras y energ\u00e9ticas, e incluso a la expresidenta y actual referente pol\u00edtica Cristina Fern\u00e1ndez de Kirchner. <\/p>\n<p>Muchos de los acusados se acogieron a la figura del \u201carrepentido\u201d, aportando informaci\u00f3n a cambio de reducciones de pena.<\/p>\n<p>En paralelo, las defensas de los principales imputados pusieron el foco en la validez de la prueba central. Cuestionaron las fotocopias de los cuadernos \u2014su origen, su trazabilidad y algunas correcciones detectadas en las anotaciones\u2014 y se\u00f1alaron que estas dudas debilitan la base sobre la que avanz\u00f3 buena parte de la investigaci\u00f3n.<\/p>\n<p>Hoy, varios a\u00f1os despu\u00e9s, el caso volvi\u00f3 a ocupar la agenda p\u00fablica: el pasado 6 de noviembre comenz\u00f3 el primer juicio oral \u2014que se realiza por Zoom\u2014, mientras que la C\u00e1mara de Casaci\u00f3n pidi\u00f3 acelerar el proceso, aumentar la frecuencia de las audiencias y que las indagatorias se hagan de manera presencial.<\/p>\n<p>Para entender c\u00f3mo un conjunto de cuadernos escolares fotocopiados termin\u00f3 en una de las causas m\u00e1s relevantes del pa\u00eds, a continuaci\u00f3n se presentan cinco claves que permiten observar el caso en detalle.<\/p>\n<div class=\"m-em-image\">\n<figure class=\"m-item-image m-item-image--original m-item-image--has-caption\">\n<picture class=\"a-picture a-picture--original\"><source type=\"image\/webp\" srcset=\"https:\/\/s.france24.com\/media\/display\/ee250660-c591-11f0-bd3f-005056a90284\/w:246\/AP18214581052963.webp 246w,https:\/\/s.france24.com\/media\/display\/ee250660-c591-11f0-bd3f-005056a90284\/w:388\/AP18214581052963.webp 388w,https:\/\/s.france24.com\/media\/display\/ee250660-c591-11f0-bd3f-005056a90284\/w:720\/AP18214581052963.webp 720w,https:\/\/s.france24.com\/media\/display\/ee250660-c591-11f0-bd3f-005056a90284\/w:980\/AP18214581052963.webp 980w\" sizes=\"(max-width: 1023px) calc(100vw - 32px), (min-width: 1024px) 850px\"><img decoding=\"async\" fetchpriority=\"low\" src=\"https:\/\/s.france24.com\/media\/display\/ee250660-c591-11f0-bd3f-005056a90284\/w:980\/AP18214581052963.jpg\" srcset=\"https:\/\/s.france24.com\/media\/display\/ee250660-c591-11f0-bd3f-005056a90284\/w:246\/AP18214581052963.jpg 246w,https:\/\/s.france24.com\/media\/display\/ee250660-c591-11f0-bd3f-005056a90284\/w:388\/AP18214581052963.jpg 388w,https:\/\/s.france24.com\/media\/display\/ee250660-c591-11f0-bd3f-005056a90284\/w:720\/AP18214581052963.jpg 720w,https:\/\/s.france24.com\/media\/display\/ee250660-c591-11f0-bd3f-005056a90284\/w:980\/AP18214581052963.jpg 980w\" sizes=\"(max-width: 1023px) calc(100vw - 32px), (min-width: 1024px) 850px\" alt=\"En esta foto del 1 de agosto de 2018, el exfuncionario del Ministerio de Planificaci\u00f3n Roberto Baratta es llevado al juzgado por la polic\u00eda en Buenos Aires, Argentina. Baratta est\u00e1 involucrado en un esc\u00e1ndalo de corrupci\u00f3n que incluye a la expresidenta Cristina Fern\u00e1ndez, varios exfuncionarios y empresarios por sobornos a cambio de contratos de obras p\u00fablicas.\" style=\"max-height:567px\" loading=\"lazy\" class=\"a-img \"\/><\/source><\/picture><figcaption class=\"a-figcaption\">\n                <span>En esta foto del 1 de agosto de 2018, el exfuncionario del Ministerio de Planificaci\u00f3n Roberto Baratta es llevado al juzgado por la polic\u00eda en Buenos Aires, Argentina. Baratta est\u00e1 involucrado en un esc\u00e1ndalo de corrupci\u00f3n que incluye a la expresidenta Cristina Fern\u00e1ndez, varios exfuncionarios y empresarios por sobornos a cambio de contratos de obras p\u00fablicas.<\/span>                <span>AP &#8211; Ricardo Pristupluk<\/span>            <\/figcaption><\/figure>\n<\/p><\/div>\n<h2><strong>1. El origen: unos cuadernos que funcionaron como detonante pol\u00edtico<\/strong><\/h2>\n<p>El caso se inici\u00f3 con los escritos de \u00d3scar Centeno, chofer de Roberto Baratta, un funcionario del Ministerio de Planificaci\u00f3n. En sus cuadernos registr\u00f3, durante a\u00f1os, viajes en los que describ\u00eda presuntas entregas de dinero provenientes de empresarios vinculados a la obra p\u00fablica que buscaban asegurar o mantener contratos con el Estado.<\/p>\n<p>Aunque en un principio Centeno afirm\u00f3 haber quemado los originales de sus anotaciones, la Justicia tiempo despu\u00e9s asegur\u00f3 haber recibido al menos seis cuadernos originales. El impacto no provino s\u00f3lo del contenido, sino del nivel de detalle: direcciones exactas, horarios, montos y v\u00ednculos entre funcionarios y empresas. <\/p>\n<p>La llegada de esas anotaciones al terreno judicial tuvo como protagonista al expolic\u00eda Jorge Bacigalupo, viejo conocido de Centeno. Seg\u00fan declarar\u00eda m\u00e1s tarde el propio chofer, en noviembre de 2016 le entreg\u00f3 los cuadernos a Bacigalupo para que los guardara, por temor a que se los robaran o a que su exesposa pudiera usarlos en su contra. <\/p>\n<p>Tiempo despu\u00e9s, Bacigalupo fue quien decidi\u00f3 acercarle el material al periodista Diego Cabot, del diario La Naci\u00f3n. Este los analiz\u00f3 y luego se los entreg\u00f3 a la Justicia, lo que signific\u00f3 el punto de partida de una de las causas m\u00e1s resonantes de los \u00faltimos a\u00f1os.<\/p>\n<h2><strong>2. El mecanismo presuntamente utilizado: una red de recaudaci\u00f3n paralela<\/strong><\/h2>\n<p>La hip\u00f3tesis de la fiscal\u00eda sostiene que durante los gobiernos kirchneristas se habr\u00eda montado un esquema sistem\u00e1tico de cobro de sobornos. Empresarios de sectores como la obra p\u00fablica, energ\u00eda y transporte entregaban dinero ilegal a funcionarios que, seg\u00fan la acusaci\u00f3n, actuaban como recaudadores.<\/p>\n<p>Los fondos, seg\u00fan la investigaci\u00f3n, se destinaban a dos fines: financiamiento pol\u00edtico no declarado y enriquecimiento personal. En el expediente, el Ministerio de Planificaci\u00f3n aparece como el \u00e1rea del Estado donde se concentraba y organizaba buena parte de ese flujo de dinero.<\/p>\n<h2><strong>3. Los protagonistas: del coraz\u00f3n del gobierno a la c\u00fapula del sector privado<\/strong><\/h2>\n<p>La causa implic\u00f3 a varios actores que representan dos ejes centrales del poder en Argentina: la pol\u00edtica y el empresariado. <\/p>\n<p>La figura m\u00e1s resonante es la de la expresidenta Cristina Fern\u00e1ndez de Kirchner, procesada en la &#8216;Causa de los Cuadernos&#8217; como presunta jefa de una asociaci\u00f3n il\u00edcita dedicada a estructurar el sistema de recaudaci\u00f3n.<\/p>\n<div class=\"m-em-image\">\n<figure class=\"m-item-image m-item-image--original m-item-image--has-caption\">\n<picture class=\"a-picture a-picture--original\"><source type=\"image\/webp\" srcset=\"https:\/\/s.france24.com\/media\/display\/979b8242-c591-11f0-a152-005056bf30b7\/w:246\/8aaced66459930a49caf61704765dc5291e3a532w.webp 246w,https:\/\/s.france24.com\/media\/display\/979b8242-c591-11f0-a152-005056bf30b7\/w:388\/8aaced66459930a49caf61704765dc5291e3a532w.webp 388w,https:\/\/s.france24.com\/media\/display\/979b8242-c591-11f0-a152-005056bf30b7\/w:720\/8aaced66459930a49caf61704765dc5291e3a532w.webp 720w,https:\/\/s.france24.com\/media\/display\/979b8242-c591-11f0-a152-005056bf30b7\/w:980\/8aaced66459930a49caf61704765dc5291e3a532w.webp 980w\" sizes=\"(max-width: 1023px) calc(100vw - 32px), (min-width: 1024px) 850px\"><img decoding=\"async\" fetchpriority=\"low\" src=\"https:\/\/s.france24.com\/media\/display\/979b8242-c591-11f0-a152-005056bf30b7\/w:980\/8aaced66459930a49caf61704765dc5291e3a532w.jpg\" srcset=\"https:\/\/s.france24.com\/media\/display\/979b8242-c591-11f0-a152-005056bf30b7\/w:246\/8aaced66459930a49caf61704765dc5291e3a532w.jpg 246w,https:\/\/s.france24.com\/media\/display\/979b8242-c591-11f0-a152-005056bf30b7\/w:388\/8aaced66459930a49caf61704765dc5291e3a532w.jpg 388w,https:\/\/s.france24.com\/media\/display\/979b8242-c591-11f0-a152-005056bf30b7\/w:720\/8aaced66459930a49caf61704765dc5291e3a532w.jpg 720w,https:\/\/s.france24.com\/media\/display\/979b8242-c591-11f0-a152-005056bf30b7\/w:980\/8aaced66459930a49caf61704765dc5291e3a532w.jpg 980w\" sizes=\"(max-width: 1023px) calc(100vw - 32px), (min-width: 1024px) 850px\" alt=\"La expresidenta y actual senadora Cristina Fern\u00e1ndez llega hoy, mi\u00e9rcoles 22 de agosto de 2018, al Senado en Buenos Aires (Argentina).\" style=\"max-height:548px\" loading=\"lazy\" class=\"a-img \"\/><\/source><\/picture><figcaption class=\"a-figcaption\">\n                <span>La expresidenta y actual senadora Cristina Fern\u00e1ndez llega hoy, mi\u00e9rcoles 22 de agosto de 2018, al Senado en Buenos Aires (Argentina).<\/span>                <span>\u00a9 EFE<\/span>            <\/figcaption><\/figure>\n<\/p><\/div>\n<p>En paralelo, su situaci\u00f3n judicial dio un giro dr\u00e1stico en otro expediente: la &#8216;Causa Vialidad&#8217;, donde fue condenada a seis a\u00f1os de prisi\u00f3n por administraci\u00f3n fraudulenta, una sentencia luego confirmada por la Corte Suprema. Actualmente cumple esa pena bajo arresto domiciliario.<\/p>\n<p>La gran cantidad de \u201carrepentidos\u201d a\u00f1adi\u00f3 un componente excepcional: testimonios cruzados que reforzaron o contradijeron aspectos de la investigaci\u00f3n, lo que aumenta su complejidad.<\/p>\n<h2><strong>4. El debate sobre la prueba: fotocopias, testimonios y controversias judiciales <\/strong><\/h2>\n<p>Uno de los puntos m\u00e1s debatidos es la validez jur\u00eddica de la prueba central: las fotocopias de los cuadernos, sobre las que avanz\u00f3 la investigaci\u00f3n en sus primeros tramos. <\/p>\n<p>Tiempo despu\u00e9s, un peritaje de la Gendarmer\u00eda Nacional concluy\u00f3 que los escritos digitalizados coinciden con varios de los cuadernos originales incorporados al expediente, y que la autor\u00eda corresponde a Centeno. Sin embargo, las defensas siguen cuestionando su autenticidad, trazabilidad, completitud y la existencia de enmiendas o correcciones en las anotaciones.<\/p>\n<p>A esto se suma el debate sobre la figura del colaborador eficaz (\u2018arrepentido\u2019), incorporada al C\u00f3digo Penal en 2016 y utilizada de manera masiva en esta causa. Hay quienes sostienen que estos testimonios pudieron haber sido obtenidos bajo presi\u00f3n para negociar reducciones de pena, mientras que los fiscales argumentan que fue clave para romper un presunto pacto de silencio.<\/p>\n<h2><strong>5. El presente de la causa: fragmentaci\u00f3n judicial y efectos pol\u00edticos <\/strong><\/h2>\n<p>A pesar del enorme impacto inicial, la causa no tiene a\u00fan condenas firmes. El ritmo lento, habitual en los procesos judiciales en Argentina, ha diluido parte del efecto original del caso, pero no ha eliminado su relevancia.<\/p>\n<p>El movimiento m\u00e1s reciente lleg\u00f3 con el inicio, el 6 de noviembre, del primer juicio oral, a cargo del Tribunal Oral Federal N\u00ba 7. En esta etapa est\u00e1n imputadas 87 personas, una cifra que refleja la magnitud del caso: 22 exfuncionarios y 65 empresarios. <\/p>\n<p>Del lado pol\u00edtico, la lista incluye a la expresidenta Cristina Fern\u00e1ndez, procesada en este tramo de la causa, y a buena parte de la estructura del antiguo Ministerio de Planificaci\u00f3n Federal: el exministro Julio De Vido, su exsubsecretario Roberto Baratta, los exsecretarios de Transporte Ricardo Jaime y Juan Pablo Schiavi, el exsecretario de Obras P\u00fablicas Jos\u00e9 L\u00f3pez y el exsubsecretario de Asuntos Jur\u00eddicos Rafael Llorens. <\/p>\n<p>El sector privado presenta tambi\u00e9n un grupo importante, entre contratistas hist\u00f3ricos de obra p\u00fablica y empresarios con fuerte presencia durante los gobiernos kirchneristas. <\/p>\n<h2><strong>\u00bfPor qu\u00e9 los cuadernos siguen capturando la atenci\u00f3n p\u00fablica?<\/strong><\/h2>\n<p>Para Cindy Monz\u00f3n, periodista de \u2018Todo Noticias\u2019 y \u2018Diario Judicial\u2019, el inter\u00e9s que despiertan los cuadernos tiene una explicaci\u00f3n sencilla pero contundente. <\/p>\n<p>\u201cEsencialmente por quienes est\u00e1n involucrados. Nunca va a ser un dato menor que una expresidenta sea juzgada como cabeza de un supuesto esquema de corrupci\u00f3n a trav\u00e9s de la obra p\u00fablica\u201d, se\u00f1ala en di\u00e1logo con France 24 en Espa\u00f1ol. <\/p>\n<p>Agrega que a esto se suman, \u201cvarios exfuncionarios de dos gobiernos y empresarios muy importantes de la Argentina\u201d, lo que amplifica de inmediato la atenci\u00f3n p\u00fablica.<\/p>\n<p>El peso del expediente tambi\u00e9n est\u00e1 en la acusaci\u00f3n fiscal. Monz\u00f3n recuerda que la fiscal Fabiana Le\u00f3n defini\u00f3 el caso como \u201cun esc\u00e1ndalo de corrupci\u00f3n sin precedentes en la historia de nuestro pa\u00eds\u201d, una declaraci\u00f3n que, asegura, contribuye a dimensionar el impacto del proceso. <\/p>\n<p>Pero m\u00e1s all\u00e1 de las imputaciones, la periodista subraya que la propia estructura del caso tiene un atractivo narrativo singular: \u201cun chofer de un funcionario anota durante a\u00f1os recorridos, reuniones y supuestas entregas de dinero\u2026 esos cuadernos llegan a manos de un periodista y luego a un fiscal y comienza una causa judicial con m\u00e1s de 80 imputados\u201d.<\/p>\n<p>Para Sebasti\u00e1n Halper\u00edn, soci\u00f3logo, polit\u00f3logo y consultor en opini\u00f3n p\u00fablica, el inter\u00e9s social por la \u2018Causa Cuadernos\u2019 no puede separarse del contexto econ\u00f3mico actual. En escenarios de \u201cbolsillos flacos\u201d, explica, la sensibilidad hacia la corrupci\u00f3n aumenta y el tema escala r\u00e1pidamente en las encuestas hasta ubicarse entre las principales preocupaciones.<\/p>\n<p>Halper\u00edn remarca que la polarizaci\u00f3n moldea la lectura del expediente. <\/p>\n<p>\u201cPara los antikirchneristas, Cristina estaba condenada hace rato desde la sanci\u00f3n social; para los kirchneristas, esto es una maniobra de la justicia y de los grupos econ\u00f3micos\u201d. <\/p>\n<p>Al final, la &#8216;Causa de los Cuadernos&#8217; avanza entre evidencias discutidas, testimonios clave, tensiones pol\u00edticas y un juicio que reci\u00e9n empieza. Lo que ocurra en los pr\u00f3ximos meses \u2014o a\u00f1os\u2014 dir\u00e1 menos sobre un expediente puntual que sobre la capacidad del sistema judicial argentino para procesar casos complejos sin quedar atrapado en la polarizaci\u00f3n.<\/p>\n<\/p><\/div>\n\n","protected":false},"excerpt":{"rendered":"<p>Durante los \u00faltimos a\u00f1os, Argentina ha atravesado una gran cantidad de investigaciones por supuestos casos de corrupci\u00f3n, pero pocos alcanzaron la dimensi\u00f3n pol\u00edtica, medi\u00e1tica y judicial de la llamada \u201cCausa de los Cuadernos\u201d. El esc\u00e1ndalo estall\u00f3 en 2018, cuando se dieron a conocer fotocopias de una serie de cuadernos escritos por el chofer de un &hellip;<\/p>\n","protected":false},"author":1,"featured_media":50596,"comment_status":"open","ping_status":"open","sticky":false,"template":"","format":"standard","meta":{"fifu_image_url":"https:\/\/s.france24.com\/media\/display\/ba859348-c590-11f0-b654-005056a90284\/w:1280\/p:16x9\/8023082620001w.jpg","fifu_image_alt":"","footnotes":""},"categories":[13],"tags":[],"class_list":["post-50594","post","type-post","status-publish","format-standard","has-post-thumbnail","","category-mundo"],"_links":{"self":[{"href":"https:\/\/noticiasveraces.com\/index.php?rest_route=\/wp\/v2\/posts\/50594","targetHints":{"allow":["GET"]}}],"collection":[{"href":"https:\/\/noticiasveraces.com\/index.php?rest_route=\/wp\/v2\/posts"}],"about":[{"href":"https:\/\/noticiasveraces.com\/index.php?rest_route=\/wp\/v2\/types\/post"}],"author":[{"embeddable":true,"href":"https:\/\/noticiasveraces.com\/index.php?rest_route=\/wp\/v2\/users\/1"}],"replies":[{"embeddable":true,"href":"https:\/\/noticiasveraces.com\/index.php?rest_route=%2Fwp%2Fv2%2Fcomments&post=50594"}],"version-history":[{"count":0,"href":"https:\/\/noticiasveraces.com\/index.php?rest_route=\/wp\/v2\/posts\/50594\/revisions"}],"wp:featuredmedia":[{"embeddable":true,"href":"https:\/\/noticiasveraces.com\/index.php?rest_route=\/wp\/v2\/media\/50596"}],"wp:attachment":[{"href":"https:\/\/noticiasveraces.com\/index.php?rest_route=%2Fwp%2Fv2%2Fmedia&parent=50594"}],"wp:term":[{"taxonomy":"category","embeddable":true,"href":"https:\/\/noticiasveraces.com\/index.php?rest_route=%2Fwp%2Fv2%2Fcategories&post=50594"},{"taxonomy":"post_tag","embeddable":true,"href":"https:\/\/noticiasveraces.com\/index.php?rest_route=%2Fwp%2Fv2%2Ftags&post=50594"}],"curies":[{"name":"wp","href":"https:\/\/api.w.org\/{rel}","templated":true}]}}