{"id":50552,"date":"2025-11-19T12:40:15","date_gmt":"2025-11-19T16:40:15","guid":{"rendered":"https:\/\/noticiasveraces.com\/?p=50552"},"modified":"2025-11-19T12:40:15","modified_gmt":"2025-11-19T16:40:15","slug":"atienden-mas-de-860-familias-con-activacion-de-pozo-profundo-en-monagas-correo-del-orinoco","status":"publish","type":"post","link":"https:\/\/noticiasveraces.com\/?p=50552","title":{"rendered":"Atienden m\u00e1s de 860 familias con activaci\u00f3n de pozo profundo en Monagas &#8211; Correo del Orinoco"},"content":{"rendered":"<p> \n<\/p>\n<div>\n<p>Para el bienestar de las 860 familias de los sectores El Chaparral y El Porvenir, parroquia Las Cocuizas, municipio Matur\u00edn del estado Monagas, activaron un pozo profundo que optimiza el suministro de agua potable.<\/p>\n<p>El l\u00edder de la comunidad, Orlando Chirinos, destac\u00f3 la perfecta articulaci\u00f3n entre el Gobierno y el Poder Popular. \u00abEsta es la manera m\u00e1s efectiva de atender y resolver el problema que afectaba el normal suministro de agua, la comunidad est\u00e1 agradecida por el equipamiento y el apoyo t\u00e9cnico de Aguas de Monagas\u00bb, expres\u00f3.<\/p>\n<p>Los trabajos t\u00e9cnicos incluyeron la instalaci\u00f3n de una bomba de 15 HP, la cual requiri\u00f3 la colocaci\u00f3n de 70 metros de cableado el\u00e9ctrico, as\u00ed como la revisi\u00f3n de los componentes el\u00e9ctricos del tablero.<\/p>\n<p>La fuerza trabajadora del Ministerio del Poder Popular de las Aguas y la Gobernaci\u00f3n de Monagas contin\u00faa desplegada en los 13 municipios, y avanza con la Agenda Concreta de Acci\u00f3n y el Mapa de Soluciones, para garantizar el servicio de agua potable y saneamiento.<\/p>\n<h6>F\/Prensa Ministerio de las Aguas<\/h6>\n<\/p><\/div>\n\n","protected":false},"excerpt":{"rendered":"<p>Para el bienestar de las 860 familias de los sectores El Chaparral y El Porvenir, parroquia Las Cocuizas, municipio Matur\u00edn del estado Monagas, activaron un pozo profundo que optimiza el suministro de agua potable. El l\u00edder de la comunidad, Orlando Chirinos, destac\u00f3 la perfecta articulaci\u00f3n entre el Gobierno y el Poder Popular. \u00abEsta es la &hellip;<\/p>\n","protected":false},"author":1,"featured_media":50553,"comment_status":"open","ping_status":"open","sticky":false,"template":"","format":"standard","meta":{"fifu_image_url":"http:\/\/190.202.124.19\/wp-content\/uploads\/2025\/11\/maturin-1.jpg","fifu_image_alt":"","footnotes":""},"categories":[13],"tags":[],"class_list":["post-50552","post","type-post","status-publish","format-standard","has-post-thumbnail","","category-mundo"],"_links":{"self":[{"href":"https:\/\/noticiasveraces.com\/index.php?rest_route=\/wp\/v2\/posts\/50552","targetHints":{"allow":["GET"]}}],"collection":[{"href":"https:\/\/noticiasveraces.com\/index.php?rest_route=\/wp\/v2\/posts"}],"about":[{"href":"https:\/\/noticiasveraces.com\/index.php?rest_route=\/wp\/v2\/types\/post"}],"author":[{"embeddable":true,"href":"https:\/\/noticiasveraces.com\/index.php?rest_route=\/wp\/v2\/users\/1"}],"replies":[{"embeddable":true,"href":"https:\/\/noticiasveraces.com\/index.php?rest_route=%2Fwp%2Fv2%2Fcomments&post=50552"}],"version-history":[{"count":0,"href":"https:\/\/noticiasveraces.com\/index.php?rest_route=\/wp\/v2\/posts\/50552\/revisions"}],"wp:featuredmedia":[{"embeddable":true,"href":"https:\/\/noticiasveraces.com\/index.php?rest_route=\/wp\/v2\/media\/50553"}],"wp:attachment":[{"href":"https:\/\/noticiasveraces.com\/index.php?rest_route=%2Fwp%2Fv2%2Fmedia&parent=50552"}],"wp:term":[{"taxonomy":"category","embeddable":true,"href":"https:\/\/noticiasveraces.com\/index.php?rest_route=%2Fwp%2Fv2%2Fcategories&post=50552"},{"taxonomy":"post_tag","embeddable":true,"href":"https:\/\/noticiasveraces.com\/index.php?rest_route=%2Fwp%2Fv2%2Ftags&post=50552"}],"curies":[{"name":"wp","href":"https:\/\/api.w.org\/{rel}","templated":true}]}}