{"id":50490,"date":"2025-11-19T00:36:29","date_gmt":"2025-11-19T04:36:29","guid":{"rendered":"https:\/\/noticiasveraces.com\/?p=50490"},"modified":"2025-11-19T00:36:29","modified_gmt":"2025-11-19T04:36:29","slug":"maduro-declara-a-jesucristo-como-dueno-de-venezuela-en-medio-de-tensiones-con-ee-uu-albertonews","status":"publish","type":"post","link":"https:\/\/noticiasveraces.com\/?p=50490","title":{"rendered":"Maduro declara a Jesucristo como \u00abdue\u00f1o\u00bb de Venezuela en medio de tensiones con EE.UU. &#8211; AlbertoNews"},"content":{"rendered":"<p> \n<\/p>\n<div>\n<p>El presidente de Venezuela, Nicol\u00e1s Maduro, encabez\u00f3 este martes un encuentro de oraci\u00f3n por la paz, en medio de las tensiones con Estados Unidos a ra\u00edz del despliegue militar norteamericano en el mar Caribe, y declar\u00f3 a Jesucristo como \u00abse\u00f1or y due\u00f1o\u00bb del pa\u00eds suramericano.<\/p>\n<p><strong>EFE<\/strong><\/p>\n<p>En el acto, celebrado en el Palacio de Miraflores (sede del Gobierno) y transmitido por el canal estatal Venezolana de Televisi\u00f3n (VTV), participaron pastores evang\u00e9licos, la primera dama, Cilia Flores, as\u00ed como el diputado y vicepresidente de Asuntos Religiosos del Partido Socialista Unido de Venezuela (PSUV), Nicol\u00e1s Maduro Guerra, hijo del mandatario.<\/p>\n<p>\u00abSepan que este palacio presidencial, verdaderamente, es el palacio del pueblo y a partir de hoy es un altar para glorificar a Dios, para que el pueblo glorifique a Dios, un gran altar de oraci\u00f3n y de fuerza\u00bb, se\u00f1al\u00f3 Maduro en el denominado \u2018Encuentro Binacional de Oraci\u00f3n por la Paz\u2019.<\/p>\n<p>El mandatario ley\u00f3 un manifiesto en el que ratific\u00f3 a Jesucristo como \u00abse\u00f1or y due\u00f1o\u00bb de Venezuela.<\/p>\n<p>Asimismo, record\u00f3 que en Venezuela existe la libertad de culto, establecida en la Constituci\u00f3n actual, que data de 1999, pero, dijo, que como ciudadano y presidente se \u00abradicaliza\u00bb con Cristo.<\/p>\n<p>\u00abReconozco al \u00fanico Dios real y verdadero, el \u00fanico que adoro y honro, al padre, al hijo y al esp\u00edritu santo que protege y proteger\u00e1 a nuestra patria\u00bb, reiter\u00f3 el jefe de Estado, quien ha defendido el di\u00e1logo y la diplomacia con Washington.<\/p>\n<p>La tensi\u00f3n entre Venezuela y EE.UU. ha venido escalando a ra\u00edz de la movilizaci\u00f3n a\u00e9rea y naval -que incluye al mayor portaaviones estadounidense- ordenada por la Casa Blanca desde agosto en el Caribe, que defiende como una operaci\u00f3n contra el narcotr\u00e1fico, pero que Caracas denuncia como una \u00abamenaza\u00bb y un intento de propiciar un cambio de r\u00e9gimen.<\/p>\n<p>El lunes, Maduro asegur\u00f3 que atacar \u00abmilitarmente\u00bb a Venezuela ser\u00eda el \u00abfin pol\u00edtico\u00bb de su hom\u00f3logo de Estados Unidos, Donald Trump, quien insisti\u00f3 en que no descarta ninguna opci\u00f3n con respecto a una posible intervenci\u00f3n en territorio venezolano.<\/p>\n<p>Seg\u00fan el l\u00edder chavista, hay \u00abun empe\u00f1o de sectores de poder en los Estados Unidos por destruir al presidente Trump\u00bb con dos temas, uno sobre el pederasta Jeffrey Epstein y el otro sobre Venezuela.<\/p>\n<p>Maduro tambi\u00e9n se mostr\u00f3 dispuesto a hablar \u00abface to face (cara a cara)\u00bb con Trump, quien declar\u00f3 el lunes que est\u00e1 abierto a conversar con su par suramericano.<\/p>\n<p>El domingo, el Departamento de Estado de EE.UU. anunci\u00f3 que designar\u00e1, a partir del 24 de noviembre, como organizaci\u00f3n terrorista extranjera (FTO, en ingl\u00e9s) al Cartel de los Soles, un grupo al que Washington vincula con Maduro, cuyo Gobierno considera esa afirmaci\u00f3n como \u00abun invento\u00bb.<\/p>\n<\/p>\n<p><strong>Si quieres recibir en tu celular esta y otras informaciones descarga Telegram, ingresa al link\u00a0https:\/\/t.me\/albertorodnews\u00a0y dale clic a +Unirme.<\/strong><\/p>\n<p><strong>Alberto Noticias<\/strong><\/p>\n<\/p><\/div>\n\n","protected":false},"excerpt":{"rendered":"<p>El presidente de Venezuela, Nicol\u00e1s Maduro, encabez\u00f3 este martes un encuentro de oraci\u00f3n por la paz, en medio de las tensiones con Estados Unidos a ra\u00edz del despliegue militar norteamericano en el mar Caribe, y declar\u00f3 a Jesucristo como \u00abse\u00f1or y due\u00f1o\u00bb del pa\u00eds suramericano. EFE En el acto, celebrado en el Palacio de Miraflores &hellip;<\/p>\n","protected":false},"author":1,"featured_media":50491,"comment_status":"open","ping_status":"open","sticky":false,"template":"","format":"standard","meta":{"fifu_image_url":"https:\/\/bitlyanews.com\/wp-content\/uploads\/2025\/11\/Maduro-rezando.jpg","fifu_image_alt":"","footnotes":""},"categories":[4],"tags":[],"class_list":["post-50490","post","type-post","status-publish","format-standard","has-post-thumbnail","","category-historias-destacadas"],"_links":{"self":[{"href":"https:\/\/noticiasveraces.com\/index.php?rest_route=\/wp\/v2\/posts\/50490","targetHints":{"allow":["GET"]}}],"collection":[{"href":"https:\/\/noticiasveraces.com\/index.php?rest_route=\/wp\/v2\/posts"}],"about":[{"href":"https:\/\/noticiasveraces.com\/index.php?rest_route=\/wp\/v2\/types\/post"}],"author":[{"embeddable":true,"href":"https:\/\/noticiasveraces.com\/index.php?rest_route=\/wp\/v2\/users\/1"}],"replies":[{"embeddable":true,"href":"https:\/\/noticiasveraces.com\/index.php?rest_route=%2Fwp%2Fv2%2Fcomments&post=50490"}],"version-history":[{"count":0,"href":"https:\/\/noticiasveraces.com\/index.php?rest_route=\/wp\/v2\/posts\/50490\/revisions"}],"wp:featuredmedia":[{"embeddable":true,"href":"https:\/\/noticiasveraces.com\/index.php?rest_route=\/wp\/v2\/media\/50491"}],"wp:attachment":[{"href":"https:\/\/noticiasveraces.com\/index.php?rest_route=%2Fwp%2Fv2%2Fmedia&parent=50490"}],"wp:term":[{"taxonomy":"category","embeddable":true,"href":"https:\/\/noticiasveraces.com\/index.php?rest_route=%2Fwp%2Fv2%2Fcategories&post=50490"},{"taxonomy":"post_tag","embeddable":true,"href":"https:\/\/noticiasveraces.com\/index.php?rest_route=%2Fwp%2Fv2%2Ftags&post=50490"}],"curies":[{"name":"wp","href":"https:\/\/api.w.org\/{rel}","templated":true}]}}