{"id":50473,"date":"2025-11-18T22:16:06","date_gmt":"2025-11-19T02:16:06","guid":{"rendered":"https:\/\/noticiasveraces.com\/?p=50473"},"modified":"2025-11-18T22:16:06","modified_gmt":"2025-11-19T02:16:06","slug":"denunciaron-30-anos-de-prision-para-doctora-por-criticar-el-gobierno","status":"publish","type":"post","link":"https:\/\/noticiasveraces.com\/?p=50473","title":{"rendered":"Denunciaron 30 a\u00f1os de prisi\u00f3n para doctora por criticar el gobierno"},"content":{"rendered":"<p> \n<\/p>\n<div>\n<p>La organizaci\u00f3n no gubernamental (ONG)<strong> Espacio P\u00fablico<\/strong> denunci\u00f3 el martes 18 de noviembre que<strong> un tribunal conden\u00f3 a 30 a\u00f1os de prisi\u00f3n a la doctora Marggie Orozco<\/strong> por enviar un audio en WhatsApp criticando al gobierno de Nicol\u00e1s Maduro.<\/p>\n<div class=\"ruby-table-contents rbtoc table-fw\">\n<ul class=\"toc-content h5\">\n<li>Alertaron sobre los problemas de salud de la detenida<\/li>\n<li>El castigo a la expresi\u00f3n reportado por Espacio P\u00fablico<\/li>\n<\/ul>\n<\/div>\n<p>Orozco, de 65 a\u00f1os de edad, <strong>se encontraba detenida desde el 5 de agosto de 2024<\/strong>. Esta m\u00e9dica general, con una especialidad en Medicina de Familia, resid\u00eda en el barrio Crist\u00f3bal Col\u00f3n, del municipio Ayacucho del estado T\u00e1chira, de acuerdo con la nota publicada por la ONG.<\/p>\n<p>El Tribunal 4\u00b0 de Juicio del Circuito Judicial Penal del estado T\u00e1chira emiti\u00f3 la sentencia el 16 de noviembre.<\/p>\n<p>En la nota de voz, Orozco incentiv\u00f3 a las personas a <strong>ejercer su derecho al voto en las elecciones presidenciales del 28 de julio de 2024<\/strong>. Adem\u00e1s, dio su punto de vista sobre la situaci\u00f3n del pa\u00eds.<\/p>\n<h2 id=\"alertaron-sobre-los-problemas-de-salud-de-la-detenida\" class=\"rb-heading-index-0-828507 wp-block-heading\"><strong>Alertaron sobre los problemas de salud de la detenida<\/strong><\/h2>\n<p>Una fuente an\u00f3nima inform\u00f3 a Espacio P\u00fablico que <strong>Orozco tiene antecedentes cl\u00ednicos de hipertensi\u00f3n pulmonar<\/strong>trastorno del ritmo card\u00edaco, infarto al miocardio y depresi\u00f3n.<\/p>\n<p>\u201cLuego de la elecci\u00f3n, Marggie Orozco recibi\u00f3 acoso y malos tratos por integrantes del consejo comunal, quienes la tildaron de \u2018escu\u00e1lida\u2019 y la amenazaron con no darle m\u00e1s la caja CLAP y la bombona de gas\u201d, asegur\u00f3.<\/p>\n<p>La mujer reaccion\u00f3 en respuesta a las agresiones enviando un audio de WhatsApp y <strong>dos personas la denunciaron<\/strong> y se la llevaron detenida. Hasta diciembre de 2024, estuvo bajo el resguardo de la <strong>Polic\u00eda Nacional Bolivariana (PNB)<\/strong>.<\/p>\n<figure class=\"wp-block-image size-large\"><picture fetchpriority=\"high\" decoding=\"async\" class=\"wp-image-828510\"><source type=\"image\/webp\" sizes=\"(max-width: 1200px) 100vw, 1200px\" nitro-lazy-srcset=\"https:\/\/eldiario.com\/nitropack_static\/DWpklAePbJBFiBKvuTtiGMLbtJlHUqWt\/assets\/images\/optimized\/rev-4610e21\/eldiario.com\/wp-content\/uploads\/2025\/11\/Marggie-Orozco-doctora-1200x900.jpg.webp 1200w, https:\/\/eldiario.com\/nitropack_static\/DWpklAePbJBFiBKvuTtiGMLbtJlHUqWt\/assets\/images\/optimized\/rev-4610e21\/eldiario.com\/wp-content\/uploads\/2025\/11\/Marggie-Orozco-doctora-300x225.jpg.webp 300w, https:\/\/eldiario.com\/nitropack_static\/DWpklAePbJBFiBKvuTtiGMLbtJlHUqWt\/assets\/images\/optimized\/rev-4610e21\/eldiario.com\/wp-content\/uploads\/2025\/11\/Marggie-Orozco-doctora-768x576.jpg.webp 768w, https:\/\/eldiario.com\/nitropack_static\/DWpklAePbJBFiBKvuTtiGMLbtJlHUqWt\/assets\/images\/optimized\/rev-4610e21\/eldiario.com\/wp-content\/uploads\/2025\/11\/Marggie-Orozco-doctora-1536x1152.jpg.webp 1536w, https:\/\/eldiario.com\/nitropack_static\/DWpklAePbJBFiBKvuTtiGMLbtJlHUqWt\/assets\/images\/optimized\/rev-4610e21\/eldiario.com\/wp-content\/uploads\/2025\/11\/Marggie-Orozco-doctora-860x645.jpg.webp 860w, https:\/\/eldiario.com\/nitropack_static\/DWpklAePbJBFiBKvuTtiGMLbtJlHUqWt\/assets\/images\/optimized\/rev-4610e21\/eldiario.com\/wp-content\/uploads\/2025\/11\/Marggie-Orozco-doctora-150x113.jpg.webp 150w, https:\/\/eldiario.com\/nitropack_static\/DWpklAePbJBFiBKvuTtiGMLbtJlHUqWt\/assets\/images\/optimized\/rev-4610e21\/eldiario.com\/wp-content\/uploads\/2025\/11\/Marggie-Orozco-doctora.jpg.webp 1600w\" nitro-lazy-empty=\"\" id=\"ODM1OjczMw==-1\" srcset=\"data:image\/svg+xml;nitro-empty-id=ODM1OjczMw==-1;base64,PHN2ZyB2aWV3Qm94PSIwIDAgMTIwMCA5MDAiIHdpZHRoPSIxMjAwIiBoZWlnaHQ9IjkwMCIgeG1sbnM9Imh0dHA6Ly93d3cudzMub3JnLzIwMDAvc3ZnIj48L3N2Zz4=\"\/><img fetchpriority=\"high\" width=\"1200\" height=\"900\" alt=\"Espacio P\u00fablico denunci\u00f3 condena de 30 a\u00f1os de prisi\u00f3n para doctora por hacer cr\u00edticas sobre el gobierno en WhatsApp \" sizes=\"(max-width: 1200px) 100vw, 1200px\" srcset=\"https:\/\/eldiario.com\/nitropack_static\/DWpklAePbJBFiBKvuTtiGMLbtJlHUqWt\/assets\/images\/optimized\/rev-4610e21\/eldiario.com\/wp-content\/uploads\/2025\/11\/Marggie-Orozco-doctora-1200x900.jpg 1200w, https:\/\/eldiario.com\/nitropack_static\/DWpklAePbJBFiBKvuTtiGMLbtJlHUqWt\/assets\/images\/optimized\/rev-4610e21\/eldiario.com\/wp-content\/uploads\/2025\/11\/Marggie-Orozco-doctora-300x225.jpg 300w, https:\/\/eldiario.com\/nitropack_static\/DWpklAePbJBFiBKvuTtiGMLbtJlHUqWt\/assets\/images\/optimized\/rev-4610e21\/eldiario.com\/wp-content\/uploads\/2025\/11\/Marggie-Orozco-doctora-768x576.jpg 768w, https:\/\/eldiario.com\/nitropack_static\/DWpklAePbJBFiBKvuTtiGMLbtJlHUqWt\/assets\/images\/optimized\/rev-4610e21\/eldiario.com\/wp-content\/uploads\/2025\/11\/Marggie-Orozco-doctora-1536x1152.jpg 1536w, https:\/\/eldiario.com\/nitropack_static\/DWpklAePbJBFiBKvuTtiGMLbtJlHUqWt\/assets\/images\/optimized\/rev-4610e21\/eldiario.com\/wp-content\/uploads\/2025\/11\/Marggie-Orozco-doctora-860x645.jpg 860w, https:\/\/eldiario.com\/nitropack_static\/DWpklAePbJBFiBKvuTtiGMLbtJlHUqWt\/assets\/images\/optimized\/rev-4610e21\/eldiario.com\/wp-content\/uploads\/2025\/11\/Marggie-Orozco-doctora-150x113.jpg 150w, https:\/\/eldiario.com\/nitropack_static\/DWpklAePbJBFiBKvuTtiGMLbtJlHUqWt\/assets\/images\/optimized\/rev-4610e21\/eldiario.com\/wp-content\/uploads\/2025\/11\/Marggie-Orozco-doctora.jpg 1600w\" src=\"https:\/\/eldiario.com\/nitropack_static\/DWpklAePbJBFiBKvuTtiGMLbtJlHUqWt\/assets\/images\/optimized\/rev-4610e21\/eldiario.com\/wp-content\/uploads\/2025\/11\/Marggie-Orozco-doctora-1200x900.jpg\" class=\"nitro-lazy\" decoding=\"async\" nitro-lazy-empty=\"\" id=\"ODM2Ojk2MQ==-1\"\/> <\/picture><figcaption class=\"wp-element-caption\">Foto: Espacio P\u00fablico<\/figcaption><\/figure>\n<p>Posteriormente, la trasladaron al <strong>Centro Penitenciario de Occidente, <\/strong>en donde su salud se ha deteriorado, de acuerdo con la ONG.<\/p>\n<h2 id=\"el-castigo-a-la-expresion-reportado-por-espacio-publico\" class=\"rb-heading-index-1-828507 wp-block-heading\"><strong>El castigo a la expresi\u00f3n reportado por Espacio P\u00fablico<\/strong><\/h2>\n<p>Entre 2024 y 2025, Espacio P\u00fablico registr\u00f3 <strong>detenciones, bloqueos, despidos y otras represalias vinculadas al uso de plataformas como WhatsApp<\/strong>en el contexto poselectoral.<\/p>\n<p>\u201cEl uso del derecho penal para castigar expresiones difundidas en mensajer\u00eda y redes sociales ha sido constante\u201d, advirti\u00f3 la ONG.<\/p>\n<figure class=\"wp-block-image size-large\"><picture loading=\"lazy\" decoding=\"async\" class=\"wp-image-540428\"><source type=\"image\/webp\" sizes=\"(max-width: 760px) 100vw, 760px\" nitro-lazy-srcset=\"https:\/\/eldiario.com\/nitropack_static\/DWpklAePbJBFiBKvuTtiGMLbtJlHUqWt\/assets\/images\/optimized\/rev-4610e21\/eldiario.com\/wp-content\/uploads\/2023\/07\/censura-periodismo-libertad-de-expresion-760x570.jpg.webp 760w, https:\/\/eldiario.com\/nitropack_static\/DWpklAePbJBFiBKvuTtiGMLbtJlHUqWt\/assets\/images\/optimized\/rev-4610e21\/eldiario.com\/wp-content\/uploads\/2023\/07\/censura-periodismo-libertad-de-expresion-300x225.jpg.webp 300w, https:\/\/eldiario.com\/nitropack_static\/DWpklAePbJBFiBKvuTtiGMLbtJlHUqWt\/assets\/images\/optimized\/rev-4610e21\/eldiario.com\/wp-content\/uploads\/2023\/07\/censura-periodismo-libertad-de-expresion-768x576.jpg.webp 768w, https:\/\/eldiario.com\/nitropack_static\/DWpklAePbJBFiBKvuTtiGMLbtJlHUqWt\/assets\/images\/optimized\/rev-4610e21\/eldiario.com\/wp-content\/uploads\/2023\/07\/censura-periodismo-libertad-de-expresion-1536x1152.jpg.webp 1536w, https:\/\/eldiario.com\/nitropack_static\/DWpklAePbJBFiBKvuTtiGMLbtJlHUqWt\/assets\/images\/optimized\/rev-4610e21\/eldiario.com\/wp-content\/uploads\/2023\/07\/censura-periodismo-libertad-de-expresion-150x113.jpg.webp 150w, https:\/\/eldiario.com\/nitropack_static\/DWpklAePbJBFiBKvuTtiGMLbtJlHUqWt\/assets\/images\/optimized\/rev-4610e21\/eldiario.com\/wp-content\/uploads\/2023\/07\/censura-periodismo-libertad-de-expresion.jpg.webp 1600w\" nitro-lazy-empty=\"\" id=\"ODU5Ojc0Mw==-1\" srcset=\"data:image\/svg+xml;nitro-empty-id=ODU5Ojc0Mw==-1;base64,PHN2ZyB2aWV3Qm94PSIwIDAgNzYwIDU3MCIgd2lkdGg9Ijc2MCIgaGVpZ2h0PSI1NzAiIHhtbG5zPSJodHRwOi8vd3d3LnczLm9yZy8yMDAwL3N2ZyI+PC9zdmc+\"\/><img loading=\"lazy\" width=\"760\" height=\"570\" alt=\"Espacio P\u00fablico denunci\u00f3 condena de 30 a\u00f1os de prisi\u00f3n para doctora por hacer cr\u00edticas sobre el gobierno en WhatsApp\u00a0 Espacio P\u00fablico document\u00f3 42 tipos de violaciones a la libertad de expresi\u00f3n en solo un mes en Venezuela\" sizes=\"auto, (max-width: 760px) 100vw, 760px\" srcset=\"https:\/\/eldiario.com\/nitropack_static\/DWpklAePbJBFiBKvuTtiGMLbtJlHUqWt\/assets\/images\/optimized\/rev-4610e21\/eldiario.com\/wp-content\/uploads\/2023\/07\/censura-periodismo-libertad-de-expresion-760x570.jpg 760w, https:\/\/eldiario.com\/nitropack_static\/DWpklAePbJBFiBKvuTtiGMLbtJlHUqWt\/assets\/images\/optimized\/rev-4610e21\/eldiario.com\/wp-content\/uploads\/2023\/07\/censura-periodismo-libertad-de-expresion-300x225.jpg 300w, https:\/\/eldiario.com\/nitropack_static\/DWpklAePbJBFiBKvuTtiGMLbtJlHUqWt\/assets\/images\/optimized\/rev-4610e21\/eldiario.com\/wp-content\/uploads\/2023\/07\/censura-periodismo-libertad-de-expresion-768x576.jpg 768w, https:\/\/eldiario.com\/nitropack_static\/DWpklAePbJBFiBKvuTtiGMLbtJlHUqWt\/assets\/images\/optimized\/rev-4610e21\/eldiario.com\/wp-content\/uploads\/2023\/07\/censura-periodismo-libertad-de-expresion-1536x1152.jpg 1536w, https:\/\/eldiario.com\/nitropack_static\/DWpklAePbJBFiBKvuTtiGMLbtJlHUqWt\/assets\/images\/optimized\/rev-4610e21\/eldiario.com\/wp-content\/uploads\/2023\/07\/censura-periodismo-libertad-de-expresion-150x113.jpg 150w, https:\/\/eldiario.com\/nitropack_static\/DWpklAePbJBFiBKvuTtiGMLbtJlHUqWt\/assets\/images\/optimized\/rev-4610e21\/eldiario.com\/wp-content\/uploads\/2023\/07\/censura-periodismo-libertad-de-expresion.jpg 1600w\" src=\"https:\/\/eldiario.com\/nitropack_static\/DWpklAePbJBFiBKvuTtiGMLbtJlHUqWt\/assets\/images\/optimized\/rev-4610e21\/eldiario.com\/wp-content\/uploads\/2023\/07\/censura-periodismo-libertad-de-expresion-760x570.jpg\" class=\"nitro-lazy\" decoding=\"async\" nitro-lazy-empty=\"\" id=\"ODYwOjEwOTQ=-1\"\/> <\/picture><figcaption class=\"wp-element-caption\">Foto: Median\u00e1lisis<\/figcaption><\/figure>\n<p>Asimismo, reportaron durante 2023 <strong>al menos 22 detenciones por ejercer la libertad de expresi\u00f3n<\/strong>varias de ellas vinculadas a contenidos difundidos en plataformas digitales.<\/p>\n<p>Espacio P\u00fablico record\u00f3 los se\u00f1alamientos de la ONU sobre que estas pr\u00e1cticas se inscriben en <strong>\u201cun patr\u00f3n de represi\u00f3n dirigido a disuadir la cr\u00edtica y restringir el debate p\u00fablico\u201d<\/strong>.<\/p>\n<\/p><\/div>\n\n","protected":false},"excerpt":{"rendered":"<p>La organizaci\u00f3n no gubernamental (ONG) Espacio P\u00fablico denunci\u00f3 el martes 18 de noviembre que un tribunal conden\u00f3 a 30 a\u00f1os de prisi\u00f3n a la doctora Marggie Orozco por enviar un audio en WhatsApp criticando al gobierno de Nicol\u00e1s Maduro. Alertaron sobre los problemas de salud de la detenida El castigo a la expresi\u00f3n reportado por &hellip;<\/p>\n","protected":false},"author":1,"featured_media":50475,"comment_status":"open","ping_status":"open","sticky":false,"template":"","format":"standard","meta":{"fifu_image_url":"https:\/\/eldiario.com\/wp-content\/uploads\/2025\/06\/WhatsApp-1.jpg","fifu_image_alt":"","footnotes":""},"categories":[13],"tags":[],"class_list":["post-50473","post","type-post","status-publish","format-standard","has-post-thumbnail","","category-mundo"],"_links":{"self":[{"href":"https:\/\/noticiasveraces.com\/index.php?rest_route=\/wp\/v2\/posts\/50473","targetHints":{"allow":["GET"]}}],"collection":[{"href":"https:\/\/noticiasveraces.com\/index.php?rest_route=\/wp\/v2\/posts"}],"about":[{"href":"https:\/\/noticiasveraces.com\/index.php?rest_route=\/wp\/v2\/types\/post"}],"author":[{"embeddable":true,"href":"https:\/\/noticiasveraces.com\/index.php?rest_route=\/wp\/v2\/users\/1"}],"replies":[{"embeddable":true,"href":"https:\/\/noticiasveraces.com\/index.php?rest_route=%2Fwp%2Fv2%2Fcomments&post=50473"}],"version-history":[{"count":0,"href":"https:\/\/noticiasveraces.com\/index.php?rest_route=\/wp\/v2\/posts\/50473\/revisions"}],"wp:featuredmedia":[{"embeddable":true,"href":"https:\/\/noticiasveraces.com\/index.php?rest_route=\/wp\/v2\/media\/50475"}],"wp:attachment":[{"href":"https:\/\/noticiasveraces.com\/index.php?rest_route=%2Fwp%2Fv2%2Fmedia&parent=50473"}],"wp:term":[{"taxonomy":"category","embeddable":true,"href":"https:\/\/noticiasveraces.com\/index.php?rest_route=%2Fwp%2Fv2%2Fcategories&post=50473"},{"taxonomy":"post_tag","embeddable":true,"href":"https:\/\/noticiasveraces.com\/index.php?rest_route=%2Fwp%2Fv2%2Ftags&post=50473"}],"curies":[{"name":"wp","href":"https:\/\/api.w.org\/{rel}","templated":true}]}}