{"id":50460,"date":"2025-11-18T20:06:17","date_gmt":"2025-11-19T00:06:17","guid":{"rendered":"https:\/\/noticiasveraces.com\/?p=50460"},"modified":"2025-11-18T20:06:17","modified_gmt":"2025-11-19T00:06:17","slug":"daniel-munoz-fue-visto-en-funeral-estaba-llorando-y-cargo-el-ataud-video-del-estremecedor-momento-curiosidades-de-futbol","status":"publish","type":"post","link":"https:\/\/noticiasveraces.com\/?p=50460","title":{"rendered":"Daniel Mu\u00f1oz fue visto en funeral, estaba llorando y carg\u00f3 el ataud: video del estremecedor momento | Curiosidades de f\u00fatbol"},"content":{"rendered":"<p> \n<br \/><img decoding=\"async\" src=\"https:\/\/www.futbolred.com\/files\/article_graphic\/uploads\/2025\/09\/02\/68b7491c9827d.png\" \/><\/p>\n<div id=\"cuerpoArticulo\">\n<p class=\"texto intro cnx-companion-firstparagraph\" id=\"p258806-m1214-1213-1215\">No son los mejores d\u00edas para el lateral colombiano Daniel Mu\u00f1oz, quien se encontraba en Estados Unidos junto a la Selecci\u00f3n Colombia, concentrado de cara a los partidos amistosos. Sin embargo, el pasado domingo 16 de noviembre, fue desconvocado por motivos familiares y ahora, se conocieron diferentes videos donde se observa al futbolista hacer presencia en un funeral. <\/p>\n<p>La noticia de su desconvocatoria tom\u00f3 por sorpresa a los aficionados de la &#8216;tricolor&#8217;, pero ahora, d\u00edas despu\u00e9s, se empezaron a conocer m\u00e1s detalles de la complicada situaci\u00f3n que vive Mu\u00f1oz con sus seres queridos. <\/p>\n<p class=\"texto contenido-parrafo-articulo cnx-companion-paragraph\" id=\"p258806-m1277-3-1278\">Inmediatamente, Daniel le es concedido su permiso para salir de la concentraci\u00f3n, viaj\u00f3 a territorio colombiano; m\u00e1s exactamente a Medell\u00edn, pues <b>le habr\u00edan notificado que uno de sus amigos m\u00e1s cercanos, hab\u00eda perdido la vida. <br \/><\/b><br \/>Por ahora, no son muchos los detalles que se conocen; Mu\u00f1oz se ha mantenido lejos de la prensa o redes sociales; no obstante, en estas mismas, se han conocido diferentes videos que dan muestra del momento que afronta el jugador del Crystal Palace. <\/p>\n<p>Y es que en una primera pieza audiovisual, <b>se observa a Mu\u00f1oz junto a otras personas cargando el ata\u00fad por las calles de un barrio en la capital antioque\u00f1a. <\/b>Daniel viste de negro, con gafas oscuras y notablemente afectado por lo sucedido. <\/p>\n<p><span class=\"articulo-subtitulo subtitulo2 espacio-contenido cnx-companion-subtitle\" id=\"p258806-m1283-4-1284\">Daniel Mu\u00f1oz, afectado por el fallecimiento de un amigo<\/span><\/p>\n<p class=\"texto contenido-parrafo-articulo cnx-companion-paragraph\" id=\"p258806-m1295-6-1296\">Despu\u00e9s, <b>en otro video, aparece junto a lo que ser\u00edan varios amigos y\/o familiares, dando unas palabras en la iglesia. <\/b><\/p>\n<p>Mu\u00f1oz, lamenta lo ocurrido y por algunos instantes, su voz se entrecorta por las l\u00e1grimas. \u00abEs dif\u00edcil honrar a un amigo o familiar cuando est\u00e1 ah\u00ed (&#8230;) <b>No es f\u00e1cil pararse uno ac\u00e1 y decirle algunas palabras <\/b>(&#8230;) siempre se lo dijimos cuando estaba en vida era la alegr\u00eda de este grupo, este loquito era el que nos hac\u00eda re\u00edr\u00bb, fueron algunas de las palabras que dedic\u00f3 Mu\u00f1oz en su emotivo discurso.<\/p>\n<p>Por el momento, se desconoce la identidad del amigo de Daniel Mu\u00f1oz que falleci\u00f3 y las razones. El jugador, quien atraviesa el luto, tendr\u00eda que volver a Crystal Palace en los pr\u00f3ximos d\u00edas para continuar con la temporada 2025\/26. <\/p>\n<\/div>\n\n","protected":false},"excerpt":{"rendered":"<p>No son los mejores d\u00edas para el lateral colombiano Daniel Mu\u00f1oz, quien se encontraba en Estados Unidos junto a la Selecci\u00f3n Colombia, concentrado de cara a los partidos amistosos. Sin embargo, el pasado domingo 16 de noviembre, fue desconvocado por motivos familiares y ahora, se conocieron diferentes videos donde se observa al futbolista hacer presencia &hellip;<\/p>\n","protected":false},"author":1,"featured_media":50462,"comment_status":"open","ping_status":"open","sticky":false,"template":"","format":"standard","meta":{"fifu_image_url":"https:\/\/www.futbolred.com\/files\/og_thumbnail\/uploads\/2025\/09\/02\/68b7491c9827d.png","fifu_image_alt":"","footnotes":""},"categories":[6],"tags":[],"class_list":["post-50460","post","type-post","status-publish","format-standard","has-post-thumbnail","","category-deportes"],"_links":{"self":[{"href":"https:\/\/noticiasveraces.com\/index.php?rest_route=\/wp\/v2\/posts\/50460","targetHints":{"allow":["GET"]}}],"collection":[{"href":"https:\/\/noticiasveraces.com\/index.php?rest_route=\/wp\/v2\/posts"}],"about":[{"href":"https:\/\/noticiasveraces.com\/index.php?rest_route=\/wp\/v2\/types\/post"}],"author":[{"embeddable":true,"href":"https:\/\/noticiasveraces.com\/index.php?rest_route=\/wp\/v2\/users\/1"}],"replies":[{"embeddable":true,"href":"https:\/\/noticiasveraces.com\/index.php?rest_route=%2Fwp%2Fv2%2Fcomments&post=50460"}],"version-history":[{"count":0,"href":"https:\/\/noticiasveraces.com\/index.php?rest_route=\/wp\/v2\/posts\/50460\/revisions"}],"wp:featuredmedia":[{"embeddable":true,"href":"https:\/\/noticiasveraces.com\/index.php?rest_route=\/wp\/v2\/media\/50462"}],"wp:attachment":[{"href":"https:\/\/noticiasveraces.com\/index.php?rest_route=%2Fwp%2Fv2%2Fmedia&parent=50460"}],"wp:term":[{"taxonomy":"category","embeddable":true,"href":"https:\/\/noticiasveraces.com\/index.php?rest_route=%2Fwp%2Fv2%2Fcategories&post=50460"},{"taxonomy":"post_tag","embeddable":true,"href":"https:\/\/noticiasveraces.com\/index.php?rest_route=%2Fwp%2Fv2%2Ftags&post=50460"}],"curies":[{"name":"wp","href":"https:\/\/api.w.org\/{rel}","templated":true}]}}