{"id":50428,"date":"2025-11-18T14:54:11","date_gmt":"2025-11-18T18:54:11","guid":{"rendered":"https:\/\/noticiasveraces.com\/?p=50428"},"modified":"2025-11-18T14:54:11","modified_gmt":"2025-11-18T18:54:11","slug":"los-cientificos-descubren-una-forma-de-derretir-grupos-de-proteinas-antes-de-que-comience-el-alzheimer","status":"publish","type":"post","link":"https:\/\/noticiasveraces.com\/?p=50428","title":{"rendered":"Los cient\u00edficos descubren una forma de derretir grupos de prote\u00ednas antes de que comience el Alzheimer"},"content":{"rendered":"<p> \n<\/p>\n<div>\n<div id=\"beyondwords-wrapper\" class=\"beyondwords-wrapper\">\n<p><span class=\"label-bg\">NUEVO<\/span>\u00a1Ahora puedes escuchar los art\u00edculos de Fox News!\n  <\/p>\n<\/div>\n<p class=\"speakable\">Es posible que los cient\u00edficos hayan encontrado una manera de detener el da\u00f1o del Alzheimer antes de que comience: \u00abfundiendo\u00bb los peque\u00f1os grupos de prote\u00ednas que son los primeros desencadenantes de la enfermedad.<\/p>\n<p class=\"speakable\">El Alzheimer se ha relacionado durante mucho tiempo con las da\u00f1inas fibrillas de la prote\u00edna tau que se acumulan en el cerebro e interfieren con la funci\u00f3n cognitiva, pero ahora los investigadores han descubierto grupos peque\u00f1os y blandos que aparecen primero.<\/p>\n<p>Cuando esos primeros grupos se disolvieron, impidieron que se formaran fibrillas t\u00f3xicas, lo que podr\u00eda bloquear eficazmente la enfermedad, seg\u00fan investigadores de la Universidad Metropolitana de Tokio.<\/p>\n<p><strong>LLEVA EL GEN DEL ALZHEIMER PERO NUNCA TEN\u00cdA LA ENFERMEDAD: LOS CIENT\u00cdFICOS QUIEREN SABER POR QU\u00c9<\/strong><\/p>\n<p>Dirigidos por el profesor Rei Kurita, los cient\u00edficos utilizaron m\u00e9todos precisos de rayos X y fluorescencia en un laboratorio para encontrar los \u00abprecursores\u00bb microsc\u00f3picos, que med\u00edan s\u00f3lo decenas de nan\u00f3metros, seg\u00fan un comunicado de prensa.<\/p>\n<p>Debido a que los diminutos precursores eran blandos, los investigadores pudieron disolverlos. Como resultado, no se formaron fibrillas de tau.<\/p>\n<div class=\"image-ct inline\">\n<div class=\"m\"><picture><source media=\"(max-width: 767px)\" srcset=\"https:\/\/a57.foxnews.com\/static.foxnews.com\/foxnews.com\/content\/uploads\/2025\/11\/343\/192\/woman-getting-brain-scan.jpg?ve=1&amp;tl=1, https:\/\/a57.foxnews.com\/static.foxnews.com\/foxnews.com\/content\/uploads\/2025\/11\/686\/384\/woman-getting-brain-scan.jpg?ve=1&amp;tl=1 2x\" height=\"192\" width=\"343\"><source media=\"(min-width: 768px) and (max-width: 1023px)\" srcset=\"https:\/\/a57.foxnews.com\/static.foxnews.com\/foxnews.com\/content\/uploads\/2025\/11\/672\/378\/woman-getting-brain-scan.jpg?ve=1&amp;tl=1, https:\/\/a57.foxnews.com\/static.foxnews.com\/foxnews.com\/content\/uploads\/2025\/11\/1344\/756\/woman-getting-brain-scan.jpg?ve=1&amp;tl=1 2x\" height=\"378\" width=\"672\"><source media=\"(min-width: 1024px) and (max-width: 1279px)\" srcset=\"https:\/\/a57.foxnews.com\/static.foxnews.com\/foxnews.com\/content\/uploads\/2025\/11\/931\/523\/woman-getting-brain-scan.jpg?ve=1&amp;tl=1, https:\/\/a57.foxnews.com\/static.foxnews.com\/foxnews.com\/content\/uploads\/2025\/11\/1862\/1046\/woman-getting-brain-scan.jpg?ve=1&amp;tl=1 2x\" height=\"523\" width=\"931\"><source media=\"(min-width: 1280px)\" srcset=\"https:\/\/a57.foxnews.com\/static.foxnews.com\/foxnews.com\/content\/uploads\/2025\/11\/720\/405\/woman-getting-brain-scan.jpg?ve=1&amp;tl=1, https:\/\/a57.foxnews.com\/static.foxnews.com\/foxnews.com\/content\/uploads\/2025\/11\/1440\/810\/woman-getting-brain-scan.jpg?ve=1&amp;tl=1 2x\" height=\"405\" width=\"720\"><img loading=\"lazy\" decoding=\"async\" src=\"https:\/\/a57.foxnews.com\/static.foxnews.com\/foxnews.com\/content\/uploads\/2025\/11\/1200\/675\/woman-getting-brain-scan.jpg?ve=1&amp;tl=1\" alt=\"Una mujer se somete a un esc\u00e1ner cerebral para detectar la enfermedad de Alzheimer\" width=\"1200\" height=\"675\"\/><\/source><\/source><\/source><\/source><\/picture><\/div>\n<div class=\"info\">\n<div class=\"caption\">\n<p><span>Es posible que los cient\u00edficos hayan encontrado una manera de detener el da\u00f1o del Alzheimer antes de que comience: \u00abfundiendo\u00bb los peque\u00f1os grupos de prote\u00ednas que son los primeros desencadenantes de la enfermedad.<\/span> <span>(iStock)<\/span><\/p>\n<\/div>\n<\/div>\n<\/div>\n<p>Estos resultados sugieren un cambio en la forma en que los cient\u00edficos podr\u00edan desarrollar tratamientos para la enfermedad de Alzheimer.<\/p>\n<p>Seg\u00fan el comunicado, en lugar de centrarse en romper las formaciones finales de fibrillas, las nuevas terapias podr\u00edan apuntar a la etapa precursora reversible anterior para evitar que se formen estructuras da\u00f1inas en primer lugar.<\/p>\n<p><strong>OMEGA-3 PUEDE AYUDAR A PROTEGER A LAS MUJERES DE LA ENFERMEDAD DE ALZHEIMER, DICE UN NUEVO ESTUDIO<\/strong><\/p>\n<p>Esta estrategia podr\u00eda eventualmente aplicarse a la investigaci\u00f3n de enfermedades neurodegenerativas como el Parkinson.<\/p>\n<p>El estudio tuvo algunas limitaciones, principalmente que involucr\u00f3 modelos bioqu\u00edmicos in vitro y no humanos ni animales. No se sabe si existen grupos reversibles similares en el tejido cerebral humano.<\/p>\n<div class=\"image-ct inline\">\n<div class=\"m\"><picture><source media=\"(max-width: 767px)\" srcset=\"https:\/\/a57.foxnews.com\/static.foxnews.com\/foxnews.com\/content\/uploads\/2025\/11\/343\/192\/brain-model.jpg?ve=1&amp;tl=1, https:\/\/a57.foxnews.com\/static.foxnews.com\/foxnews.com\/content\/uploads\/2025\/11\/686\/384\/brain-model.jpg?ve=1&amp;tl=1 2x\" height=\"192\" width=\"343\"><source media=\"(min-width: 768px) and (max-width: 1023px)\" srcset=\"https:\/\/a57.foxnews.com\/static.foxnews.com\/foxnews.com\/content\/uploads\/2025\/11\/672\/378\/brain-model.jpg?ve=1&amp;tl=1, https:\/\/a57.foxnews.com\/static.foxnews.com\/foxnews.com\/content\/uploads\/2025\/11\/1344\/756\/brain-model.jpg?ve=1&amp;tl=1 2x\" height=\"378\" width=\"672\"><source media=\"(min-width: 1024px) and (max-width: 1279px)\" srcset=\"https:\/\/a57.foxnews.com\/static.foxnews.com\/foxnews.com\/content\/uploads\/2025\/11\/931\/523\/brain-model.jpg?ve=1&amp;tl=1, https:\/\/a57.foxnews.com\/static.foxnews.com\/foxnews.com\/content\/uploads\/2025\/11\/1862\/1046\/brain-model.jpg?ve=1&amp;tl=1 2x\" height=\"523\" width=\"931\"><source media=\"(min-width: 1280px)\" srcset=\"https:\/\/a57.foxnews.com\/static.foxnews.com\/foxnews.com\/content\/uploads\/2025\/11\/720\/405\/brain-model.jpg?ve=1&amp;tl=1, https:\/\/a57.foxnews.com\/static.foxnews.com\/foxnews.com\/content\/uploads\/2025\/11\/1440\/810\/brain-model.jpg?ve=1&amp;tl=1 2x\" height=\"405\" width=\"720\"><img loading=\"lazy\" decoding=\"async\" src=\"https:\/\/a57.foxnews.com\/static.foxnews.com\/foxnews.com\/content\/uploads\/2025\/11\/1200\/675\/brain-model.jpg?ve=1&amp;tl=1\" alt=\"Microsc\u00f3pico de la red neuronal C\u00e9lulas cerebrales\" width=\"1200\" height=\"675\"\/><\/source><\/source><\/source><\/source><\/picture><\/div>\n<div class=\"info\">\n<div class=\"caption\">\n<p><span>El Alzheimer se ha relacionado durante mucho tiempo con las da\u00f1inas fibrillas de prote\u00edna tau que se acumulan en el cerebro e interfieren con la funci\u00f3n cognitiva.<\/span> <span>(iStock)<\/span><\/p>\n<\/div>\n<\/div>\n<\/div>\n<p>Se necesita m\u00e1s investigaci\u00f3n para determinar si romper estos grupos de prote\u00ednas es seguro y realmente podr\u00eda ayudar a tratar la enfermedad.<\/p>\n<p><strong>HAGA CLIC AQU\u00cd PARA DESCARGAR LA APLICACI\u00d3N FOX NEWS<\/strong><\/p>\n<p>El Dr. Marc Siegel, analista m\u00e9dico senior de Fox News, no particip\u00f3 en el estudio, pero comparti\u00f3 sus reacciones ante los hallazgos.<\/p>\n<p>\u00abHay tres componentes esenciales estructuralmente implicados en el desarrollo de la enfermedad de Alzheimer: las prote\u00ednas beta amiloides, las prote\u00ednas tau y la neuroinflamaci\u00f3n\u00bb, dijo a Fox News Digital.<\/p>\n<blockquote class=\"pull-quote\">\n<p class=\"quote-text\">\u00abEn el futuro, probablemente habr\u00e1 una triple terapia: antiinflamatoria, anti-beta-amiloide y anti-tau\u00bb.<\/p>\n<p> <!----><\/p><\/blockquote>\n<p>\u00abYa existen tratamientos en el mercado para atacar la acumulaci\u00f3n de beta amiloide, y ahora presentamos una terapia dirigida para disolver y alterar la acumulaci\u00f3n de prote\u00edna tau antes de que forme los temidos ovillos neurofibrilatorios\u00bb.<\/p>\n<p><strong>HAGA CLIC AQU\u00cd PARA SUSCRIBIRSE A NUESTRO BOLET\u00cdN DE SALUD<\/strong><\/p>\n<p>Siegel cree que esto \u00abtendr\u00e1 valor cl\u00ednico\u00bb y probablemente ser\u00e1 mejor tolerado que otros medicamentos actualmente en el mercado.<\/p>\n<p>\u00abEn el futuro, probablemente habr\u00e1 una triple terapia: antiinflamatoria, anti-beta-amiloide y anti-tau\u00bb, predice.<\/p>\n<div class=\"image-ct inline\">\n<div class=\"m\"><picture><source media=\"(max-width: 767px)\" srcset=\"https:\/\/a57.foxnews.com\/static.foxnews.com\/foxnews.com\/content\/uploads\/2025\/11\/343\/192\/doctor-patient-brain-scan.jpg?ve=1&amp;tl=1, https:\/\/a57.foxnews.com\/static.foxnews.com\/foxnews.com\/content\/uploads\/2025\/11\/686\/384\/doctor-patient-brain-scan.jpg?ve=1&amp;tl=1 2x\" height=\"192\" width=\"343\"><source media=\"(min-width: 768px) and (max-width: 1023px)\" srcset=\"https:\/\/a57.foxnews.com\/static.foxnews.com\/foxnews.com\/content\/uploads\/2025\/11\/672\/378\/doctor-patient-brain-scan.jpg?ve=1&amp;tl=1, https:\/\/a57.foxnews.com\/static.foxnews.com\/foxnews.com\/content\/uploads\/2025\/11\/1344\/756\/doctor-patient-brain-scan.jpg?ve=1&amp;tl=1 2x\" height=\"378\" width=\"672\"><source media=\"(min-width: 1024px) and (max-width: 1279px)\" srcset=\"https:\/\/a57.foxnews.com\/static.foxnews.com\/foxnews.com\/content\/uploads\/2025\/11\/931\/523\/doctor-patient-brain-scan.jpg?ve=1&amp;tl=1, https:\/\/a57.foxnews.com\/static.foxnews.com\/foxnews.com\/content\/uploads\/2025\/11\/1862\/1046\/doctor-patient-brain-scan.jpg?ve=1&amp;tl=1 2x\" height=\"523\" width=\"931\"><source media=\"(min-width: 1280px)\" srcset=\"https:\/\/a57.foxnews.com\/static.foxnews.com\/foxnews.com\/content\/uploads\/2025\/11\/720\/405\/doctor-patient-brain-scan.jpg?ve=1&amp;tl=1, https:\/\/a57.foxnews.com\/static.foxnews.com\/foxnews.com\/content\/uploads\/2025\/11\/1440\/810\/doctor-patient-brain-scan.jpg?ve=1&amp;tl=1 2x\" height=\"405\" width=\"720\"><img loading=\"lazy\" decoding=\"async\" src=\"https:\/\/a57.foxnews.com\/static.foxnews.com\/foxnews.com\/content\/uploads\/2025\/11\/1200\/675\/doctor-patient-brain-scan.jpg?ve=1&amp;tl=1\" alt=\"Exploraci\u00f3n cerebral del m\u00e9dico y del paciente\" width=\"1200\" height=\"675\"\/><\/source><\/source><\/source><\/source><\/picture><\/div>\n<div class=\"info\">\n<div class=\"caption\">\n<p><span>\u00abSe trata de una investigaci\u00f3n b\u00e1sica prometedora que puede contribuir a profundizar nuestra comprensi\u00f3n de los mecanismos subyacentes a la enfermedad, pero es preliminar\u00bb, afirm\u00f3 un experto.<\/span> <span>(iStock)<\/span><\/p>\n<\/div>\n<\/div>\n<\/div>\n<p>Courtney Kloske, Ph.D., directora de participaci\u00f3n cient\u00edfica de la Asociaci\u00f3n de Alzheimer en Chicago, tambi\u00e9n reaccion\u00f3 al estudio en una entrevista con Fox News Digital.<\/p>\n<p><strong>PRUEBA CON NUESTRO \u00daLTIMO QUIZ DE ESTILO DE VIDA<\/strong><\/p>\n<p>\u00abEste manuscrito se centra en alterar la estructura de tau, una de las prote\u00ednas cerebrales distintivas implicadas en el Alzheimer, y en explorar enfoques que potencialmente podr\u00edan ralentizar o detener el desarrollo de la enfermedad\u00bb, dijo Kloske, que tampoco particip\u00f3 en el estudio.<\/p>\n<p><strong>HAGA CLIC AQU\u00cd PARA M\u00c1S HISTORIAS DE SALUD<\/strong><\/p>\n<p>\u00abEsta es una investigaci\u00f3n b\u00e1sica prometedora que puede profundizar nuestra comprensi\u00f3n de los mecanismos subyacentes a la enfermedad, pero es preliminar y se necesitan estudios adicionales para determinar c\u00f3mo estos hallazgos pueden traducirse en estudios en humanos\u00bb.<\/p>\n<p>Fox News Digital se acerc\u00f3 a los investigadores para solicitar comentarios.<\/p>\n<p> <!----> <\/p>\n<div class=\"article-meta\">\n<div class=\"author-bio\">\n<p>Melissa Rudy es editora senior de salud y miembro del equipo de estilo de vida de Fox News Digital. Se pueden enviar consejos sobre historias a melissa.rudy@fox.com.<\/p>\n<\/div>\n<\/div>\n<\/div>\n\n","protected":false},"excerpt":{"rendered":"<p>NUEVO\u00a1Ahora puedes escuchar los art\u00edculos de Fox News! Es posible que los cient\u00edficos hayan encontrado una manera de detener el da\u00f1o del Alzheimer antes de que comience: \u00abfundiendo\u00bb los peque\u00f1os grupos de prote\u00ednas que son los primeros desencadenantes de la enfermedad. El Alzheimer se ha relacionado durante mucho tiempo con las da\u00f1inas fibrillas de la &hellip;<\/p>\n","protected":false},"author":1,"featured_media":50430,"comment_status":"open","ping_status":"open","sticky":false,"template":"","format":"standard","meta":{"fifu_image_url":"https:\/\/a57.foxnews.com\/static.foxnews.com\/foxnews.com\/content\/uploads\/2025\/11\/1200\/675\/woman-getting-brain-scan.jpg?ve=1&tl=1","fifu_image_alt":"","footnotes":""},"categories":[8],"tags":[],"class_list":["post-50428","post","type-post","status-publish","format-standard","has-post-thumbnail","","category-salud"],"_links":{"self":[{"href":"https:\/\/noticiasveraces.com\/index.php?rest_route=\/wp\/v2\/posts\/50428","targetHints":{"allow":["GET"]}}],"collection":[{"href":"https:\/\/noticiasveraces.com\/index.php?rest_route=\/wp\/v2\/posts"}],"about":[{"href":"https:\/\/noticiasveraces.com\/index.php?rest_route=\/wp\/v2\/types\/post"}],"author":[{"embeddable":true,"href":"https:\/\/noticiasveraces.com\/index.php?rest_route=\/wp\/v2\/users\/1"}],"replies":[{"embeddable":true,"href":"https:\/\/noticiasveraces.com\/index.php?rest_route=%2Fwp%2Fv2%2Fcomments&post=50428"}],"version-history":[{"count":0,"href":"https:\/\/noticiasveraces.com\/index.php?rest_route=\/wp\/v2\/posts\/50428\/revisions"}],"wp:featuredmedia":[{"embeddable":true,"href":"https:\/\/noticiasveraces.com\/index.php?rest_route=\/wp\/v2\/media\/50430"}],"wp:attachment":[{"href":"https:\/\/noticiasveraces.com\/index.php?rest_route=%2Fwp%2Fv2%2Fmedia&parent=50428"}],"wp:term":[{"taxonomy":"category","embeddable":true,"href":"https:\/\/noticiasveraces.com\/index.php?rest_route=%2Fwp%2Fv2%2Fcategories&post=50428"},{"taxonomy":"post_tag","embeddable":true,"href":"https:\/\/noticiasveraces.com\/index.php?rest_route=%2Fwp%2Fv2%2Ftags&post=50428"}],"curies":[{"name":"wp","href":"https:\/\/api.w.org\/{rel}","templated":true}]}}