{"id":50405,"date":"2025-11-18T10:01:24","date_gmt":"2025-11-18T14:01:24","guid":{"rendered":"https:\/\/noticiasveraces.com\/?p=50405"},"modified":"2025-11-18T10:01:24","modified_gmt":"2025-11-18T14:01:24","slug":"el-gobierno-estudia-una-prestacion-universal-por-crianza-que-ya-tiene-la-mayoria-de-paises-de-la-ue-sociedad","status":"publish","type":"post","link":"https:\/\/noticiasveraces.com\/?p=50405","title":{"rendered":"El Gobierno estudia una prestaci\u00f3n universal por crianza que ya tiene la mayor\u00eda de pa\u00edses de la UE | Sociedad"},"content":{"rendered":"<p> \n<\/p>\n<div data-dtm-region=\"articulo_cuerpo\">\n<p class=\"\">En Espa\u00f1a, el 29,2% de los hogares con menores viven bajo el umbral de la pobreza, seg\u00fan los \u00faltimos datos disponibles, de 2024. A\u00f1o tras a\u00f1o, aparece entre los pa\u00edses de la Uni\u00f3n Europea con peores cifras en este \u00e1mbito, un problema estructural y una anomal\u00eda para la cuarta econom\u00eda comunitaria. Ante esta situaci\u00f3n, el Gobierno se compromete a dar pasos hacia una prestaci\u00f3n universal por crianza, un tipo de ayuda de la que disponen la mayor\u00eda de pa\u00edses de la UE y que reclaman acad\u00e9micos y organizaciones de protecci\u00f3n de la infancia para lograr paliar estas cifras. Sumar propone que todas las familias perciban 200 euros al mes por cada hijo, hasta que cumplan 18 a\u00f1os, independientemente de su renta. Aunque, preguntada al respecto en la rueda de prensa posterior al Consejo de Ministros, la ministra de Hacienda, Mar\u00eda Jes\u00fas Montero (PSOE), ha enfriado esas expectativas, al decir que primero habr\u00eda que evaluar los instrumentos para combatir la pobreza infantil ya existentes y, en su caso, unificarlos en una sola prestaci\u00f3n.<\/p>\n<p class=\"\">El Consejo de Ministros ha aprobado este martes una declaraci\u00f3n institucional, con motivo del d\u00eda internacional de los derechos de la infancia, que se conmemora este jueves, que esboza la posibilidad de que una prestaci\u00f3n universal por crianza pueda ser una realidad en Espa\u00f1a. Aunque no va tan lejos como querr\u00eda el socio minoritario del Gobierno.<\/p>\n<p class=\"\">\u201cLa desigualdad econ\u00f3mica tambi\u00e9n condiciona vidas enteras desde la infancia\u201d, se lee en el documento. \u201cPor eso, desde el Ministerio de Juventud e Infancia se contin\u00faa impulsando pol\u00edticas de lucha contra la pobreza infantil\u201d, reza el texto. Como el cumplimiento del plan de acci\u00f3n para implementar la garant\u00eda infantil europea \u2014un programa para combatir la exclusi\u00f3n social de los menores\u2014 y la extensi\u00f3n del complemento de ayuda a la infancia del ingreso m\u00ednimo vital (IMV) \u2014una ayuda que perciben de facto quienes tienen hijos y son beneficiarios del IMV, pero que tambi\u00e9n pueden solicitar familias que no cobren esta ayuda, pero que no superen determinados ingresos\u2014. Todo ello, se dice en la declaraci\u00f3n, \u201cmientras se avanza hacia una prestaci\u00f3n por crianza dise\u00f1ada desde par\u00e1metros de universalidad y equidad fiscal\u201d. <\/p>\n<p class=\"\">Montero ha afirmado: \u201cMi opini\u00f3n es que para reformular cualquier otra prestaci\u00f3n en materia de pobreza infantil tenemos que evaluar el rendimiento que han tenido los instrumentos que en este momento hemos puesto en marcha, muy cuantiosos, y que en cualquier caso, si hay que mejorar en una sola prestaci\u00f3n, habr\u00eda que hacer una refundaci\u00f3n de todos estos complementos en alguna otra prestaci\u00f3n, se llamara como se llamara\u201d. <\/p>\n<p class=\"\">La ministra de Hacienda ha mencionado espec\u00edficamente el complemento de ayuda a la infancia del IMV, aunque en Espa\u00f1a el grueso de las ayudas a las familias, no solo las vulnerables, llegan a trav\u00e9s de deducciones fiscales al hacer la declaraci\u00f3n de la renta. \u201cSi no, permanentemente estamos duplicando instrumentos o los estamos poniendo solapadamente unos encima de otros, y la impresi\u00f3n es que no obtienen el rendimiento que buscamos cuando est\u00e1n as\u00ed distribuidos\u201d, ha a\u00f1adido. As\u00ed que si hubiera que mejorarlos, ha considerado, podr\u00eda ser a trav\u00e9s de una prestaci\u00f3n universal por crianza, \u201co cualquier otra de las que tenemos ya en marcha mejorada\u201d. <\/p>\n<p class=\"\">Ya en la legislatura pasada, Ione Belarra (Podemos) propuso por primera vez una prestaci\u00f3n universal por crianza, que quiso incluir en la ley de familias, sin \u00e9xito ante las reticencias del ala socialista del Ejecutivo. Este Gobierno, de coalici\u00f3n entre el PSOE y Sumar, aprob\u00f3 el a\u00f1o pasado en Consejo de Ministros esta norma, que actualmente est\u00e1 tramit\u00e1ndose en el Congreso y atascada desde hace meses, y que recoge una renta crianza de 100 euros al mes para familias con hijos de hasta tres a\u00f1os, aunque no de forma universal. <\/p>\n<p class=\"\">Actualmente, gran parte de estos hogares ya perciben esta ayuda, a trav\u00e9s de una deducci\u00f3n fiscal reembolsable para madres trabajadoras, porque se ampli\u00f3 en 2023 para recoger tambi\u00e9n supuestos que hasta entonces no estaban contemplados, como mujeres que cobren una prestaci\u00f3n por desempleo, por ejemplo. Pero sigue sin llegar a todas las casas. <\/p>\n<p class=\"\">Ese es precisamente el problema: no todos los hogares realizan la declaraci\u00f3n de la renta. Precisamente quedan fuera los m\u00e1s vulnerables. Para ellos est\u00e1 pensado el ingreso m\u00ednimo vital y tambi\u00e9n el complemento de ayuda a la infancia del ingreso m\u00ednimo vital (que asciende a 115 euros para los hijos de hasta tres a\u00f1os). Pero muchos de los que podr\u00edan optar a estas prestaciones, no exentas de burocracia, ni siquiera las solicitan.<\/p>\n<p class=\"\">Para evitar esta exclusi\u00f3n, as\u00ed como la estigmatizaci\u00f3n de quienes tienen que solicitar una ayuda para personas en situaci\u00f3n de vulnerabilidad, organizaciones de infancia y expertos defienden que exista una prestaci\u00f3n universal por crianza. Seg\u00fan fuentes del Ministerio de Juventud e Infancia, esta f\u00f3rmula permitir\u00eda dejar de lado el actual modelo asistencial y lograr\u00eda reducir la tasa de pobreza infantil a la mitad. <\/p>\n<p class=\"\">Sumar, coalici\u00f3n liderada por Yolanda D\u00edaz, ha puesto esta medida encima de la mesa en varias ocasiones como una de sus prioridades de cara a los Presupuestos Generales del Estado. Unas cuentas que el Ejecutivo tiene previsto presentar para 2026, pese a que Junts haya anunciado que no las apoyar\u00e1, algo que complica su aprobaci\u00f3n. <\/p>\n<p class=\"\">En la UE, 17 de los 27 socios disponen de una renta universal por crianza, seg\u00fan ha argumentado m\u00faltiples veces el ministro de Derechos Sociales, Pablo Bustinduy, que defiende que la medida vaya acompa\u00f1ada de una reforma fiscal. Espa\u00f1a es el Estado miembro que menos capacidad tiene para reducir la pobreza infantil mediante ayudas, seg\u00fan destac\u00f3 Unicef el a\u00f1o pasado, cuando la organizaci\u00f3n tambi\u00e9n afe\u00f3 que el pa\u00eds solo invierta el 1,5% del PIB en protecci\u00f3n social de la infancia y las familias, frente al 2,4% de media europea. <\/p>\n<p class=\"\">La OCDE ha invitado a Espa\u00f1a a explorar la v\u00eda de la prestaci\u00f3n universal por crianza. Seg\u00fan destac\u00f3 en una campa\u00f1a de hace un par de a\u00f1os la Plataforma de Infancia, que aglutina a las principales organizaciones de defensa de derechos de los ni\u00f1os en Espa\u00f1a, en pa\u00edses como Alemania se perciben 219 euros al mes por cada hijo y en Irlanda, 140, hasta los 18 a\u00f1os. <\/p>\n<p class=\"\">En 2024, Save the Children, Unicef y la Plataforma de Infancia realizaron una simulaci\u00f3n de cu\u00e1nto costar\u00eda a Espa\u00f1a plantear una ayuda universal por crianza, a trav\u00e9s de una deducci\u00f3n fiscal reembolsable, y plantearon cuatro escenarios con diferentes cuant\u00edas, con costes netos que ir\u00edan de los 3.180 millones de euros anuales a los 8.668 millones. <\/p>\n<p class=\"\">En la declaraci\u00f3n institucional que ha aprobado el Consejo de Ministros se lee que \u201cning\u00fan ni\u00f1o, ni\u00f1a o adolescente debe ver limitado su futuro por su situaci\u00f3n econ\u00f3mica o habitacional\u201d. Por todo ello, el Ministerio de Juventud e Infancia est\u00e1 impulsando un pacto de Estado para la erradicaci\u00f3n de la pobreza infantil. <\/p>\n<\/div>\n\n","protected":false},"excerpt":{"rendered":"<p>En Espa\u00f1a, el 29,2% de los hogares con menores viven bajo el umbral de la pobreza, seg\u00fan los \u00faltimos datos disponibles, de 2024. A\u00f1o tras a\u00f1o, aparece entre los pa\u00edses de la Uni\u00f3n Europea con peores cifras en este \u00e1mbito, un problema estructural y una anomal\u00eda para la cuarta econom\u00eda comunitaria. Ante esta situaci\u00f3n, el &hellip;<\/p>\n","protected":false},"author":1,"featured_media":50406,"comment_status":"open","ping_status":"open","sticky":false,"template":"","format":"standard","meta":{"fifu_image_url":"https:\/\/imagenes.elpais.com\/resizer\/v2\/NPR3T4PEMPZWLVQDJBJ74JZXTE.jpg?auth=07bafcd944de9ba57ca23064a9d140ac09c082a15a0f04531b3b2af45500adbf&width=1200","fifu_image_alt":"","footnotes":""},"categories":[11],"tags":[],"class_list":["post-50405","post","type-post","status-publish","format-standard","has-post-thumbnail","","category-viaje"],"_links":{"self":[{"href":"https:\/\/noticiasveraces.com\/index.php?rest_route=\/wp\/v2\/posts\/50405","targetHints":{"allow":["GET"]}}],"collection":[{"href":"https:\/\/noticiasveraces.com\/index.php?rest_route=\/wp\/v2\/posts"}],"about":[{"href":"https:\/\/noticiasveraces.com\/index.php?rest_route=\/wp\/v2\/types\/post"}],"author":[{"embeddable":true,"href":"https:\/\/noticiasveraces.com\/index.php?rest_route=\/wp\/v2\/users\/1"}],"replies":[{"embeddable":true,"href":"https:\/\/noticiasveraces.com\/index.php?rest_route=%2Fwp%2Fv2%2Fcomments&post=50405"}],"version-history":[{"count":0,"href":"https:\/\/noticiasveraces.com\/index.php?rest_route=\/wp\/v2\/posts\/50405\/revisions"}],"wp:featuredmedia":[{"embeddable":true,"href":"https:\/\/noticiasveraces.com\/index.php?rest_route=\/wp\/v2\/media\/50406"}],"wp:attachment":[{"href":"https:\/\/noticiasveraces.com\/index.php?rest_route=%2Fwp%2Fv2%2Fmedia&parent=50405"}],"wp:term":[{"taxonomy":"category","embeddable":true,"href":"https:\/\/noticiasveraces.com\/index.php?rest_route=%2Fwp%2Fv2%2Fcategories&post=50405"},{"taxonomy":"post_tag","embeddable":true,"href":"https:\/\/noticiasveraces.com\/index.php?rest_route=%2Fwp%2Fv2%2Ftags&post=50405"}],"curies":[{"name":"wp","href":"https:\/\/api.w.org\/{rel}","templated":true}]}}