{"id":50377,"date":"2025-11-18T06:12:12","date_gmt":"2025-11-18T10:12:12","guid":{"rendered":"https:\/\/noticiasveraces.com\/?p=50377"},"modified":"2025-11-18T06:12:12","modified_gmt":"2025-11-18T10:12:12","slug":"llego-a-venezuela-un-vuelo-con-298-migrantes-repatriados-de-ee-uu","status":"publish","type":"post","link":"https:\/\/noticiasveraces.com\/?p=50377","title":{"rendered":"Lleg\u00f3 a Venezuela un vuelo con 298 migrantes repatriados de EE UU"},"content":{"rendered":"<p> \n<\/p>\n<div>\n<p>Un grupo de <strong>298 migrantes venezolanos<\/strong> repatriados arrib\u00f3 el viernes 14 de noviembre al Aeropuerto Internacional Sim\u00f3n Bol\u00edvar de Maiquet\u00eda, en La Guaira. <\/p>\n<p>Las autoridades venezolanas informaron que entre los pasajeros se encuentran<strong> 240 hombres,47 mujeres y 11 ni\u00f1os<\/strong> provenientes de Texas, Estados Unidos. <\/p>\n<blockquote data-service=\"instagram\" data-category=\"marketing\" data-placeholder-image=\"https:\/\/eldiario.com\/wp-content\/plugins\/complianz-gdpr\/assets\/images\/placeholders\/instagram-minimal.jpg\" class=\"cmplz-placeholder-element instagram-media\" data-instgrm-permalink=\"https:\/\/www.instagram.com\/reel\/DRDO3IngaTC\/?utm_source=ig_embed&amp;utm_campaign=loading\" data-instgrm-version=\"14\" style=\"background:#fff;border:0;border-radius:3px;margin:1px;max-width:540px;min-width:326px;padding:0;width:99.375%;width:-webkit-calc(100% - 2px);width:calc(100% - 2px);\"\/>\n<p>Se trata del vuelo del plan Vuelta a la Patria n\u00famero 87. Las personas recibir\u00e1n atenci\u00f3n integral en salud, seguridad y asesor\u00eda jur\u00eddica como parte de su retorno al pa\u00eds. <\/p>\n<p>En total, m\u00e1s de 15 mil personas han retornado al pa\u00eds desde febrero de 2025, cuando se anunciaron los vuelos de repatriaci\u00f3n entre ambos pa\u00edses.<\/p>\n<h2 class=\"wp-block-heading\" id=\"h-migrantes-venezolanos-repatriados\"><strong>Migrantes venezolanos repatriados<\/strong><\/h2>\n<figure class=\"wp-block-image size-large\"><img fetchpriority=\"high\" width=\"1200\" height=\"800\" alt=\"Lleg\u00f3 a Venezuela un vuelo con 166 venezolanos repatriados desde EE\u202fUU\" sizes=\"(max-width: 1200px) 100vw, 1200px\" srcset=\"https:\/\/eldiario.com\/nitropack_static\/DWpklAePbJBFiBKvuTtiGMLbtJlHUqWt\/assets\/images\/optimized\/rev-4610e21\/eldiario.com\/wp-content\/uploads\/2025\/11\/Diseno-sin-titulo-93-1200x800.jpg 1200w, https:\/\/eldiario.com\/nitropack_static\/DWpklAePbJBFiBKvuTtiGMLbtJlHUqWt\/assets\/images\/optimized\/rev-4610e21\/eldiario.com\/wp-content\/uploads\/2025\/11\/Diseno-sin-titulo-93-300x200.jpg 300w, https:\/\/eldiario.com\/nitropack_static\/DWpklAePbJBFiBKvuTtiGMLbtJlHUqWt\/assets\/images\/optimized\/rev-4610e21\/eldiario.com\/wp-content\/uploads\/2025\/11\/Diseno-sin-titulo-93-768x512.jpg 768w, https:\/\/eldiario.com\/nitropack_static\/DWpklAePbJBFiBKvuTtiGMLbtJlHUqWt\/assets\/images\/optimized\/rev-4610e21\/eldiario.com\/wp-content\/uploads\/2025\/11\/Diseno-sin-titulo-93-1536x1024.jpg 1536w, https:\/\/eldiario.com\/nitropack_static\/DWpklAePbJBFiBKvuTtiGMLbtJlHUqWt\/assets\/images\/optimized\/rev-4610e21\/eldiario.com\/wp-content\/uploads\/2025\/11\/Diseno-sin-titulo-93-330x220.jpg 330w, https:\/\/eldiario.com\/nitropack_static\/DWpklAePbJBFiBKvuTtiGMLbtJlHUqWt\/assets\/images\/optimized\/rev-4610e21\/eldiario.com\/wp-content\/uploads\/2025\/11\/Diseno-sin-titulo-93-420x280.jpg 420w, https:\/\/eldiario.com\/nitropack_static\/DWpklAePbJBFiBKvuTtiGMLbtJlHUqWt\/assets\/images\/optimized\/rev-4610e21\/eldiario.com\/wp-content\/uploads\/2025\/11\/Diseno-sin-titulo-93-615x410.jpg 615w, https:\/\/eldiario.com\/nitropack_static\/DWpklAePbJBFiBKvuTtiGMLbtJlHUqWt\/assets\/images\/optimized\/rev-4610e21\/eldiario.com\/wp-content\/uploads\/2025\/11\/Diseno-sin-titulo-93-860x574.jpg 860w, https:\/\/eldiario.com\/nitropack_static\/DWpklAePbJBFiBKvuTtiGMLbtJlHUqWt\/assets\/images\/optimized\/rev-4610e21\/eldiario.com\/wp-content\/uploads\/2025\/11\/Diseno-sin-titulo-93-150x100.jpg 150w, https:\/\/eldiario.com\/nitropack_static\/DWpklAePbJBFiBKvuTtiGMLbtJlHUqWt\/assets\/images\/optimized\/rev-4610e21\/eldiario.com\/wp-content\/uploads\/2025\/11\/Diseno-sin-titulo-93.jpg 1600w\" src=\"https:\/\/eldiario.com\/nitropack_static\/DWpklAePbJBFiBKvuTtiGMLbtJlHUqWt\/assets\/images\/optimized\/rev-4610e21\/eldiario.com\/wp-content\/uploads\/2025\/11\/Diseno-sin-titulo-93-1200x800.jpg\" class=\"wp-image-826304 nitro-lazy\" decoding=\"async\" nitro-lazy-empty=\"\" id=\"ODA4OjEyNDQ=-1\"\/><figcaption class=\"wp-element-caption\">Foto: minjusticia_ve <\/figcaption><\/figure>\n<p>La mayor\u00eda de los ciudadanos que han llegado a Venezuela han sido deportados por la administraci\u00f3n de Donald Trump desde febrero de 2025, tras un acuerdo suscrito en enero por Caracas y Washington, que no sostienen relaciones diplom\u00e1ticas desde 2019.<\/p>\n<p>El 13 de marzo de 2025, Richard Grenell, enviado de EE UU para Misiones Especiales, asegur\u00f3 que Venezuela \u201cacord\u00f3 reanudar los vuelos para recoger a sus ciudadanos que infringieron las leyes de inmigraci\u00f3n estadounidenses e ingresaron ilegalmente en el pa\u00eds\u201d.<\/p>\n<p>El Ministerio de Comunicaci\u00f3n de Venezuela indic\u00f3 que el gobierno estadounidense notific\u00f3 que algunas personas que fueron enviadas de regreso al pa\u00eds est\u00e1n presuntamente ligadas a actividades delictivas o estar\u00edan involucradas en las acciones de la banda criminal transnacional el Tren de Aragua.<\/p>\n<p>No obstante, Diosdado Cabello, ministro de Interior, Justicia y Paz, ha negado esa aseveraci\u00f3n y sostiene que ninguno de los deportados es miembro del grupo criminal, aunque acept\u00f3 que tras una revisi\u00f3n de los antecedentes penales se determin\u00f3 que varios de los migrantes venezolanos retornados tienen casos pendientes con la justicia venezolana.<\/p>\n<\/p><\/div>\n<p><script async src=\"\/\/www.instagram.com\/embed.js\"><\/script><br \/>\n<br \/>\n","protected":false},"excerpt":{"rendered":"<p>Un grupo de 298 migrantes venezolanos repatriados arrib\u00f3 el viernes 14 de noviembre al Aeropuerto Internacional Sim\u00f3n Bol\u00edvar de Maiquet\u00eda, en La Guaira. Las autoridades venezolanas informaron que entre los pasajeros se encuentran 240 hombres,47 mujeres y 11 ni\u00f1os provenientes de Texas, Estados Unidos. Se trata del vuelo del plan Vuelta a la Patria n\u00famero &hellip;<\/p>\n","protected":false},"author":1,"featured_media":50379,"comment_status":"open","ping_status":"open","sticky":false,"template":"","format":"standard","meta":{"fifu_image_url":"https:\/\/eldiario.com\/wp-content\/uploads\/2025\/10\/Migrantes.jpg","fifu_image_alt":"","footnotes":""},"categories":[13],"tags":[],"class_list":["post-50377","post","type-post","status-publish","format-standard","has-post-thumbnail","","category-mundo"],"_links":{"self":[{"href":"https:\/\/noticiasveraces.com\/index.php?rest_route=\/wp\/v2\/posts\/50377","targetHints":{"allow":["GET"]}}],"collection":[{"href":"https:\/\/noticiasveraces.com\/index.php?rest_route=\/wp\/v2\/posts"}],"about":[{"href":"https:\/\/noticiasveraces.com\/index.php?rest_route=\/wp\/v2\/types\/post"}],"author":[{"embeddable":true,"href":"https:\/\/noticiasveraces.com\/index.php?rest_route=\/wp\/v2\/users\/1"}],"replies":[{"embeddable":true,"href":"https:\/\/noticiasveraces.com\/index.php?rest_route=%2Fwp%2Fv2%2Fcomments&post=50377"}],"version-history":[{"count":0,"href":"https:\/\/noticiasveraces.com\/index.php?rest_route=\/wp\/v2\/posts\/50377\/revisions"}],"wp:featuredmedia":[{"embeddable":true,"href":"https:\/\/noticiasveraces.com\/index.php?rest_route=\/wp\/v2\/media\/50379"}],"wp:attachment":[{"href":"https:\/\/noticiasveraces.com\/index.php?rest_route=%2Fwp%2Fv2%2Fmedia&parent=50377"}],"wp:term":[{"taxonomy":"category","embeddable":true,"href":"https:\/\/noticiasveraces.com\/index.php?rest_route=%2Fwp%2Fv2%2Fcategories&post=50377"},{"taxonomy":"post_tag","embeddable":true,"href":"https:\/\/noticiasveraces.com\/index.php?rest_route=%2Fwp%2Fv2%2Ftags&post=50377"}],"curies":[{"name":"wp","href":"https:\/\/api.w.org\/{rel}","templated":true}]}}