{"id":50361,"date":"2025-11-18T01:44:08","date_gmt":"2025-11-18T05:44:08","guid":{"rendered":"https:\/\/noticiasveraces.com\/?p=50361"},"modified":"2025-11-18T01:44:08","modified_gmt":"2025-11-18T05:44:08","slug":"la-injusticia-racial-aumenta-de-forma-alarmante-a-60-anos-de-la-adopcion-del-instrumento-que-la-rechaza","status":"publish","type":"post","link":"https:\/\/noticiasveraces.com\/?p=50361","title":{"rendered":"La injusticia racial aumenta de forma alarmante a 60 a\u00f1os de la adopci\u00f3n del instrumento que la rechaza"},"content":{"rendered":"<p> \n<br \/><img decoding=\"async\" src=\"https:\/\/global.unitednations.entermediadb.net\/assets\/mediadb\/services\/module\/asset\/downloads\/preset\/Libraries\/Production%20Library\/18-03-2022-UNSPLASH_Racism.jpg\/image560x340cropped.jpg\" \/><\/p>\n<div>\n<p>El pr\u00f3ximo 21 de diciembre se cumplir\u00e1n 60 a\u00f1os desde la adopci\u00f3n de la Convenci\u00f3n Internacional sobre la Eliminaci\u00f3n de Todas las Formas de Discriminaci\u00f3n Racial, lamentablemente, el aniversario llegar\u00e1 en un momento en el que la <strong>injusticia racial, la desigualdad, el discurso de odio y la intolerancia persisten y, en muchos contextos, van en aumento<\/strong> a nivel mundial.<\/p>\n<p>As\u00ed lo advirti\u00f3 este lunes Mahamane Ciss\u00e9 Gouro, director de Mecanismos Convencionales de la Oficina de la ONU para los Derechos Humanos en su discurso de inauguraci\u00f3n del 116\u00ba periodo de sesiones del Comit\u00e9 para la Eliminaci\u00f3n de la Discriminaci\u00f3n Racial.<\/p>\n<p>Ciss\u00e9 Gouro se refiri\u00f3 con alarma a las \u201ctendencias inquietantes\u201d que se afianzan en todo el mundo: \u201cCon demasiada frecuencia, <strong>el discurso de odio y la xenofobia se normalizan<\/strong> mediante el discurso pol\u00edtico y p\u00fablico, y se ven amplificados por las nuevas tecnolog\u00edas\u201d, afirm\u00f3.<\/p>\n<p>El especialista en derechos humanos explic\u00f3 que cuando <strong>los Estados se hacen de la vista gorda ante las violaciones de la ley<\/strong>dichas transgresiones se normalizan. \u201cY cuando los Estados aplican la ley de manera inconsistente, socavan el estado de derecho en todas partes\u201d, a\u00f1adi\u00f3.<\/p>\n<h2>El combate a la discriminaci\u00f3n racial, un mandato primordial<\/h2>\n<p>La lucha contra la discriminaci\u00f3n racial sigue siendo uno de los mandatos primordiales de las Naciones Unidas, afirm\u00f3 Ciss\u00e9 Gouro, quien destac\u00f3 la labor del Comit\u00e9 para supervisar la aplicaci\u00f3n de la Convenci\u00f3n y <strong>promover y proteger los derechos humanos de todas las personas <\/strong>sin ning\u00fan tipo de discriminaci\u00f3n.<\/p>\n<p>Ciss\u00e9 Gouro inst\u00f3 a convertir el sexag\u00e9simo aniversario del instrumento internacional para <strong>explorar c\u00f3mo generar mayor voluntad pol\u00edtica y acciones concretas<\/strong> con el fin de combatir la discriminaci\u00f3n racial de conformidad con las obligaciones en materia de derechos humanos y para garantizar que toda persona disfrute de todas las garant\u00edas fundamentales sin distinci\u00f3n de raza, color, ascendencia, origen nacional o etnia.<\/p>\n<h2>Falta de recursos<\/h2>\n<p>En su alocuci\u00f3n, exhort\u00f3 al Comit\u00e9 a considerar c\u00f3mo puede trabajar de manera m\u00e1s eficaz en la <strong>dif\u00edcil situaci\u00f3n financiera que atraviesa la ONU<\/strong> y que no da visos de mejorar pronto.<\/p>\n<p>A este respecto, Ciss\u00e9 Gouro asegur\u00f3 que la Oficina del Alto Comisionado continuar\u00e1 colaborando con el Comit\u00e9 para <strong>fortalecer el sistema de protecci\u00f3n de los derechos humanos<\/strong> y proporcionarle los recursos necesarios para impulsar su labor esencial.<\/p>\n<p>Por su parte, el presidente del Comit\u00e9, Michal Balcerzak, report\u00f3 que las restricciones presupuestarias causaron la p\u00e9rdida de veinte d\u00edas de trabajo este a\u00f1o y <strong>pidi\u00f3 a los Estados parte a abordar con urgencia esta situaci\u00f3n<\/strong>.<\/p>\n<p>Durante este periodo de sesiones, que se extender\u00e1 hasta el 5 de diciembre en Ginebra, el Comit\u00e9 examinar\u00e1 los informes presentados por <strong>Burundi, Guatemala, Maldivas, Nueva Zelanda, Suecia y T\u00fanez.<\/strong><\/p>\n<\/div>\n\n","protected":false},"excerpt":{"rendered":"<p>El pr\u00f3ximo 21 de diciembre se cumplir\u00e1n 60 a\u00f1os desde la adopci\u00f3n de la Convenci\u00f3n Internacional sobre la Eliminaci\u00f3n de Todas las Formas de Discriminaci\u00f3n Racial, lamentablemente, el aniversario llegar\u00e1 en un momento en el que la injusticia racial, la desigualdad, el discurso de odio y la intolerancia persisten y, en muchos contextos, van en &hellip;<\/p>\n","protected":false},"author":1,"featured_media":50363,"comment_status":"open","ping_status":"open","sticky":false,"template":"","format":"standard","meta":{"fifu_image_url":"https:\/\/global.unitednations.entermediadb.net\/assets\/mediadb\/services\/module\/asset\/downloads\/preset\/Libraries\/Production%20Library\/18-03-2022-UNSPLASH_Racism.jpg\/image770x420cropped.jpg","fifu_image_alt":"","footnotes":""},"categories":[3],"tags":[],"class_list":["post-50361","post","type-post","status-publish","format-standard","has-post-thumbnail","","category-negocio"],"_links":{"self":[{"href":"https:\/\/noticiasveraces.com\/index.php?rest_route=\/wp\/v2\/posts\/50361","targetHints":{"allow":["GET"]}}],"collection":[{"href":"https:\/\/noticiasveraces.com\/index.php?rest_route=\/wp\/v2\/posts"}],"about":[{"href":"https:\/\/noticiasveraces.com\/index.php?rest_route=\/wp\/v2\/types\/post"}],"author":[{"embeddable":true,"href":"https:\/\/noticiasveraces.com\/index.php?rest_route=\/wp\/v2\/users\/1"}],"replies":[{"embeddable":true,"href":"https:\/\/noticiasveraces.com\/index.php?rest_route=%2Fwp%2Fv2%2Fcomments&post=50361"}],"version-history":[{"count":0,"href":"https:\/\/noticiasveraces.com\/index.php?rest_route=\/wp\/v2\/posts\/50361\/revisions"}],"wp:featuredmedia":[{"embeddable":true,"href":"https:\/\/noticiasveraces.com\/index.php?rest_route=\/wp\/v2\/media\/50363"}],"wp:attachment":[{"href":"https:\/\/noticiasveraces.com\/index.php?rest_route=%2Fwp%2Fv2%2Fmedia&parent=50361"}],"wp:term":[{"taxonomy":"category","embeddable":true,"href":"https:\/\/noticiasveraces.com\/index.php?rest_route=%2Fwp%2Fv2%2Fcategories&post=50361"},{"taxonomy":"post_tag","embeddable":true,"href":"https:\/\/noticiasveraces.com\/index.php?rest_route=%2Fwp%2Fv2%2Ftags&post=50361"}],"curies":[{"name":"wp","href":"https:\/\/api.w.org\/{rel}","templated":true}]}}