{"id":50337,"date":"2025-11-17T22:48:00","date_gmt":"2025-11-18T02:48:00","guid":{"rendered":"https:\/\/noticiasveraces.com\/?p=50337"},"modified":"2025-11-17T22:48:00","modified_gmt":"2025-11-18T02:48:00","slug":"las-alergias-alimentarias-podrian-estar-relacionadas-con-bacterias-intestinales-dicen-funcionarios-de-salud","status":"publish","type":"post","link":"https:\/\/noticiasveraces.com\/?p=50337","title":{"rendered":"Las alergias alimentarias podr\u00edan estar relacionadas con bacterias intestinales, dicen funcionarios de salud"},"content":{"rendered":"<p> \n<\/p>\n<div>\n<div id=\"beyondwords-wrapper\" class=\"beyondwords-wrapper\">\n<p><span class=\"label-bg\">NUEVO<\/span>\u00a1Ahora puedes escuchar los art\u00edculos de Fox News!\n  <\/p>\n<\/div>\n<p class=\"speakable\">Con m\u00e1s de 32 millones de estadounidenses luchando contra alergias alimentarias, los defensores y funcionarios de la salud est\u00e1n buscando la causa ra\u00edz, lo que incluye examinar los microbiomas.<\/p>\n<p class=\"speakable\">El Fondo para Alergias Alimentarias (FAF) organiz\u00f3 un foro el lunes en Washington, DC, con el secretario del HHS, Robert F. Kennedy, el jefe de la FDA, Martin Makary, y el director de los NIH, Jay Bhattacharya.<\/p>\n<p>En una entrevista con Fox News Digital, Makary comparti\u00f3 c\u00f3mo la funci\u00f3n de los microbiomas ha evolucionado con el tiempo.<\/p>\n<p><strong>COMER AR\u00c1NDANOS M\u00c1S TEMPRANO EN LA VIDA PODR\u00cdA ALIVIAR LAS ALERGIAS Y FORTALECER LA INMUNIDAD, ENCUENTRA UN NUEVO ESTUDIO<\/strong><\/p>\n<p>Seg\u00fan Makary, el intestino alberga m\u00e1s de mil millones de tipos diferentes de bacterias, que normalmente viven en equilibrio.<\/p>\n<p>El m\u00e9dico a\u00f1adi\u00f3, \u00abpero cuando se ve alterado por la dieta moderna y por los antibi\u00f3ticos y otras exposiciones&#8230; ese desequilibrio puede causar inflamaci\u00f3n, puede causar problemas de salud y puede estar implicado en alergias alimentarias\u00bb.<\/p>\n<div class=\"image-ct inline\">\n<div class=\"m\"><picture><source media=\"(max-width: 767px)\" srcset=\"https:\/\/a57.foxnews.com\/static.foxnews.com\/foxnews.com\/content\/uploads\/2025\/11\/343\/192\/marty-makary-food-allergy-fox-news.jpg?ve=1&amp;tl=1, https:\/\/a57.foxnews.com\/static.foxnews.com\/foxnews.com\/content\/uploads\/2025\/11\/686\/384\/marty-makary-food-allergy-fox-news.jpg?ve=1&amp;tl=1 2x\" height=\"192\" width=\"343\"><source media=\"(min-width: 768px) and (max-width: 1023px)\" srcset=\"https:\/\/a57.foxnews.com\/static.foxnews.com\/foxnews.com\/content\/uploads\/2025\/11\/672\/378\/marty-makary-food-allergy-fox-news.jpg?ve=1&amp;tl=1, https:\/\/a57.foxnews.com\/static.foxnews.com\/foxnews.com\/content\/uploads\/2025\/11\/1344\/756\/marty-makary-food-allergy-fox-news.jpg?ve=1&amp;tl=1 2x\" height=\"378\" width=\"672\"><source media=\"(min-width: 1024px) and (max-width: 1279px)\" srcset=\"https:\/\/a57.foxnews.com\/static.foxnews.com\/foxnews.com\/content\/uploads\/2025\/11\/931\/523\/marty-makary-food-allergy-fox-news.jpg?ve=1&amp;tl=1, https:\/\/a57.foxnews.com\/static.foxnews.com\/foxnews.com\/content\/uploads\/2025\/11\/1862\/1046\/marty-makary-food-allergy-fox-news.jpg?ve=1&amp;tl=1 2x\" height=\"523\" width=\"931\"><source media=\"(min-width: 1280px)\" srcset=\"https:\/\/a57.foxnews.com\/static.foxnews.com\/foxnews.com\/content\/uploads\/2025\/11\/720\/405\/marty-makary-food-allergy-fox-news.jpg?ve=1&amp;tl=1, https:\/\/a57.foxnews.com\/static.foxnews.com\/foxnews.com\/content\/uploads\/2025\/11\/1440\/810\/marty-makary-food-allergy-fox-news.jpg?ve=1&amp;tl=1 2x\" height=\"405\" width=\"720\"><img loading=\"lazy\" decoding=\"async\" src=\"https:\/\/a57.foxnews.com\/static.foxnews.com\/foxnews.com\/content\/uploads\/2025\/11\/1200\/675\/marty-makary-food-allergy-fox-news.jpg?ve=1&amp;tl=1\" alt=\"El Dr. Marty Makary habla en el Foro sobre alergias alimentarias en Washington, DC.\" width=\"1200\" height=\"675\"\/><\/source><\/source><\/source><\/source><\/picture><\/div>\n<div class=\"info\">\n<div class=\"caption\">\n<p><span>\u00abLa salud intestinal es fundamental para la salud general\u00bb, dijo Makary, en la foto de un foro el 16 de noviembre organizado por el Food Allergy Fund.<\/span> <span>(Ashley J. DiMella\/Fox News Digital)<\/span><\/p>\n<\/div>\n<\/div>\n<\/div>\n<p>\u00abLa salud intestinal es fundamental para la salud general\u00bb, enfatiz\u00f3 Makary. Algunos microbios beneficiosos pueden faltar en las poblaciones modernas debido a cambios diet\u00e9ticos y ambientales, que podr\u00edan desempe\u00f1ar un papel en el aumento de las alergias alimentarias, a\u00f1adi\u00f3.<\/p>\n<p>Los investigadores de Siolta Therapeutics est\u00e1n probando esta teor\u00eda. Su terapia de microbioma oral, STMC-103H, ha mostrado resultados prometedores en un ensayo de fase 2 en el que participaron 238 reci\u00e9n nacidos con antecedentes familiares de alergias.<\/p>\n<p><strong><u>HAGA CLIC AQU\u00cd PARA SUSCRIBIRSE A NUESTRO BOLET\u00cdN DE SALUD<\/u><\/strong><\/p>\n<p>Los primeros datos sugieren que la terapia podr\u00eda reducir el riesgo de desarrollar alergias alimentarias en un 77%, lo que indica que mejorar las bacterias intestinales en una etapa temprana de la vida podr\u00eda prevenir las alergias antes de que comiencen.<\/p>\n<p>Se esperan resultados finales para principios de 2026.<\/p>\n<div class=\"image-ct inline\">\n<div class=\"m\"><picture><source media=\"(max-width: 767px)\" srcset=\"https:\/\/a57.foxnews.com\/static.foxnews.com\/foxnews.com\/content\/uploads\/2025\/11\/343\/192\/food-allergy-bacteria-fox-news.jpg?ve=1&amp;tl=1, https:\/\/a57.foxnews.com\/static.foxnews.com\/foxnews.com\/content\/uploads\/2025\/11\/686\/384\/food-allergy-bacteria-fox-news.jpg?ve=1&amp;tl=1 2x\" height=\"192\" width=\"343\"><source media=\"(min-width: 768px) and (max-width: 1023px)\" srcset=\"https:\/\/a57.foxnews.com\/static.foxnews.com\/foxnews.com\/content\/uploads\/2025\/11\/672\/378\/food-allergy-bacteria-fox-news.jpg?ve=1&amp;tl=1, https:\/\/a57.foxnews.com\/static.foxnews.com\/foxnews.com\/content\/uploads\/2025\/11\/1344\/756\/food-allergy-bacteria-fox-news.jpg?ve=1&amp;tl=1 2x\" height=\"378\" width=\"672\"><source media=\"(min-width: 1024px) and (max-width: 1279px)\" srcset=\"https:\/\/a57.foxnews.com\/static.foxnews.com\/foxnews.com\/content\/uploads\/2025\/11\/931\/523\/food-allergy-bacteria-fox-news.jpg?ve=1&amp;tl=1, https:\/\/a57.foxnews.com\/static.foxnews.com\/foxnews.com\/content\/uploads\/2025\/11\/1862\/1046\/food-allergy-bacteria-fox-news.jpg?ve=1&amp;tl=1 2x\" height=\"523\" width=\"931\"><source media=\"(min-width: 1280px)\" srcset=\"https:\/\/a57.foxnews.com\/static.foxnews.com\/foxnews.com\/content\/uploads\/2025\/11\/720\/405\/food-allergy-bacteria-fox-news.jpg?ve=1&amp;tl=1, https:\/\/a57.foxnews.com\/static.foxnews.com\/foxnews.com\/content\/uploads\/2025\/11\/1440\/810\/food-allergy-bacteria-fox-news.jpg?ve=1&amp;tl=1 2x\" height=\"405\" width=\"720\"><img loading=\"lazy\" decoding=\"async\" src=\"https:\/\/a57.foxnews.com\/static.foxnews.com\/foxnews.com\/content\/uploads\/2025\/11\/1200\/675\/food-allergy-bacteria-fox-news.jpg?ve=1&amp;tl=1\" alt=\"mujer sosteniendo su est\u00f3mago comiendo comida\" width=\"1200\" height=\"675\"\/><\/source><\/source><\/source><\/source><\/picture><\/div>\n<div class=\"info\">\n<div class=\"caption\">\n<p><span>Los primeros datos sugieren que la terapia podr\u00eda reducir el riesgo de desarrollar alergias alimentarias en un 77%, lo que indica que mejorar las bacterias intestinales en una etapa temprana de la vida podr\u00eda prevenir las alergias antes de que comiencen.<\/span> <span>(iStock)<\/span><\/p>\n<\/div>\n<\/div>\n<\/div>\n<p>Ilana Golant, fundadora y directora ejecutiva de FAF, dijo a Fox News Digital que \u00ablas alergias alimentarias pueden ser el canario en la mina de carb\u00f3n de una crisis de salud mucho mayor relacionada con el microbioma\u00bb.<\/p>\n<p>La FAF lanz\u00f3 su Colectivo de Microbiomas del Fondo para Alergias Alimentarias en la ciudad de Nueva York para investigar m\u00e1s a fondo c\u00f3mo las bacterias intestinales podr\u00edan ayudar a prevenir o tratar no solo las alergias, sino tambi\u00e9n las enfermedades autoinmunes y neurodegenerativas.<\/p>\n<blockquote class=\"pull-quote\">\n<p class=\"quote-text\">\u00abLa salud intestinal es fundamental para la salud general\u00bb.<\/p>\n<p> <!----><\/p><\/blockquote>\n<p>\u00abResolver las alergias podr\u00eda revelar c\u00f3mo prevenir y tratar una variedad de enfermedades, desde trastornos autoinmunes hasta neurodegeneraci\u00f3n, que afectan a millones de vidas\u00bb, dijo Golant.<\/p>\n<p><strong>HAGA CLIC AQU\u00cd PARA DESCARGAR LA APLICACI\u00d3N FOX NEWS<\/strong><\/p>\n<p>Las alergias alimentarias est\u00e1n muy extendidas y afectan a uno de cada 10 adultos y a uno de cada 13 ni\u00f1os, seg\u00fan la FAF. Cada tres minutos, alguien en los EE. UU. recibe tratamiento en la sala de emergencias por una reacci\u00f3n al\u00e9rgica grave.<\/p>\n<p>Las alergias al man\u00ed se encuentran entre las alergias alimentarias m\u00e1s frecuentes en los EE. UU., y una nueva investigaci\u00f3n muestra que la introducci\u00f3n temprana del man\u00ed podr\u00eda reducir significativamente las alergias infantiles.<\/p>\n<div class=\"image-ct inline\">\n<div class=\"m\"><picture><source media=\"(max-width: 767px)\" srcset=\"https:\/\/a57.foxnews.com\/static.foxnews.com\/foxnews.com\/content\/uploads\/2025\/11\/343\/192\/secretary-kennedy-food-allergy.jpg?ve=1&amp;tl=1, https:\/\/a57.foxnews.com\/static.foxnews.com\/foxnews.com\/content\/uploads\/2025\/11\/686\/384\/secretary-kennedy-food-allergy.jpg?ve=1&amp;tl=1 2x\" height=\"192\" width=\"343\"><source media=\"(min-width: 768px) and (max-width: 1023px)\" srcset=\"https:\/\/a57.foxnews.com\/static.foxnews.com\/foxnews.com\/content\/uploads\/2025\/11\/672\/378\/secretary-kennedy-food-allergy.jpg?ve=1&amp;tl=1, https:\/\/a57.foxnews.com\/static.foxnews.com\/foxnews.com\/content\/uploads\/2025\/11\/1344\/756\/secretary-kennedy-food-allergy.jpg?ve=1&amp;tl=1 2x\" height=\"378\" width=\"672\"><source media=\"(min-width: 1024px) and (max-width: 1279px)\" srcset=\"https:\/\/a57.foxnews.com\/static.foxnews.com\/foxnews.com\/content\/uploads\/2025\/11\/931\/523\/secretary-kennedy-food-allergy.jpg?ve=1&amp;tl=1, https:\/\/a57.foxnews.com\/static.foxnews.com\/foxnews.com\/content\/uploads\/2025\/11\/1862\/1046\/secretary-kennedy-food-allergy.jpg?ve=1&amp;tl=1 2x\" height=\"523\" width=\"931\"><source media=\"(min-width: 1280px)\" srcset=\"https:\/\/a57.foxnews.com\/static.foxnews.com\/foxnews.com\/content\/uploads\/2025\/11\/720\/405\/secretary-kennedy-food-allergy.jpg?ve=1&amp;tl=1, https:\/\/a57.foxnews.com\/static.foxnews.com\/foxnews.com\/content\/uploads\/2025\/11\/1440\/810\/secretary-kennedy-food-allergy.jpg?ve=1&amp;tl=1 2x\" height=\"405\" width=\"720\"><img loading=\"lazy\" decoding=\"async\" src=\"https:\/\/a57.foxnews.com\/static.foxnews.com\/foxnews.com\/content\/uploads\/2025\/11\/1200\/675\/secretary-kennedy-food-allergy.jpg?ve=1&amp;tl=1\" alt=\"Ilana Golant, fundadora y directora ejecutiva de FAF (izquierda), conversa con el secretario del HHS, Robert F. Kennedy Jr., en Washington, DC, en el Foro del Fondo para Alergias Alimentarias.\" width=\"1200\" height=\"675\"\/><\/source><\/source><\/source><\/source><\/picture><\/div>\n<div class=\"info\">\n<div class=\"caption\">\n<p><span>Ilana Golant, fundadora y directora ejecutiva de FAF (izquierda), conversa con el secretario del HHS, Robert F. Kennedy Jr., en Washington, DC, en el Foro del Fondo para Alergias Alimentarias.<\/span> <span>(Ashley J. DiMella\/Fox News Digital)<\/span><\/p>\n<\/div>\n<\/div>\n<\/div>\n<p>El secretario Kennedy observ\u00f3 en la conferencia de la FAF que las alergias alimentarias (particularmente las relacionadas con el man\u00ed) parecen ser mucho m\u00e1s comunes entre los ni\u00f1os de hoy que cuando \u00e9l era ni\u00f1o.<\/p>\n<p>\u00abCuando era ni\u00f1o, nunca conoc\u00ed a nadie con alergia al man\u00ed\u00bb, dijo Kennedy. \u00abTen\u00eda 11 hermanos y unos 71 primos hermanos, y no conoc\u00eda a una sola persona en mis escuelas ni en ninguno de los campamentos a los que fui que tuviera uno\u00bb.<\/p>\n<blockquote class=\"pull-quote\">\n<p class=\"quote-text\">\u00abPuede haber muchas causas, o puede haber s\u00f3lo una; a\u00fan no lo sabemos\u00bb.<\/p>\n<p> <!----><\/p><\/blockquote>\n<p>Uno de sus hijos tiene alergias anafil\u00e1cticas graves al man\u00ed, las nueces y varios otros alimentos, comparti\u00f3. <\/p>\n<p><strong>PRUEBA CON NUESTRO \u00daLTIMO QUIZ DE ESTILO DE VIDA<\/strong><\/p>\n<p>\u00abCuando ten\u00eda 2 a\u00f1os, hab\u00edamos estado en la sala de emergencias unas 22 veces\u00bb, dijo Kennedy.<\/p>\n<p>\u00abAl principio, me concentr\u00e9 en c\u00f3mo \u00edbamos a tratarlo y mantenerlo a salvo. Pero mi mente r\u00e1pidamente pas\u00f3 a la pregunta m\u00e1s importante: \u00bfpor qu\u00e9 sucede esto? Tengo cinco de mis siete hijos con alergias\u00bb, dijo.<\/p>\n<p><strong><u>HAGA CLIC AQU\u00cd PARA M\u00c1S HISTORIAS DE SALUD<\/u><\/strong><\/p>\n<p>\u00abPuede haber muchas causas, o puede haber s\u00f3lo una; a\u00fan no lo sabemos\u00bb, continu\u00f3 Kennedy. \u00abPero vamos a estudiarlo. Vamos a romper esa omert\u00e0, acabar con el tab\u00fa y descubrir qu\u00e9 lo est\u00e1 causando\u00bb.<\/p>\n<p> <!----> <\/p>\n<div class=\"article-meta\">\n<div class=\"author-bio\">\n<p>Ashley J. DiMella es reportera de estilo de vida en Fox News Digital. <\/p>\n<\/div>\n<\/div>\n<\/div>\n\n","protected":false},"excerpt":{"rendered":"<p>NUEVO\u00a1Ahora puedes escuchar los art\u00edculos de Fox News! Con m\u00e1s de 32 millones de estadounidenses luchando contra alergias alimentarias, los defensores y funcionarios de la salud est\u00e1n buscando la causa ra\u00edz, lo que incluye examinar los microbiomas. El Fondo para Alergias Alimentarias (FAF) organiz\u00f3 un foro el lunes en Washington, DC, con el secretario del &hellip;<\/p>\n","protected":false},"author":1,"featured_media":50339,"comment_status":"open","ping_status":"open","sticky":false,"template":"","format":"standard","meta":{"fifu_image_url":"https:\/\/a57.foxnews.com\/static.foxnews.com\/foxnews.com\/content\/uploads\/2025\/11\/1200\/675\/marty-makary-food-allergy-fox-news.jpg?ve=1&tl=1","fifu_image_alt":"","footnotes":""},"categories":[8],"tags":[],"class_list":["post-50337","post","type-post","status-publish","format-standard","has-post-thumbnail","","category-salud"],"_links":{"self":[{"href":"https:\/\/noticiasveraces.com\/index.php?rest_route=\/wp\/v2\/posts\/50337","targetHints":{"allow":["GET"]}}],"collection":[{"href":"https:\/\/noticiasveraces.com\/index.php?rest_route=\/wp\/v2\/posts"}],"about":[{"href":"https:\/\/noticiasveraces.com\/index.php?rest_route=\/wp\/v2\/types\/post"}],"author":[{"embeddable":true,"href":"https:\/\/noticiasveraces.com\/index.php?rest_route=\/wp\/v2\/users\/1"}],"replies":[{"embeddable":true,"href":"https:\/\/noticiasveraces.com\/index.php?rest_route=%2Fwp%2Fv2%2Fcomments&post=50337"}],"version-history":[{"count":0,"href":"https:\/\/noticiasveraces.com\/index.php?rest_route=\/wp\/v2\/posts\/50337\/revisions"}],"wp:featuredmedia":[{"embeddable":true,"href":"https:\/\/noticiasveraces.com\/index.php?rest_route=\/wp\/v2\/media\/50339"}],"wp:attachment":[{"href":"https:\/\/noticiasveraces.com\/index.php?rest_route=%2Fwp%2Fv2%2Fmedia&parent=50337"}],"wp:term":[{"taxonomy":"category","embeddable":true,"href":"https:\/\/noticiasveraces.com\/index.php?rest_route=%2Fwp%2Fv2%2Fcategories&post=50337"},{"taxonomy":"post_tag","embeddable":true,"href":"https:\/\/noticiasveraces.com\/index.php?rest_route=%2Fwp%2Fv2%2Ftags&post=50337"}],"curies":[{"name":"wp","href":"https:\/\/api.w.org\/{rel}","templated":true}]}}