{"id":50328,"date":"2025-11-17T20:50:51","date_gmt":"2025-11-18T00:50:51","guid":{"rendered":"https:\/\/noticiasveraces.com\/?p=50328"},"modified":"2025-11-17T20:50:51","modified_gmt":"2025-11-18T00:50:51","slug":"petro-si-determinados-grupos-no-quieren-hacer-la-paz-actuaremos","status":"publish","type":"post","link":"https:\/\/noticiasveraces.com\/?p=50328","title":{"rendered":"Petro: \u00abSi determinados grupos no quieren hacer la paz, actuaremos\u00bb"},"content":{"rendered":"<p> \n<\/p>\n<div>\n<p>El presidente colombiano, Gustavo Petro, defendi\u00f3 este lunes los bombardeos contra \u00abgrupos armados del narcotr\u00e1fico\u00bb, pese a que la Defensor\u00eda del Pueblo anunci\u00f3 que se est\u00e1n verificando eventos de esa naturaleza en los que posiblemente fallecieron menores de edad.<\/p>\n<p>\u00abSi hay acciones ofensivas de los grupos armados del narcotr\u00e1fico, los bombardeos no se suspenden. Toda acci\u00f3n que he ordenado y ordene hacia adelante se supeditara al DIH [derecho internacional humanitario]. <strong>La acci\u00f3n militar no es lo mejor, pero si determinados grupos no quieren hacer la paz, actuaremos<\/strong>\u00ab, escribi\u00f3 el mandatario en su cuenta de X como respuesta a la defensora, Iris Mar\u00edn, quien solicit\u00f3 detener los ataques armados y evaluar su pertinencia.<\/p>\n<div class=\"ReadMore-root Section-root Section-is1to3-xs_is1to1\" data-widgets=\"ReadMore\">\n<div class=\"Section-container Section-isRow-isTop-isWrap\">\n<article class=\"Card-root Card-is1to1 Card-default \">\n<div class=\"Card-imageWrap\">\n<div class=\"Card-picture\">\n<picture class=\"Picture-root Picture-default\"><!--[if IE 9]><video style=\"display: none;\"><![endif]--><source media=\"(-webkit-min-device-pixel-ratio: 2) and (min-resolution: 120dpi)\" data-srcset=\"&#10;                                            https:\/\/mfes.b37m.ru\/actualidad\/public_images\/2025.11\/thumbnail\/691af739e9ff710ccb6b1490.jpg 850w,&#10;                                    https:\/\/mfes.b37m.ru\/actualidad\/public_images\/2025.11\/article\/691af739e9ff710ccb6b1490.jpg 1960w,            \" srcset=\"&#10;                                    data:image\/png;base64,iVBORw0KGgoAAAANSUhEUgAAABAAAAAJCAQAAACRI2S5AAAAEElEQVR42mNkIAAYRxWAAQAG9gAKqv6+AwAAAABJRU5ErkJggg==&#10;                            \"><source data-srcset=\"&#10;                                            https:\/\/mfes.b37m.ru\/actualidad\/public_images\/2025.11\/thumbnail\/691af739e9ff710ccb6b1490.jpg 460,&#10;                                  https:\/\/mfes.b37m.ru\/actualidad\/public_images\/2025.11\/article\/691af739e9ff710ccb6b1490.jpg 980w,&#10;            \" srcset=\"&#10;                                    data:image\/png;base64,iVBORw0KGgoAAAANSUhEUgAAABAAAAAJCAQAAACRI2S5AAAAEElEQVR42mNkIAAYRxWAAQAG9gAKqv6+AwAAAABJRU5ErkJggg==&#10;                            \"><!--[if IE 9]><\/video><![endif]--><img decoding=\"async\" data-sizes=\"auto\" src=\"&#10;                                    data:image\/png;base64,iVBORw0KGgoAAAANSUhEUgAAABAAAAAJCAQAAACRI2S5AAAAEElEQVR42mNkIAAYRxWAAQAG9gAKqv6+AwAAAABJRU5ErkJggg==&#10;                            \" class=\"Picture-root Picture-default lazyload\" data-src=\"https:\/\/mfes.b37m.ru\/actualidad\/public_images\/2025.11\/thumbnail\/691af739e9ff710ccb6b1490.jpg\" alt=\"Petro se defiende tras bombardeo que dej\u00f3 ni\u00f1os muertos: &quot;No sab\u00edamos de presencia de menores&quot;\"\/><\/source><\/source><\/picture><!-- noscript pattern --><img decoding=\"async\" src=\"https:\/\/mfes.b37m.ru\/actualidad\/public_images\/2025.11\/article\/691af739e9ff710ccb6b1490.jpg\" alt=\"Petro se defiende tras bombardeo que dej\u00f3 ni\u00f1os muertos: &quot;No sab\u00edamos de presencia de menores&quot;\"\/>    <\/div>\n<\/p><\/div>\n<\/article><\/div>\n<\/p><\/div>\n<p>En un mensaje dirigido a Petro y al ministro de Defensa, Pedro Arnulfo S\u00e1nchez Su\u00e1rez, la funcionaria\u00a0notific\u00f3 de \u00abotros bombardeos en verificaci\u00f3n por menores de edad que habr\u00edan resultado muertos\u00bb, raz\u00f3n por la cual solicitaba su suspensi\u00f3n y evaluaci\u00f3n.<\/p>\n<h3>Rese\u00f1as<\/h3>\n<p>El dignatario ha estado en el ojo del hurac\u00e1n luego de que se hiciera p\u00fablico que en un bombardeo que orden\u00f3 ejecutar sobre la selva del Guaviare (suroriente) el pasado 12 de noviembre, <strong>resultaron muertos al menos unos 20 miembros de una disidencia<\/strong> de las extintas Fuerzas Armadas Revolucionarias de Colombia (FARC), varios\u00a0de los cuales eran menores.<\/p>\n<p>Petro sali\u00f3 al paso de los se\u00f1alamientos, en los que se le acus\u00f3 de haber roto el principio de distinci\u00f3n de los menores combatientes y de no ser consistente con sus acusaciones con respecto al trato que reciben ni\u00f1os y adolescentes en la Franja de Gaza o los bombardeos estadounidenses a peque\u00f1as embarcaciones en el Caribe y el Pac\u00edfico, tachadas sin pruebas de &#8216;narcolanchas&#8217;.<\/p>\n<p>As\u00ed, en un mensaje divulgado en sus redes sociales, arguy\u00f3 que \u00aben esos sitios \u2013Gaza, el Caribe y el Pac\u00edfico\u2013<strong>han bombardeado solo a civiles desarmados<\/strong> y lo hacen con armas mucho m\u00e1s letales\u00bb que las que usa el Ej\u00e9rcito colombiano, al tiempo que afirm\u00f3 que esas situaciones no son comparables \u00abcon el bombardeo a las columnas de [Iv\u00e1n] Mordisco [l\u00edder de las disidencias de las FARC]armadas y en plena ofensiva\u00bb. <strong>\u00abNo sab\u00edamos de la presencia de menores\u00bb<\/strong>sostuvo. Adem\u00e1s, sindic\u00f3 a los grupos armados de usarlos \u00abcomo escudos humanos\u00bb.<\/p>\n<\/div>\n\n","protected":false},"excerpt":{"rendered":"<p>El presidente colombiano, Gustavo Petro, defendi\u00f3 este lunes los bombardeos contra \u00abgrupos armados del narcotr\u00e1fico\u00bb, pese a que la Defensor\u00eda del Pueblo anunci\u00f3 que se est\u00e1n verificando eventos de esa naturaleza en los que posiblemente fallecieron menores de edad. \u00abSi hay acciones ofensivas de los grupos armados del narcotr\u00e1fico, los bombardeos no se suspenden. Toda &hellip;<\/p>\n","protected":false},"author":1,"featured_media":50330,"comment_status":"open","ping_status":"open","sticky":false,"template":"","format":"standard","meta":{"fifu_image_url":"https:\/\/mfes.b37m.ru\/actualidad\/public_images\/2025.11\/article\/691ba0afe9ff712d4a66dfcd.jpg","fifu_image_alt":"","footnotes":""},"categories":[13],"tags":[],"class_list":["post-50328","post","type-post","status-publish","format-standard","has-post-thumbnail","","category-mundo"],"_links":{"self":[{"href":"https:\/\/noticiasveraces.com\/index.php?rest_route=\/wp\/v2\/posts\/50328","targetHints":{"allow":["GET"]}}],"collection":[{"href":"https:\/\/noticiasveraces.com\/index.php?rest_route=\/wp\/v2\/posts"}],"about":[{"href":"https:\/\/noticiasveraces.com\/index.php?rest_route=\/wp\/v2\/types\/post"}],"author":[{"embeddable":true,"href":"https:\/\/noticiasveraces.com\/index.php?rest_route=\/wp\/v2\/users\/1"}],"replies":[{"embeddable":true,"href":"https:\/\/noticiasveraces.com\/index.php?rest_route=%2Fwp%2Fv2%2Fcomments&post=50328"}],"version-history":[{"count":0,"href":"https:\/\/noticiasveraces.com\/index.php?rest_route=\/wp\/v2\/posts\/50328\/revisions"}],"wp:featuredmedia":[{"embeddable":true,"href":"https:\/\/noticiasveraces.com\/index.php?rest_route=\/wp\/v2\/media\/50330"}],"wp:attachment":[{"href":"https:\/\/noticiasveraces.com\/index.php?rest_route=%2Fwp%2Fv2%2Fmedia&parent=50328"}],"wp:term":[{"taxonomy":"category","embeddable":true,"href":"https:\/\/noticiasveraces.com\/index.php?rest_route=%2Fwp%2Fv2%2Fcategories&post=50328"},{"taxonomy":"post_tag","embeddable":true,"href":"https:\/\/noticiasveraces.com\/index.php?rest_route=%2Fwp%2Fv2%2Ftags&post=50328"}],"curies":[{"name":"wp","href":"https:\/\/api.w.org\/{rel}","templated":true}]}}