{"id":50325,"date":"2025-11-17T19:47:39","date_gmt":"2025-11-17T23:47:39","guid":{"rendered":"https:\/\/noticiasveraces.com\/?p=50325"},"modified":"2025-11-17T19:47:39","modified_gmt":"2025-11-17T23:47:39","slug":"periodista-que-llamo-cobarde-a-alfredo-morelos-fue-despedido-de-medio-de-comunicacion-en-cali-curiosidades-de-futbol","status":"publish","type":"post","link":"https:\/\/noticiasveraces.com\/?p=50325","title":{"rendered":"Periodista que llam\u00f3 cobarde a Alfredo Morelos fue despedido de medio de comunicaci\u00f3n en Cali | Curiosidades de f\u00fatbol"},"content":{"rendered":"<p> \n<br \/><img decoding=\"async\" src=\"https:\/\/www.futbolred.com\/files\/article_graphic\/uploads\/2025\/11\/17\/691b986c90639.jpeg\" \/><\/p>\n<div id=\"cuerpoArticulo\">\n<p class=\"texto intro cnx-companion-firstparagraph\" id=\"p258763-m492-491-493\">Mucho revuelo ha causado en el f\u00fatbol colombiano, y en los medios de comunicaci\u00f3n, la manera en la que un periodista vallecaucano encar\u00f3 y provoc\u00f3 a Alfredo Morelos, delantero de Atl\u00e9tico Nacional.<\/p>\n<p>William M\u00e9ndez, reportero del medio <i>\u2018La Estaci\u00f3n Deportiva\u2019<\/i>habr\u00eda cruzado la raya y falt\u00f3 al respeto al jugador, provoc\u00e1ndolo en la zona mixta del estadio Pascual Guerrero, luego del empate 2-2 entre Am\u00e9rica de Cali y el equipo verdolaga, en la semifinal de vuelta de la Copa BetPlay 2025.<\/p>\n<p>\u201cAlfredo, mencionas ahorita que t\u00fa te dedicas a jugar, que no te preocupa el tema de la hinchada, pero en la \u00faltima visita aqu\u00ed a la ciudad de Cali saliste verraco, contra nosotros la prensa tambi\u00e9n dec\u00edas que es que entonces cuando me insultan a m\u00ed\u201d, abord\u00f3 M\u00e9ndez al \u2018B\u00fafalo\u2019 Morelos.<\/p>\n<p class=\"texto contenido-parrafo-articulo cnx-companion-paragraph\" id=\"p258763-m542-3-543\">\u201c\u00bfOtra vez t\u00fa?\u201d, interrumpi\u00f3 Morelos, recordando el altercado de meses atr\u00e1s con el mismo periodista y decidi\u00f3 ignorarlo.<\/p>\n<p>El periodista arremeti\u00f3 contra el delantero verdolaga: \u201c\u00bfPor qu\u00e9 eres tan cobarde Morelos? \u00bfPor qu\u00e9 eres tan cobarde? O sea, por qu\u00e9 te gusta ocultar las cosas, \u00bfdime? No, le pido respeto a Morelos porque \u2018otra vez t\u00fa\u2019 (&#8230;) No es que la verdad\u201d, respondi\u00f3 M\u00e9ndez, mientras el jefe de prensa de Nacional le ped\u00eda respeto por el jugador.<\/p>\n<div id=\"p258763-m548-4-549\" class=\"\">\n<blockquote class=\"twitter-tweet\" data-media-max-width=\"560\">\n<p lang=\"es\" dir=\"ltr\">Nos unimos a las voces de rechazo ante el ataque personal e insultante que tuvo el periodista William M\u00e9ndez de \u00abLa Estaci\u00f3n Deportiva\u00bb, hacia Alfredo Morelos.<\/p>\n<p>La libertad de expresi\u00f3n y la labor period\u00edstica no pueden ser excusa para insultar o maltratar a una persona&#8230; <a href=\"https:\/\/t.co\/dqinkraoBg\">pic.twitter.com\/dqinkraoBg<\/a><\/p>\n<p>\u2014 Nacional Es Pasi\u00f3n (@NacionalsPasion) <a href=\"https:\/\/twitter.com\/NacionalsPasion\/status\/1990483794428915958?ref_src=twsrc%5Etfw\">17 de noviembre de 2025<\/a><\/p><\/blockquote><\/div>\n<p class=\"texto contenido-parrafo-articulo cnx-companion-paragraph\" id=\"p258763-m573-6-574\">Este lunes 17 de noviembre, el medio <i>\u2018La Estaci\u00f3n Deportiva\u2019<\/i> se pronunci\u00f3 sobre lo ocurrido con su periodista, asegurando que no se hacen responsables \u201cpor las opiniones o comentarios con tinte personal que puedan emitir nuestros colaboradores, antes, durante y despu\u00e9s de los partidos\u201d.<\/p>\n<p>\u201cLo sucedido entre el jugador Alfredo Morelos y el comunicador que usaba nuestra imagen en el micr\u00f3fono, NO NOS REPRESENTA; por ello extendemos nuestras disculpas al jugador\u201d, a\u00f1adi\u00f3 el medio en un comunicado.<\/p>\n<p>La coordinaci\u00f3n del programa a\u00f1adi\u00f3 que tomaron una fuerte decisi\u00f3n: William M\u00e9ndez fue despedido y \u201cya no es parte de <i>\u2018La Estaci\u00f3n Deportiva\u2019<\/i>\u201d.<\/p>\n<div id=\"p258763-m616-7-617\" class=\"\">\n<blockquote class=\"twitter-tweet\">\n<p lang=\"es\" dir=\"ltr\">Desde la coordinaci\u00f3n de La Estaci\u00f3n Deportiva, pedimos disculpas al jugador Alfredo Morelos y <a href=\"https:\/\/twitter.com\/nacionaloficial?ref_src=twsrc%5Etfw\">@nacionaloficial<\/a> por la actitud de William M\u00e9ndez tras el partido vs. Am\u00e9rica de Cali. <\/p>\n<p>Cabe destacar que dicha persona ya no es parte de La Estaci\u00f3n Deportiva. <a href=\"https:\/\/t.co\/lIQdjFeyJj\">pic.twitter.com\/lIQdjFeyJj<\/a><\/p>\n<p>\u2014FZ (@fabianitaz) <a href=\"https:\/\/twitter.com\/fabianitaz\/status\/1990497642418442669?ref_src=twsrc%5Etfw\">17 de noviembre de 2025<\/a><\/p><\/blockquote><\/div>\n<\/div>\n<p><script async src=\"https:\/\/platform.twitter.com\/widgets.js\" charset=\"utf-8\"><\/script><br \/>\n<br \/>\n","protected":false},"excerpt":{"rendered":"<p>Mucho revuelo ha causado en el f\u00fatbol colombiano, y en los medios de comunicaci\u00f3n, la manera en la que un periodista vallecaucano encar\u00f3 y provoc\u00f3 a Alfredo Morelos, delantero de Atl\u00e9tico Nacional. William M\u00e9ndez, reportero del medio \u2018La Estaci\u00f3n Deportiva\u2019habr\u00eda cruzado la raya y falt\u00f3 al respeto al jugador, provoc\u00e1ndolo en la zona mixta del &hellip;<\/p>\n","protected":false},"author":1,"featured_media":50327,"comment_status":"open","ping_status":"open","sticky":false,"template":"","format":"standard","meta":{"fifu_image_url":"https:\/\/www.futbolred.com\/files\/og_thumbnail\/uploads\/2025\/11\/17\/691b986c90639.jpeg","fifu_image_alt":"","footnotes":""},"categories":[6],"tags":[],"class_list":["post-50325","post","type-post","status-publish","format-standard","has-post-thumbnail","","category-deportes"],"_links":{"self":[{"href":"https:\/\/noticiasveraces.com\/index.php?rest_route=\/wp\/v2\/posts\/50325","targetHints":{"allow":["GET"]}}],"collection":[{"href":"https:\/\/noticiasveraces.com\/index.php?rest_route=\/wp\/v2\/posts"}],"about":[{"href":"https:\/\/noticiasveraces.com\/index.php?rest_route=\/wp\/v2\/types\/post"}],"author":[{"embeddable":true,"href":"https:\/\/noticiasveraces.com\/index.php?rest_route=\/wp\/v2\/users\/1"}],"replies":[{"embeddable":true,"href":"https:\/\/noticiasveraces.com\/index.php?rest_route=%2Fwp%2Fv2%2Fcomments&post=50325"}],"version-history":[{"count":0,"href":"https:\/\/noticiasveraces.com\/index.php?rest_route=\/wp\/v2\/posts\/50325\/revisions"}],"wp:featuredmedia":[{"embeddable":true,"href":"https:\/\/noticiasveraces.com\/index.php?rest_route=\/wp\/v2\/media\/50327"}],"wp:attachment":[{"href":"https:\/\/noticiasveraces.com\/index.php?rest_route=%2Fwp%2Fv2%2Fmedia&parent=50325"}],"wp:term":[{"taxonomy":"category","embeddable":true,"href":"https:\/\/noticiasveraces.com\/index.php?rest_route=%2Fwp%2Fv2%2Fcategories&post=50325"},{"taxonomy":"post_tag","embeddable":true,"href":"https:\/\/noticiasveraces.com\/index.php?rest_route=%2Fwp%2Fv2%2Ftags&post=50325"}],"curies":[{"name":"wp","href":"https:\/\/api.w.org\/{rel}","templated":true}]}}