{"id":50315,"date":"2025-11-17T17:57:07","date_gmt":"2025-11-17T21:57:07","guid":{"rendered":"https:\/\/noticiasveraces.com\/?p=50315"},"modified":"2025-11-17T17:57:07","modified_gmt":"2025-11-17T21:57:07","slug":"que-revela-el-resultado-de-la-primera-vuelta","status":"publish","type":"post","link":"https:\/\/noticiasveraces.com\/?p=50315","title":{"rendered":"\u00bfqu\u00e9 revela el resultado de la primera vuelta?"},"content":{"rendered":"<p> \n<\/p>\n<div>\n<p>Solo quedan dos oponentes en la carrera electoral por suceder a Gabriel Boric en el Palacio de la Moneda: la militante del Partido Comunista\u00a0Jeannette Jara y el exdiputado de ultraderecha Jos\u00e9 Antonio Kast.<\/p>\n<p>La pol\u00edtica de izquierdas y candidata del oficialismo obtuvo un 26,8% de los votos frente al 23,9% del exdiputado ultracat\u00f3lico.\u00a0El resultado fue m\u00e1s ajustado de lo que pronosticaban las encuestas, que le daban a la exministra de\u00a0Gabriel Boric\u00a0una victoria por encima del 30%. <\/p>\n<p>\u201cSon malas noticias para el Gobierno\u201d, sintetiza a France 24 la doctora en Ciencias Pol\u00edticas y Sociales Paulina Astroza, quien sostiene que \u00abJara representa el continuismo, aunque haya intentado separarse del Gobierno de Boric, debido a su alta desaprobaci\u00f3n\u00bb, algo que la tambi\u00e9n acad\u00e9mica de la Universidad de Concepci\u00f3n considera\u00a0\u00abmuy dif\u00edcil cuando ha sido su ministra de trabajo\u201d.<\/p>\n<p>En la misma l\u00ednea,\u00a0Guillermo Holzmann, analista pol\u00edtico y acad\u00e9mico de la Universidad de Valpara\u00edso, concluye de la jornada electoral del domingo que\u00a0\u00absolamente un 26% [el electorado de Jara] busca una continuidad [del Gobierno de Boric]\u00bb.<\/p>\n<p>Las votaciones estuvieron marcadas por la eclosi\u00f3n de m\u00faltiples figuras del conservadurismo en la carrera presidencial, que, para Holzmann, demostr\u00f3 que \u00ablos partidos tradicionales de la derecha est\u00e1n debilitados y fragmentados\u00bb,\u00a0por lo que a Kast \u00able queda la responsabilidad de representar a toda una derecha dividida\u00bb.<\/p>\n<h2><strong>El factor Parisi en la transferencia de apoyos <\/strong><\/h2>\n<p>Jara y Kast tendr\u00e1n hasta el 16 de diciembre, fecha de la segunda vuelta electoral, para atraer a los votantes que apoyaron otras candidaturas y a los indecisos. Astroza defiende que \u00abKast va a tener la gran parte de los votos de la derecha porque es, en gran medida, un voto contra el Gobierno de Boric y un voto anticomunista\u00bb.<\/p>\n<p>Eso s\u00ed, la analista se\u00f1ala como excepci\u00f3n a\u00a0los 1,6 millones de sufragantes de Evelyn Matthei, que constituyen principalmente \u00abun voto anti-Kast\u00bb, en palabras de Astroza, quien defiende que muchos de los votantes de Matthei, de una ideolog\u00eda m\u00e1s moderada, desconf\u00edan de las posturas radicales del candidato del Partido Republicano.<\/p>\n<p>Con relaci\u00f3n a Jara, la \u00fanica candidata de izquierda entre los m\u00e1s sufragados, Holzmann opina que \u00abno tiene mucho espacio de donde sacar votos para aumentar los que ya tiene\u00bb. As\u00ed lo piensa tambi\u00e9n Astroza al afirmar que \u00abel porcentaje de quienes podr\u00edan sumarse a su candidatura es muy bajo\u00bb.<\/p>\n<p>En este contexto, el escenario m\u00e1s viable para la supervivencia electoral de la candidata oficialista, asegura Holzmann, \u00abes negociar con [Franco] Parisi\u00bb, el populista de derecha que se autodefine de centro y que sorprendi\u00f3 al quedar en tercer lugar, tras un considerable avance en las regiones mineras del norte de Chile. Sin embargo, matiza Holzmann, \u00abse ve dif\u00edcil que toda la votaci\u00f3n de \u00e9l, e incluso una parte,\u00a0vaya hacia Jara\u00bb. <\/p>\n<p>Astroza se\u00f1ala que \u00abel discurso <em>anti<\/em><em>establecimiento\u00bb <\/em>con que Parisi sedujo a sus votantes \u00ablo representa mejor Kast y se va en contra de Jeannette Jara, porque ella es continuismo\u00bb.<\/p>\n<div class=\"em-video-wrapper m-em-video\" data-media-video-wbmz351440-f24-es-20251117=\"\" data-wrapper-video-player=\"\" data-show-hidden-video-player=\"WBMZ351440-F24-ES-20251117\" data-youtube-script=\"\">\n<div class=\"m-em-video__video\">\n<div class=\"o-em-consent \">\n<div class=\"o-em-consent__content\">\n<p class=\"o-em-consent__content__text\">Para mostrar este contenido de YouTube, debe autorizar las cookies de medici\u00f3n de audiencia y publicidad.<\/p>\n<p>        <button class=\"a-master-button a-master-button--dark\" data-action=\"accept\">Aceptar<i class=\"a-svg a-svg--icon-check\"\/><\/button><br \/>\n        <button class=\"a-link\" data-action=\"manage\">Gestionar mis opciones<i class=\"a-svg a-svg--icon-edit\"\/><\/button>\n    <\/div>\n<\/div>\n<div class=\"o-em-adblock\" data-adblock-content=\"\">\n<div class=\"o-em-adblock__content\">\n<p class=\"o-em-adblock__content__text\">Una extensi\u00f3n de tu navegador parece estar bloqueando la carga del reproductor de video. Para poder ver este contenido, debes desactivarla en este sitio.<\/p>\n<p>            <button class=\"a-master-button a-master-button--dark\" data-action=\"reload\">Reintentar<\/button>\n    <\/div>\n<\/div>\n<figure class=\"m-item-image m-item-image--16x9 m-item-image--has-caption\">\n<picture class=\"a-picture a-picture--16x9\"><source type=\"image\/webp\" srcset=\"https:\/\/s.france24.com\/media\/display\/ca0a2bba-c3bc-11f0-bab8-005056bf30b7\/w:388\/p:16x9\/ES-20251117-074935-075912-CS.webp 388w,https:\/\/s.france24.com\/media\/display\/ca0a2bba-c3bc-11f0-bab8-005056bf30b7\/w:720\/p:16x9\/ES-20251117-074935-075912-CS.webp 720w,https:\/\/s.france24.com\/media\/display\/ca0a2bba-c3bc-11f0-bab8-005056bf30b7\/w:1024\/p:16x9\/ES-20251117-074935-075912-CS.webp 1024w,https:\/\/s.france24.com\/media\/display\/ca0a2bba-c3bc-11f0-bab8-005056bf30b7\/w:1280\/p:16x9\/ES-20251117-074935-075912-CS.webp 1280w\" sizes=\"(max-width: 639px) calc(100vw - 32px), (max-width: 1076px) calc(100vw - 44px), 850px\"><img decoding=\"async\" fetchpriority=\"low\" src=\"https:\/\/s.france24.com\/media\/display\/ca0a2bba-c3bc-11f0-bab8-005056bf30b7\/w:1280\/p:16x9\/ES-20251117-074935-075912-CS.jpg\" srcset=\"https:\/\/s.france24.com\/media\/display\/ca0a2bba-c3bc-11f0-bab8-005056bf30b7\/w:388\/p:16x9\/ES-20251117-074935-075912-CS.jpg 388w,https:\/\/s.france24.com\/media\/display\/ca0a2bba-c3bc-11f0-bab8-005056bf30b7\/w:720\/p:16x9\/ES-20251117-074935-075912-CS.jpg 720w,https:\/\/s.france24.com\/media\/display\/ca0a2bba-c3bc-11f0-bab8-005056bf30b7\/w:1024\/p:16x9\/ES-20251117-074935-075912-CS.jpg 1024w,https:\/\/s.france24.com\/media\/display\/ca0a2bba-c3bc-11f0-bab8-005056bf30b7\/w:1280\/p:16x9\/ES-20251117-074935-075912-CS.jpg 1280w\" sizes=\"auto, (max-width: 639px) calc(100vw - 32px), (max-width: 1076px) calc(100vw - 44px), 850px\" width=\"1280\" height=\"720\" alt=\"\" loading=\"lazy\" class=\"a-img \"\/><\/source><\/picture><figcaption class=\"a-figcaption\">\n                                <span>\u00a9 Francia 24<\/span>            <\/figcaption><\/figure>\n<\/p><\/div>\n<\/p><\/div>\n<p>Las encuestas anticiparon, aunque con mayor margen, la victoria de Jara y Kast sobre los dem\u00e1s candidatos, pero no pronosticaron que Franco Parisi fuera a quedar en tercer lugar, un espacio que, se pensaba, ocupar\u00eda Johannes Kaiser o Evelyn Matthei, que resultaron cuarto y quinta.<\/p>\n<p>Tras conocer los resultados de la primera vuelta, Parisi afirm\u00f3 que no pedir\u00e1 a sus 2,5 millones de votantes que respalden ninguna de las dos candidaturas en la segunda vuelta.<\/p>\n<p>\u201cNo firmo cheque en blanco a nadie, eso es una falta de respeto.\u00a0Les tengo una mala noticia al candidato Kast, a la candidata Jara: g\u00e1nense los votos, g\u00e1nense la calle. Necesito gestos de ellos. El PDG [Partido de la Gente] no necesita ning\u00fan favor\u00bb, afirm\u00f3 desde su sede de campa\u00f1a.<\/p>\n<p>Parisi, un economista e ingeniero de 58 a\u00f1os, ya hab\u00eda aspirado a la Presidencia en 2021, con una campa\u00f1a totalmente telem\u00e1tica desde su residencia en Estados Unidos\u00a0debido a problemas legales vinculados a deudas por pensi\u00f3n alimenticia. Entonces, tambi\u00e9n sorprendi\u00f3 al ocupar el tercer puesto con casi el 13% de los sufragios, pero el pu\u00f1ado de legisladores que sum\u00f3 su reci\u00e9n creado partido se atomizaron en otras formaciones a lo largo de la legislatura.<\/p>\n<p>Cuatro a\u00f1os despu\u00e9s, Parisi, de regreso en territorio chileno, revalida su estatus dentro de la pol\u00edtica nacional, ya que su colectividad contar\u00e1 con entre 11 y 14 diputados. Holzmann opina que \u00abParisi va a tratar de sobrevivir como actor relevante, liderando un partido pol\u00edtico\u00bb con vista a \u00abser candidato presidencial en cuatro a\u00f1os m\u00e1s\u00bb.<\/p>\n<div class=\"m-em-image\">\n<figure class=\"m-item-image m-item-image--original m-item-image--has-caption\">\n<picture class=\"a-picture a-picture--original\"><source type=\"image\/webp\" srcset=\"https:\/\/s.france24.com\/media\/display\/12d66872-c3db-11f0-a7d3-005056a97e36\/w:246\/2025-11-10T233001Z-1964500219-RC2VTHAO7ER6-RTRMADP-3-CHILE-ELECTION-TV-DEBATE.webp 246w,https:\/\/s.france24.com\/media\/display\/12d66872-c3db-11f0-a7d3-005056a97e36\/w:388\/2025-11-10T233001Z-1964500219-RC2VTHAO7ER6-RTRMADP-3-CHILE-ELECTION-TV-DEBATE.webp 388w,https:\/\/s.france24.com\/media\/display\/12d66872-c3db-11f0-a7d3-005056a97e36\/w:720\/2025-11-10T233001Z-1964500219-RC2VTHAO7ER6-RTRMADP-3-CHILE-ELECTION-TV-DEBATE.webp 720w,https:\/\/s.france24.com\/media\/display\/12d66872-c3db-11f0-a7d3-005056a97e36\/w:980\/2025-11-10T233001Z-1964500219-RC2VTHAO7ER6-RTRMADP-3-CHILE-ELECTION-TV-DEBATE.webp 980w\" sizes=\"(max-width: 1023px) calc(100vw - 32px), (min-width: 1024px) 850px\"><img decoding=\"async\" fetchpriority=\"low\" src=\"https:\/\/s.france24.com\/media\/display\/12d66872-c3db-11f0-a7d3-005056a97e36\/w:980\/2025-11-10T233001Z-1964500219-RC2VTHAO7ER6-RTRMADP-3-CHILE-ELECTION-TV-DEBATE.jpg\" srcset=\"https:\/\/s.france24.com\/media\/display\/12d66872-c3db-11f0-a7d3-005056a97e36\/w:246\/2025-11-10T233001Z-1964500219-RC2VTHAO7ER6-RTRMADP-3-CHILE-ELECTION-TV-DEBATE.jpg 246w,https:\/\/s.france24.com\/media\/display\/12d66872-c3db-11f0-a7d3-005056a97e36\/w:388\/2025-11-10T233001Z-1964500219-RC2VTHAO7ER6-RTRMADP-3-CHILE-ELECTION-TV-DEBATE.jpg 388w,https:\/\/s.france24.com\/media\/display\/12d66872-c3db-11f0-a7d3-005056a97e36\/w:720\/2025-11-10T233001Z-1964500219-RC2VTHAO7ER6-RTRMADP-3-CHILE-ELECTION-TV-DEBATE.jpg 720w,https:\/\/s.france24.com\/media\/display\/12d66872-c3db-11f0-a7d3-005056a97e36\/w:980\/2025-11-10T233001Z-1964500219-RC2VTHAO7ER6-RTRMADP-3-CHILE-ELECTION-TV-DEBATE.jpg 980w\" sizes=\"(max-width: 1023px) calc(100vw - 32px), (min-width: 1024px) 850px\" alt=\"El candidato presidencial chileno Franco Parisi, al llegar al \u00faltimo debate televisado antes de la primera vuelta de las elecciones presidenciales, en Santiago de Chile, el 10 de noviembre de 2025.\" style=\"max-height:567px\" loading=\"lazy\" class=\"a-img \"\/><\/source><\/picture><figcaption class=\"a-figcaption\">\n                <span>El candidato presidencial chileno Franco Parisi, al llegar al \u00faltimo debate televisado antes de la primera vuelta de las elecciones presidenciales, en Santiago de Chile, el 10 de noviembre de 2025.<\/span>                <span>REUTERS &#8211; Pablo Sanhueza<\/span>            <\/figcaption><\/figure>\n<\/p><\/div>\n<p>El Partido de la Gente se muestra como el \u00abpartido bisagra\u00bb, que podr\u00eda decantar las urnas hacia un lado u otro. Y m\u00e1s que eso, es el partido que, despu\u00e9s de la segunda vuelta, podr\u00e1 marcar la diferencia a la hora de aprobar o rechazar en el Congreso los futuros proyectos del siguiente gobierno. \u00abEs el partido que va a decidir las cosas\u00bb, sintetiza Holzmann, quien vaticina, \u00abuna polarizaci\u00f3n evidente en la segunda vuelta\u00bb.<\/p>\n<h2><strong>Un congreso \u00abdesordenado\u00bb hacia una derecha incierta<\/strong><\/h2>\n<p>En la C\u00e1mara de Diputados, que se renov\u00f3 completamente este domingo, la coalici\u00f3n de extrema Cambio por Chile (Partido Republicano, Partido Nacional Libertario y Social Cristiano) alcanz\u00f3 42 esca\u00f1os, lo que significa un repunte respecto a legislaturas anteriores. La derecha tradicional de Chile Grande y Unido obtuvo 34 diputados, mientras que Unidad por Chile (la coalici\u00f3n oficial de izquierda) logr\u00f3 61 esca\u00f1os.<\/p>\n<p>En n\u00fameros relativos, la derecha en su conjunto obtuvo aproximadamente 76 esca\u00f1os (51%), mientras que la izquierda, 61 diputados (40%). A la falta de una mayor\u00eda concluyente, se suma la incertidumbre del voto de los 14 diputados (9%) del Partido de la Gente, quienes, de momento, no saben qu\u00e9 proyectos respaldar\u00e1n.<\/p>\n<p>La C\u00e1mara de Diputados \u00abqueda con una mayor\u00eda para las derechas, que son varias, y no necesariamente tienen un proyecto com\u00fan. Puede que se unan para que gane Kast, pero eso no significa que vayan a tener la misma lealtad con un gobierno de \u00e9l\u00bb, comenta Astroza, quien habla de\u00a0\u00abdiferencias entre las derechas tanto en temas de valores como econ\u00f3micos\u00bb.\u00a0 Y apunta: \u00abNo me extra\u00f1ar\u00eda que Kaiser fuera una piedra en el zapato para Kast, de la misma forma que Kast lo fue para el gobierno (derechista) de Sebasti\u00e1n Pi\u00f1era\u00bb.<\/p>\n<div class=\"m-em-image\">\n<figure class=\"m-item-image m-item-image--original m-item-image--has-caption\">\n<picture class=\"a-picture a-picture--original\"><source type=\"image\/webp\" srcset=\"https:\/\/s.france24.com\/media\/display\/43d2d528-dead-11ef-a0c8-005056bfb2b6\/w:246\/2025-01-30T001819Z_39327081_RC2UJCAQUW9S_RTRMADP_3_CHILE-POLITICS-PENSIONS.webp 246w,https:\/\/s.france24.com\/media\/display\/43d2d528-dead-11ef-a0c8-005056bfb2b6\/w:388\/2025-01-30T001819Z_39327081_RC2UJCAQUW9S_RTRMADP_3_CHILE-POLITICS-PENSIONS.webp 388w,https:\/\/s.france24.com\/media\/display\/43d2d528-dead-11ef-a0c8-005056bfb2b6\/w:720\/2025-01-30T001819Z_39327081_RC2UJCAQUW9S_RTRMADP_3_CHILE-POLITICS-PENSIONS.webp 720w,https:\/\/s.france24.com\/media\/display\/43d2d528-dead-11ef-a0c8-005056bfb2b6\/w:980\/2025-01-30T001819Z_39327081_RC2UJCAQUW9S_RTRMADP_3_CHILE-POLITICS-PENSIONS.webp 980w\" sizes=\"(max-width: 1023px) calc(100vw - 32px), (min-width: 1024px) 850px\"><img decoding=\"async\" fetchpriority=\"low\" src=\"https:\/\/s.france24.com\/media\/display\/43d2d528-dead-11ef-a0c8-005056bfb2b6\/w:980\/2025-01-30T001819Z_39327081_RC2UJCAQUW9S_RTRMADP_3_CHILE-POLITICS-PENSIONS.JPG\" srcset=\"https:\/\/s.france24.com\/media\/display\/43d2d528-dead-11ef-a0c8-005056bfb2b6\/w:246\/2025-01-30T001819Z_39327081_RC2UJCAQUW9S_RTRMADP_3_CHILE-POLITICS-PENSIONS.JPG 246w,https:\/\/s.france24.com\/media\/display\/43d2d528-dead-11ef-a0c8-005056bfb2b6\/w:388\/2025-01-30T001819Z_39327081_RC2UJCAQUW9S_RTRMADP_3_CHILE-POLITICS-PENSIONS.JPG 388w,https:\/\/s.france24.com\/media\/display\/43d2d528-dead-11ef-a0c8-005056bfb2b6\/w:720\/2025-01-30T001819Z_39327081_RC2UJCAQUW9S_RTRMADP_3_CHILE-POLITICS-PENSIONS.JPG 720w,https:\/\/s.france24.com\/media\/display\/43d2d528-dead-11ef-a0c8-005056bfb2b6\/w:980\/2025-01-30T001819Z_39327081_RC2UJCAQUW9S_RTRMADP_3_CHILE-POLITICS-PENSIONS.JPG 980w\" sizes=\"(max-width: 1023px) calc(100vw - 32px), (min-width: 1024px) 850px\" alt=\"Parlamentarios del gobierno votan un proyecto de ley para reformar el sistema privado de pensiones del pa\u00eds en el congreso en Valpara\u00edso, Chile, 29 de enero de 2025.\" style=\"max-height:567px\" loading=\"lazy\" class=\"a-img \"\/><\/source><\/picture><figcaption class=\"a-figcaption\">\n                <span>Parlamentarios del gobierno votan un proyecto de ley para reformar el sistema privado de pensiones del pa\u00eds en el congreso en Valpara\u00edso, Chile, 29 de enero de 2025.<\/span>                <span>\u00a9 Reuters \/ Rodrigo Garrido<\/span>            <\/figcaption><\/figure>\n<\/p><\/div>\n<p>En el Senado, que renovaba cerca de la mitad de los esca\u00f1os, las derechas obtuvieron 25 asientos, la mitad, mientras que el pacto oficialista qued\u00f3 con 20 representantes, a los que se suman tres verdes y humanistas y otros dos independientes \u2014aunque considerados oficialistas\u2014.<\/p>\n<p>Es un \u00abempate t\u00e9cnico con una leve ventaja para la derecha\u00bb, asegur\u00f3 Holzmann, que, sin embargo, lo interpreta como \u00abun mal resultado para la derecha, que pensaba tener una mayor\u00eda s\u00f3lida\u00bb. Este escenario compromete la gobernabilidad del pr\u00f3ximo presidente de Chile, independientemente de su filiaci\u00f3n, ya que estar\u00e1 obligado a encontrar un consenso en un congreso sin una mayor\u00eda definida.<\/p>\n<p>\u00abEl Senado se va a transformar en una llave demasiado importante para un gobierno de Kast, principalmente para aprobar las leyes que necesiten <em>qu\u00f3rumes<\/em> m\u00e1s altos\u00bb, explica Astroza, quien vaticina para un hipot\u00e9tico gobierno ultraderechista que algunos \u00abpartidos bisagra le cobren demasiado alto los votos o que definitivamente no lo respalden\u00bb. \u00abVamos a ver un congreso bastante desordenado en este sentido\u00bb, zanja la acad\u00e9mica.<\/p>\n<p>Holzman afirma, entre tanto, que \u00abel congreso se va a transformar en un contrapeso natural al poder del presidente, pero tambi\u00e9n en un desaf\u00edo cada vez mayor en t\u00e9rminos de c\u00f3mo negociar\u00bb, en un contexto donde los legisladores, afirma el catedr\u00e1tico, \u00abson bastante d\u00edscolos y personalistas, y que no se alinean con las \u00f3rdenes de partido, sino con los propios intereses\u00bb. Astroza, en l\u00ednea nuevamente, habla\u00a0de \u00abmuchos d\u00edscolos\u00bb en el legislativo, \u00abque nos siempre votan seg\u00fan las l\u00edneas del partido\u00bb.<\/p>\n<\/p><\/div>\n\n","protected":false},"excerpt":{"rendered":"<p>Solo quedan dos oponentes en la carrera electoral por suceder a Gabriel Boric en el Palacio de la Moneda: la militante del Partido Comunista\u00a0Jeannette Jara y el exdiputado de ultraderecha Jos\u00e9 Antonio Kast. La pol\u00edtica de izquierdas y candidata del oficialismo obtuvo un 26,8% de los votos frente al 23,9% del exdiputado ultracat\u00f3lico.\u00a0El resultado fue &hellip;<\/p>\n","protected":false},"author":1,"featured_media":50317,"comment_status":"open","ping_status":"open","sticky":false,"template":"","format":"standard","meta":{"fifu_image_url":"https:\/\/s.france24.com\/media\/display\/f5dd41f6-c348-11f0-8c16-005056a90284\/w:1280\/p:16x9\/e70f11212d3a256acc9066000d1eccd1a60fa1b9.jpg","fifu_image_alt":"","footnotes":""},"categories":[13],"tags":[],"class_list":["post-50315","post","type-post","status-publish","format-standard","has-post-thumbnail","","category-mundo"],"_links":{"self":[{"href":"https:\/\/noticiasveraces.com\/index.php?rest_route=\/wp\/v2\/posts\/50315","targetHints":{"allow":["GET"]}}],"collection":[{"href":"https:\/\/noticiasveraces.com\/index.php?rest_route=\/wp\/v2\/posts"}],"about":[{"href":"https:\/\/noticiasveraces.com\/index.php?rest_route=\/wp\/v2\/types\/post"}],"author":[{"embeddable":true,"href":"https:\/\/noticiasveraces.com\/index.php?rest_route=\/wp\/v2\/users\/1"}],"replies":[{"embeddable":true,"href":"https:\/\/noticiasveraces.com\/index.php?rest_route=%2Fwp%2Fv2%2Fcomments&post=50315"}],"version-history":[{"count":0,"href":"https:\/\/noticiasveraces.com\/index.php?rest_route=\/wp\/v2\/posts\/50315\/revisions"}],"wp:featuredmedia":[{"embeddable":true,"href":"https:\/\/noticiasveraces.com\/index.php?rest_route=\/wp\/v2\/media\/50317"}],"wp:attachment":[{"href":"https:\/\/noticiasveraces.com\/index.php?rest_route=%2Fwp%2Fv2%2Fmedia&parent=50315"}],"wp:term":[{"taxonomy":"category","embeddable":true,"href":"https:\/\/noticiasveraces.com\/index.php?rest_route=%2Fwp%2Fv2%2Fcategories&post=50315"},{"taxonomy":"post_tag","embeddable":true,"href":"https:\/\/noticiasveraces.com\/index.php?rest_route=%2Fwp%2Fv2%2Ftags&post=50315"}],"curies":[{"name":"wp","href":"https:\/\/api.w.org\/{rel}","templated":true}]}}