{"id":50289,"date":"2025-11-17T13:48:54","date_gmt":"2025-11-17T17:48:54","guid":{"rendered":"https:\/\/noticiasveraces.com\/?p=50289"},"modified":"2025-11-17T13:48:54","modified_gmt":"2025-11-17T17:48:54","slug":"clippve-convoco-una-protesta-frente-al-ministerio-publico","status":"publish","type":"post","link":"https:\/\/noticiasveraces.com\/?p=50289","title":{"rendered":"Clippve convoc\u00f3 una protesta frente al Ministerio P\u00fablico"},"content":{"rendered":"<p> \n<\/p>\n<div>\n<p>El Comit\u00e9 por la Libertad de los Presos Pol\u00edticos en Venezuela<strong> (Clippve) convoc\u00f3 una protesta frente a la sede del Ministerio P\u00fablico ubicada en Parque Carabobo, Caracas.<\/strong><\/p>\n<p><strong>La manifestaci\u00f3n se desarrollar\u00e1 el martes 18 de noviembre <\/strong>y tiene como objetivo pedir respuesta a las denuncias que han realizado en los \u00faltimos meses.<\/p>\n<p>La organizaci\u00f3n no gubernamental (ONG) explic\u00f3 que<strong> se tratar\u00e1 de una jornada pac\u00edfica bajo la consigna \u201cPresencia de la Esperanza\u201d.<\/strong> Entre las actividades previstas, los manifestantes elevar\u00e1n unas oraciones por los presos pol\u00edticos del pa\u00eds.<\/p>\n<p>\u201cMadres, familiares, amigos, defensores y venezolanos de fe y buena voluntad invitamos a participar en la primera jornada de Presencia de Esperanza,<strong> un espacio c\u00edvico y pac\u00edfico para denunciar, testimoniar, exigir respuestas a nuestras denuncias y acompa\u00f1ar a quienes hoy est\u00e1n injustamente privados de libertad por motivos pol\u00edticos<\/strong>\u201d, indic\u00f3 el Clippve en una publicaci\u00f3n de X.<\/p>\n<p><strong>La actividad iniciar\u00e1 a las 10:00 am y se extender\u00e1 hasta las 12:00 pm<\/strong>. Adem\u00e1s, tendr\u00e1 como punto de encuentro la plaza de Parque Carabobo.<\/p>\n<p>La organizaci\u00f3n explic\u00f3 que tambi\u00e9n<strong> crear\u00e1n pa\u00f1uelos con nombres y \u201cmensajes de esperanza\u201d, cantar\u00e1n y compartir\u00e1n testimonios.<\/strong><\/p>\n<p>\u201cTrae tu pa\u00f1uelo blanco, tu fe, tu voz y tu esperanza. Volvemos juntos. Y volveremos todas las veces que haga falta\u201d, a\u00f1ade la publicaci\u00f3n.<\/p>\n<p>Finalmente, y<strong>st\u00e1 previsto entregar a los funcionarios de la Fiscal\u00eda nuevas denuncias, solicitar respuesta e informaci\u00f3n sobre los casos de presos pol\u00edticos en el pa\u00eds<\/strong>.<\/p>\n<figure class=\"wp-block-image size-large\"><picture fetchpriority=\"high\" decoding=\"async\" class=\"wp-image-819740\"><source type=\"image\/webp\" sizes=\"(max-width: 1200px) 100vw, 1200px\" nitro-lazy-srcset=\"https:\/\/eldiario.com\/nitropack_static\/DWpklAePbJBFiBKvuTtiGMLbtJlHUqWt\/assets\/images\/optimized\/rev-4610e21\/eldiario.com\/wp-content\/uploads\/2025\/10\/Ministerio-Publico-El-Diario-1200x800.jpg.webp 1200w, https:\/\/eldiario.com\/nitropack_static\/DWpklAePbJBFiBKvuTtiGMLbtJlHUqWt\/assets\/images\/optimized\/rev-4610e21\/eldiario.com\/wp-content\/uploads\/2025\/10\/Ministerio-Publico-El-Diario-300x200.jpg.webp 300w, https:\/\/eldiario.com\/nitropack_static\/DWpklAePbJBFiBKvuTtiGMLbtJlHUqWt\/assets\/images\/optimized\/rev-4610e21\/eldiario.com\/wp-content\/uploads\/2025\/10\/Ministerio-Publico-El-Diario-768x512.jpg.webp 768w, https:\/\/eldiario.com\/nitropack_static\/DWpklAePbJBFiBKvuTtiGMLbtJlHUqWt\/assets\/images\/optimized\/rev-4610e21\/eldiario.com\/wp-content\/uploads\/2025\/10\/Ministerio-Publico-El-Diario-1536x1024.jpg.webp 1536w, https:\/\/eldiario.com\/nitropack_static\/DWpklAePbJBFiBKvuTtiGMLbtJlHUqWt\/assets\/images\/optimized\/rev-4610e21\/eldiario.com\/wp-content\/uploads\/2025\/10\/Ministerio-Publico-El-Diario-330x220.jpg.webp 330w, https:\/\/eldiario.com\/nitropack_static\/DWpklAePbJBFiBKvuTtiGMLbtJlHUqWt\/assets\/images\/optimized\/rev-4610e21\/eldiario.com\/wp-content\/uploads\/2025\/10\/Ministerio-Publico-El-Diario-420x280.jpg.webp 420w, https:\/\/eldiario.com\/nitropack_static\/DWpklAePbJBFiBKvuTtiGMLbtJlHUqWt\/assets\/images\/optimized\/rev-4610e21\/eldiario.com\/wp-content\/uploads\/2025\/10\/Ministerio-Publico-El-Diario-615x410.jpg.webp 615w, https:\/\/eldiario.com\/nitropack_static\/DWpklAePbJBFiBKvuTtiGMLbtJlHUqWt\/assets\/images\/optimized\/rev-4610e21\/eldiario.com\/wp-content\/uploads\/2025\/10\/Ministerio-Publico-El-Diario-860x574.jpg.webp 860w, https:\/\/eldiario.com\/nitropack_static\/DWpklAePbJBFiBKvuTtiGMLbtJlHUqWt\/assets\/images\/optimized\/rev-4610e21\/eldiario.com\/wp-content\/uploads\/2025\/10\/Ministerio-Publico-El-Diario-150x100.jpg.webp 150w, https:\/\/eldiario.com\/nitropack_static\/DWpklAePbJBFiBKvuTtiGMLbtJlHUqWt\/assets\/images\/optimized\/rev-4610e21\/eldiario.com\/wp-content\/uploads\/2025\/10\/Ministerio-Publico-El-Diario.jpg.webp 1600w\" nitro-lazy-empty=\"\" id=\"ODI1OjEwNzU=-1\" srcset=\"data:image\/svg+xml;nitro-empty-id=ODI1OjEwNzU=-1;base64,PHN2ZyB2aWV3Qm94PSIwIDAgMTIwMCA4MDAiIHdpZHRoPSIxMjAwIiBoZWlnaHQ9IjgwMCIgeG1sbnM9Imh0dHA6Ly93d3cudzMub3JnLzIwMDAvc3ZnIj48L3N2Zz4=\"\/><img fetchpriority=\"high\" width=\"1200\" height=\"800\" alt=\" El MP solicit\u00f3 orden de captura contra dos exfiscales en Lara por corrupci\u00f3n\" sizes=\"(max-width: 1200px) 100vw, 1200px\" srcset=\"https:\/\/eldiario.com\/nitropack_static\/DWpklAePbJBFiBKvuTtiGMLbtJlHUqWt\/assets\/images\/optimized\/rev-4610e21\/eldiario.com\/wp-content\/uploads\/2025\/10\/Ministerio-Publico-El-Diario-1200x800.jpg 1200w, https:\/\/eldiario.com\/nitropack_static\/DWpklAePbJBFiBKvuTtiGMLbtJlHUqWt\/assets\/images\/optimized\/rev-4610e21\/eldiario.com\/wp-content\/uploads\/2025\/10\/Ministerio-Publico-El-Diario-300x200.jpg 300w, https:\/\/eldiario.com\/nitropack_static\/DWpklAePbJBFiBKvuTtiGMLbtJlHUqWt\/assets\/images\/optimized\/rev-4610e21\/eldiario.com\/wp-content\/uploads\/2025\/10\/Ministerio-Publico-El-Diario-768x512.jpg 768w, https:\/\/eldiario.com\/nitropack_static\/DWpklAePbJBFiBKvuTtiGMLbtJlHUqWt\/assets\/images\/optimized\/rev-4610e21\/eldiario.com\/wp-content\/uploads\/2025\/10\/Ministerio-Publico-El-Diario-1536x1024.jpg 1536w, https:\/\/eldiario.com\/nitropack_static\/DWpklAePbJBFiBKvuTtiGMLbtJlHUqWt\/assets\/images\/optimized\/rev-4610e21\/eldiario.com\/wp-content\/uploads\/2025\/10\/Ministerio-Publico-El-Diario-330x220.jpg 330w, https:\/\/eldiario.com\/nitropack_static\/DWpklAePbJBFiBKvuTtiGMLbtJlHUqWt\/assets\/images\/optimized\/rev-4610e21\/eldiario.com\/wp-content\/uploads\/2025\/10\/Ministerio-Publico-El-Diario-420x280.jpg 420w, https:\/\/eldiario.com\/nitropack_static\/DWpklAePbJBFiBKvuTtiGMLbtJlHUqWt\/assets\/images\/optimized\/rev-4610e21\/eldiario.com\/wp-content\/uploads\/2025\/10\/Ministerio-Publico-El-Diario-615x410.jpg 615w, https:\/\/eldiario.com\/nitropack_static\/DWpklAePbJBFiBKvuTtiGMLbtJlHUqWt\/assets\/images\/optimized\/rev-4610e21\/eldiario.com\/wp-content\/uploads\/2025\/10\/Ministerio-Publico-El-Diario-860x574.jpg 860w, https:\/\/eldiario.com\/nitropack_static\/DWpklAePbJBFiBKvuTtiGMLbtJlHUqWt\/assets\/images\/optimized\/rev-4610e21\/eldiario.com\/wp-content\/uploads\/2025\/10\/Ministerio-Publico-El-Diario-150x100.jpg 150w, https:\/\/eldiario.com\/nitropack_static\/DWpklAePbJBFiBKvuTtiGMLbtJlHUqWt\/assets\/images\/optimized\/rev-4610e21\/eldiario.com\/wp-content\/uploads\/2025\/10\/Ministerio-Publico-El-Diario.jpg 1600w\" src=\"https:\/\/eldiario.com\/nitropack_static\/DWpklAePbJBFiBKvuTtiGMLbtJlHUqWt\/assets\/images\/optimized\/rev-4610e21\/eldiario.com\/wp-content\/uploads\/2025\/10\/Ministerio-Publico-El-Diario-1200x800.jpg\" class=\"nitro-lazy\" decoding=\"async\" nitro-lazy-empty=\"\" id=\"ODI2OjEyNTE=-1\"\/> <\/picture><figcaption class=\"wp-element-caption\">Imagen referencial de una sede del Ministerio P\u00fablico | Foto: Archivo de El Diario <\/figcaption><\/figure>\n<p>\u201cNuestro objetivo es claro y leg\u00edtimo: mantener una presencia constante, humana, pac\u00edfica y c\u00edvica para exigir verdad, justicia y libertad\u201d, agreg\u00f3 la ONG. <\/p>\n<p>La ONG <strong>Foro Penal contabiliz\u00f3 un total de 43 ciudadanos extranjeros detenidos en Venezuela por presuntos motivos pol\u00edticos.<\/strong><\/p>\n<p>La cifra se actualiz\u00f3 luego de que el ciudadano franco chileno Camilo Castro fuera liberado, tras haber estado detenido en Venezuela desde el mes de junio. <\/p>\n<p>De acuerdo con los datos de Foro Penal, todav\u00eda est\u00e1n detenidos:<\/p>\n<p>\u2013 10 colombianos<\/p>\n<p>\u2013 4 espa\u00f1oles<\/p>\n<p>\u2013 3 mujeres holandesas<\/p>\n<p>\u2013 3 hondure\u00f1os<\/p>\n<p>\u2013 2 ucranianos<\/p>\n<p>\u2013 2 alemanes<\/p>\n<p>\u2013 2 argentinos<\/p>\n<p>\u2013 2 ecuatorianos<\/p>\n<p>\u2013 2 peruanos<\/p>\n<p>\u2013 1 franc\u00e9s <\/p>\n<p>\u2013 1 checo <\/p>\n<p>\u2013 1 cubano<\/p>\n<p>\u2013 1 guayan\u00e9s <\/p>\n<p>\u2013 1 h\u00fangaro<\/p>\n<p>\u2013 1 iran\u00ed <\/p>\n<p>\u2013 1 iran\u00ed-irland\u00e9s <\/p>\n<p>\u2013 1 liban\u00e9s <\/p>\n<p>\u2013 1 italiano<\/p>\n<p>\u2013 1 pakistan\u00ed <\/p>\n<p>\u2013 1 paname\u00f1o<\/p>\n<p>\u2013 1 polaco-ucraniano<\/p>\n<p>\u2013 1 rumano<\/p>\n<p>Adicionalmente, la organizaci\u00f3n revel\u00f3 que 41 presos pol\u00edticos venezolanos cuentan con doble nacionalidad, la mayor\u00eda de ellos con la colombiana o la espa\u00f1ola. <\/p>\n<\/p><\/div>\n\n","protected":false},"excerpt":{"rendered":"<p>El Comit\u00e9 por la Libertad de los Presos Pol\u00edticos en Venezuela (Clippve) convoc\u00f3 una protesta frente a la sede del Ministerio P\u00fablico ubicada en Parque Carabobo, Caracas. La manifestaci\u00f3n se desarrollar\u00e1 el martes 18 de noviembre y tiene como objetivo pedir respuesta a las denuncias que han realizado en los \u00faltimos meses. La organizaci\u00f3n no &hellip;<\/p>\n","protected":false},"author":1,"featured_media":50291,"comment_status":"open","ping_status":"open","sticky":false,"template":"","format":"standard","meta":{"fifu_image_url":"https:\/\/eldiario.com\/wp-content\/uploads\/2025\/10\/1f23baa9408e7f951dc3ce742d6a622d49bee20a.jpg","fifu_image_alt":"","footnotes":""},"categories":[13],"tags":[],"class_list":["post-50289","post","type-post","status-publish","format-standard","has-post-thumbnail","","category-mundo"],"_links":{"self":[{"href":"https:\/\/noticiasveraces.com\/index.php?rest_route=\/wp\/v2\/posts\/50289","targetHints":{"allow":["GET"]}}],"collection":[{"href":"https:\/\/noticiasveraces.com\/index.php?rest_route=\/wp\/v2\/posts"}],"about":[{"href":"https:\/\/noticiasveraces.com\/index.php?rest_route=\/wp\/v2\/types\/post"}],"author":[{"embeddable":true,"href":"https:\/\/noticiasveraces.com\/index.php?rest_route=\/wp\/v2\/users\/1"}],"replies":[{"embeddable":true,"href":"https:\/\/noticiasveraces.com\/index.php?rest_route=%2Fwp%2Fv2%2Fcomments&post=50289"}],"version-history":[{"count":0,"href":"https:\/\/noticiasveraces.com\/index.php?rest_route=\/wp\/v2\/posts\/50289\/revisions"}],"wp:featuredmedia":[{"embeddable":true,"href":"https:\/\/noticiasveraces.com\/index.php?rest_route=\/wp\/v2\/media\/50291"}],"wp:attachment":[{"href":"https:\/\/noticiasveraces.com\/index.php?rest_route=%2Fwp%2Fv2%2Fmedia&parent=50289"}],"wp:term":[{"taxonomy":"category","embeddable":true,"href":"https:\/\/noticiasveraces.com\/index.php?rest_route=%2Fwp%2Fv2%2Fcategories&post=50289"},{"taxonomy":"post_tag","embeddable":true,"href":"https:\/\/noticiasveraces.com\/index.php?rest_route=%2Fwp%2Fv2%2Ftags&post=50289"}],"curies":[{"name":"wp","href":"https:\/\/api.w.org\/{rel}","templated":true}]}}