{"id":50276,"date":"2025-11-17T11:35:42","date_gmt":"2025-11-17T15:35:42","guid":{"rendered":"https:\/\/noticiasveraces.com\/?p=50276"},"modified":"2025-11-17T11:35:42","modified_gmt":"2025-11-17T15:35:42","slug":"hallan-el-cuerpo-de-josue-mata-jimenez-tras-siete-dias-de-desaparicion-correo-del-caroni","status":"publish","type":"post","link":"https:\/\/noticiasveraces.com\/?p=50276","title":{"rendered":"Hallan el cuerpo de Josu\u00e9 Mata Jim\u00e9nez tras siete d\u00edas de desaparici\u00f3n \u2013 Correo del Caron\u00ed"},"content":{"rendered":"<p> \n<\/p>\n<div data-id=\"494a3404\" data-element_type=\"widget\" id=\"texto\" data-widget_type=\"theme-post-content.default\">\n<div class=\"elementor-widget-container\">\n<p>Este domingo 16 de noviembre, Jos\u00e9 Mata, padre de Josu\u00e9 Mata Jim\u00e9nez de 16 a\u00f1os, confirm\u00f3 el hallazgo del cuerpo de su hijo en un lote bald\u00edo cerca de las adyacencias de la Escuela Fe y Alegr\u00eda Gran Sabana, en el sector Core 8, de Puerto Ordaz.<\/p>\n<figure class=\"wp-block-image alignright size-full is-resized\"><img fetchpriority=\"high\" decoding=\"async\" width=\"429\" height=\"405\" alt=\"\" class=\"wp-image-169287 ewww_webp\" style=\"width:256px;height:auto\" src-img=\"https:\/\/correodelcaroni.com\/wp-content\/uploads\/2025\/11\/JOSUEMJ_Cuerpo2.jpg\" src-webp=\"https:\/\/correodelcaroni.com\/wp-content\/uploads\/2025\/11\/JOSUEMJ_Cuerpo2.jpg.webp\" data-eio=\"j\"\/><img fetchpriority=\"high\" decoding=\"async\" width=\"429\" height=\"405\" src=\"https:\/\/correodelcaroni.com\/wp-content\/uploads\/2025\/11\/JOSUEMJ_Cuerpo2.jpg\" alt=\"\" class=\"wp-image-169287\" style=\"width:256px;height:auto\"\/><\/figure>\n<p>Josu\u00e9, de 16 a\u00f1os, permanec\u00eda <strong><mark style=\"background-color:rgba(0, 0, 0, 0)\" class=\"has-inline-color has-luminous-vivid-amber-color\"><span style=\"text-decoration: underline;\">desaparecido<\/span><\/mark><\/strong>  desde el pasado 9 de noviembre y este domingo, funcionarios de distintos cuerpos policiales hicieron un despliegue en la zona para conversar con los vecinos e intentar ubicar el cuerpo.<\/p>\n<p>Finalmente se dio con un cad\u00e1ver que fue trasladado hacia la sede de la Coordinaci\u00f3n Estadal de Supervisi\u00f3n de Investigaciones de Homicidios del estado Bol\u00edvar, posteriormente, el padre reconoci\u00f3 el cuerpo como el de su hijo.<\/p>\n<p>De forma extraoficial, se supo que hay un menor de edad detenido por averiguaciones, en cuya vivienda fue encontrada la bicicleta en la que se trasladaba el fallecido el d\u00eda de su desaparici\u00f3n. Asimismo habr\u00eda otras personas involucradas.<\/p>\n<p>Se desconocen los m\u00f3viles del homicidio, puesto que las autoridades siguen investigando el caso para poder esclarecerlo.<\/p>\n<p>Durante dos d\u00edas continuos las <strong><mark style=\"background-color:rgba(0, 0, 0, 0)\" class=\"has-inline-color has-luminous-vivid-amber-color\"><span style=\"text-decoration: underline;\">comunidades<\/span><\/mark><\/strong>  de Villa Celestial, Las Amazonas y el Core 8 se unieron para dar recorridos en la zona boscosa del sector en b\u00fasqueda del joven, con la esperanza de encontrarlo con vida.<\/p>\n<p>A su vez se siguieron al menos dos pistas ofrecidas a trav\u00e9s de llamadas telef\u00f3nicas que aseguraban haber visto a Josu\u00e9 en barriadas cercanas como Villa Upata; sin embargo, ninguna correspond\u00eda al desaparecido.<\/p>\n<p>Pasadas las 8:00 de la noche, el padre de Mata Jim\u00e9nez permanec\u00eda en la sede del cuerpo policial rindiendo declaraciones y recibiendo informaci\u00f3n por parte de las autoridades.<\/p>\n<\/p><\/div>\n<\/p><\/div>\n\n","protected":false},"excerpt":{"rendered":"<p>Este domingo 16 de noviembre, Jos\u00e9 Mata, padre de Josu\u00e9 Mata Jim\u00e9nez de 16 a\u00f1os, confirm\u00f3 el hallazgo del cuerpo de su hijo en un lote bald\u00edo cerca de las adyacencias de la Escuela Fe y Alegr\u00eda Gran Sabana, en el sector Core 8, de Puerto Ordaz. Josu\u00e9, de 16 a\u00f1os, permanec\u00eda desaparecido desde el &hellip;<\/p>\n","protected":false},"author":1,"featured_media":50278,"comment_status":"open","ping_status":"open","sticky":false,"template":"","format":"standard","meta":{"fifu_image_url":"https:\/\/correodelcaroni.com\/wp-content\/uploads\/2025\/11\/JOSUEMJ_Cuerpo_WEB.jpg","fifu_image_alt":"","footnotes":""},"categories":[13],"tags":[],"class_list":["post-50276","post","type-post","status-publish","format-standard","has-post-thumbnail","","category-mundo"],"_links":{"self":[{"href":"https:\/\/noticiasveraces.com\/index.php?rest_route=\/wp\/v2\/posts\/50276","targetHints":{"allow":["GET"]}}],"collection":[{"href":"https:\/\/noticiasveraces.com\/index.php?rest_route=\/wp\/v2\/posts"}],"about":[{"href":"https:\/\/noticiasveraces.com\/index.php?rest_route=\/wp\/v2\/types\/post"}],"author":[{"embeddable":true,"href":"https:\/\/noticiasveraces.com\/index.php?rest_route=\/wp\/v2\/users\/1"}],"replies":[{"embeddable":true,"href":"https:\/\/noticiasveraces.com\/index.php?rest_route=%2Fwp%2Fv2%2Fcomments&post=50276"}],"version-history":[{"count":0,"href":"https:\/\/noticiasveraces.com\/index.php?rest_route=\/wp\/v2\/posts\/50276\/revisions"}],"wp:featuredmedia":[{"embeddable":true,"href":"https:\/\/noticiasveraces.com\/index.php?rest_route=\/wp\/v2\/media\/50278"}],"wp:attachment":[{"href":"https:\/\/noticiasveraces.com\/index.php?rest_route=%2Fwp%2Fv2%2Fmedia&parent=50276"}],"wp:term":[{"taxonomy":"category","embeddable":true,"href":"https:\/\/noticiasveraces.com\/index.php?rest_route=%2Fwp%2Fv2%2Fcategories&post=50276"},{"taxonomy":"post_tag","embeddable":true,"href":"https:\/\/noticiasveraces.com\/index.php?rest_route=%2Fwp%2Fv2%2Ftags&post=50276"}],"curies":[{"name":"wp","href":"https:\/\/api.w.org\/{rel}","templated":true}]}}