{"id":50268,"date":"2025-11-17T09:26:35","date_gmt":"2025-11-17T13:26:35","guid":{"rendered":"https:\/\/noticiasveraces.com\/?p=50268"},"modified":"2025-11-17T09:26:35","modified_gmt":"2025-11-17T13:26:35","slug":"la-faa-ha-levantado-las-reducciones-de-vuelos-de-emergencia-utilizadas-para-aliviar-la-presion-de-personal-durante-el-cierre-del-gobierno","status":"publish","type":"post","link":"https:\/\/noticiasveraces.com\/?p=50268","title":{"rendered":"La FAA ha levantado las reducciones de vuelos de emergencia utilizadas para aliviar la presi\u00f3n de personal durante el cierre del gobierno."},"content":{"rendered":"<p> \n<br \/><img decoding=\"async\" src=\"https:\/\/media-cldnry.s-nbcnews.com\/image\/upload\/t_fit_1500w\/rockcms\/2025-11\/251117-airport-rs-157c09.jpg\" \/><\/p>\n<div>\n<p id=\"anchor-48ce6b\" class=\"body-graf\">La Administraci\u00f3n Federal de Aviaci\u00f3n puso fin a su orden de emergencia de reducci\u00f3n de vuelos, lo que permite que los viajes a\u00e9reos reanuden sus operaciones normales. <\/p>\n<p id=\"anchor-dbb676\" class=\"body-graf\">La orden de emergencia se levant\u00f3 oficialmente el lunes a las 6 am ET, poniendo fin a las reducciones que provocaron cancelaciones masivas y retrasos en los aeropuertos. <\/p>\n<p id=\"anchor-7df0ed\" class=\"body-graf\">Los recortes, que comenzaron con una reducci\u00f3n del 4% en los vuelos en 40 aeropuertos importantes el 7 de noviembre, fueron dise\u00f1ados para abordar la fatiga y los problemas de personal entre los controladores de tr\u00e1fico a\u00e9reo en medio del cierre gubernamental de duraci\u00f3n r\u00e9cord. <\/p>\n<p id=\"anchor-a80e1d\" class=\"body-graf\">Se est\u00e1 revirtiendo ahora que los niveles de personal se han \u00abestabilizado\u00bb con el fin del cierre del gobierno el mi\u00e9rcoles, dijo la FAA.<\/p>\n<p id=\"anchor-296508\" class=\"body-graf\">La decisi\u00f3n, que se produce al comienzo del ajetreado per\u00edodo de viajes del D\u00eda de Acci\u00f3n de Gracias, se tom\u00f3 luego de una revisi\u00f3n de la FAA de las \u00abtendencias de seguridad\u00bb y debido a \u00abla constante disminuci\u00f3n de eventos desencadenantes de dotaci\u00f3n de personal en las instalaciones de control del tr\u00e1fico a\u00e9reo\u00bb, dijeron funcionarios de aviaci\u00f3n en un comunicado de prensa el domingo. <\/p>\n<p id=\"anchor-0d4e13\" class=\"body-graf\">Solo se informaron seis factores desencadenantes de personal el viernes, ocho el s\u00e1bado y un domingo: mejoras dram\u00e1ticas desde el r\u00e9cord de 81 factores desencadenantes de personal el 8 de noviembre. <\/p>\n<p id=\"anchor-997bfe\" class=\"body-graf\">Tambi\u00e9n terminar\u00e1n otras restricciones, incluidas algunas reglas de vuelo visual, l\u00edmites a los lanzamientos espaciales comerciales y operaciones de paraca\u00eddas. <\/p>\n<p id=\"anchor-c832e5\" class=\"body-graf\">La FAA se\u00f1al\u00f3 que estaba al tanto de los informes de \u00abincumplimiento por parte de los transportistas\u00bb durante la orden de emergencia y est\u00e1 \u00abrevisando y evaluando las operaciones de cumplimiento\u00bb. No est\u00e1 claro cu\u00e1les ser\u00e1n las sanciones por desafiar las \u00f3rdenes.<\/p>\n<p id=\"anchor-4be3d3\" class=\"body-graf\">Seg\u00fan la orden de emergencia original, las reducciones de vuelos aumentar\u00edan hasta el 10% para el viernes. Sin embargo, el mi\u00e9rcoles, los funcionarios congelaron las reducciones de vuelos en un 6% debido a los altos niveles de personal y la r\u00e1pida disminuci\u00f3n de las llamadas de los controladores a\u00e9reos, y luego las redujeron a\u00fan m\u00e1s al 3% el viernes.<\/p>\n<p id=\"anchor-1c2025\" class=\"endmark body-graf\">El secretario de Transporte, Sean Duffy, dijo el domingo que los funcionarios de aviaci\u00f3n ahora pueden \u00abreorientar\u00bb sus esfuerzos en contratar m\u00e1s controladores de tr\u00e1fico a\u00e9reo y en \u00abconstruir el nuevo y moderno sistema de control de tr\u00e1fico a\u00e9reo que el pueblo estadounidense merece\u00bb.<\/p>\n<\/div>\n\n","protected":false},"excerpt":{"rendered":"<p>La Administraci\u00f3n Federal de Aviaci\u00f3n puso fin a su orden de emergencia de reducci\u00f3n de vuelos, lo que permite que los viajes a\u00e9reos reanuden sus operaciones normales. La orden de emergencia se levant\u00f3 oficialmente el lunes a las 6 am ET, poniendo fin a las reducciones que provocaron cancelaciones masivas y retrasos en los aeropuertos. &hellip;<\/p>\n","protected":false},"author":1,"featured_media":50270,"comment_status":"open","ping_status":"open","sticky":false,"template":"","format":"standard","meta":{"fifu_image_url":"https:\/\/media-cldnry.s-nbcnews.com\/image\/upload\/t_nbcnews-fp-1200-630,f_auto,q_auto:best\/rockcms\/2025-11\/251117-airport-rs-157c09.jpg","fifu_image_alt":"","footnotes":""},"categories":[11],"tags":[],"class_list":["post-50268","post","type-post","status-publish","format-standard","has-post-thumbnail","","category-viaje"],"_links":{"self":[{"href":"https:\/\/noticiasveraces.com\/index.php?rest_route=\/wp\/v2\/posts\/50268","targetHints":{"allow":["GET"]}}],"collection":[{"href":"https:\/\/noticiasveraces.com\/index.php?rest_route=\/wp\/v2\/posts"}],"about":[{"href":"https:\/\/noticiasveraces.com\/index.php?rest_route=\/wp\/v2\/types\/post"}],"author":[{"embeddable":true,"href":"https:\/\/noticiasveraces.com\/index.php?rest_route=\/wp\/v2\/users\/1"}],"replies":[{"embeddable":true,"href":"https:\/\/noticiasveraces.com\/index.php?rest_route=%2Fwp%2Fv2%2Fcomments&post=50268"}],"version-history":[{"count":0,"href":"https:\/\/noticiasveraces.com\/index.php?rest_route=\/wp\/v2\/posts\/50268\/revisions"}],"wp:featuredmedia":[{"embeddable":true,"href":"https:\/\/noticiasveraces.com\/index.php?rest_route=\/wp\/v2\/media\/50270"}],"wp:attachment":[{"href":"https:\/\/noticiasveraces.com\/index.php?rest_route=%2Fwp%2Fv2%2Fmedia&parent=50268"}],"wp:term":[{"taxonomy":"category","embeddable":true,"href":"https:\/\/noticiasveraces.com\/index.php?rest_route=%2Fwp%2Fv2%2Fcategories&post=50268"},{"taxonomy":"post_tag","embeddable":true,"href":"https:\/\/noticiasveraces.com\/index.php?rest_route=%2Fwp%2Fv2%2Ftags&post=50268"}],"curies":[{"name":"wp","href":"https:\/\/api.w.org\/{rel}","templated":true}]}}