{"id":50251,"date":"2025-11-17T07:42:12","date_gmt":"2025-11-17T11:42:12","guid":{"rendered":"https:\/\/noticiasveraces.com\/?p=50251"},"modified":"2025-11-17T07:42:12","modified_gmt":"2025-11-17T11:42:12","slug":"la-confesion-de-gustavo-puerta-que-se-hizo-viral-tras-gol-con-colombia","status":"publish","type":"post","link":"https:\/\/noticiasveraces.com\/?p=50251","title":{"rendered":"La confesi\u00f3n de Gustavo Puerta que se hizo viral tras gol con Colombia"},"content":{"rendered":"<p> \n<br \/><img decoding=\"async\" src=\"https:\/\/www.futbolred.com\/files\/article_graphic\/uploads\/2025\/11\/15\/69193a9a439ca.jpeg\" \/><\/p>\n<header>\n<h3>Curiosidades de f\u00fatbol<br \/>\n            <\/h3>\n<h1>La confesi\u00f3n de Gustavo Puerta que se hizo viral tras gol con Colombia<br \/>\n        <\/h1>\n<address>\n            <a>Cesar David Linares Ricaurte<br \/>\n        <\/address>\n<p>        16 de noviembre 2025 , 07:59 p.\u00a0m.<\/p>\n<\/header>\n<p>Al autor de la primera anotaci\u00f3n, le recordaron unas llamativas palabras. Esto dijo:<\/p>\n<p>Uno de los nombres que m\u00e1s han llamado la atenci\u00f3n en la reciente convocatoria de la Selecci\u00f3n Colombia, es Gustavo Puerta, quien en medio del partido contra Nueva Zelanda, marc\u00f3 su primer gol vestido con la camiseta &#8216;tricolor&#8217;.&nbsp;<\/p>\n<p>Esta anotaci\u00f3n contribuy\u00f3 al triunfo 2-1 que, entre otras cosas, ampl\u00eda el invicto ya a ocho partidos sin conocer la derrota.&nbsp;&nbsp;<\/p>\n<p>El mediocampista fue una de las figuras, se llev\u00f3 todas las miradas y en las redes sociales, recordaron una entrevista en la cual hace una curiosa confesi\u00f3n.&nbsp;<\/p>\n<p>Y es que, a pesar de estar en el f\u00fatbol internacional, Puerta no olvida al FPC. E incluso, sigue de cerca a uno de los equipos de la primera divisi\u00f3n.&nbsp;<\/p>\n<p>\u00abDeportivo Cali\u00bb, respondi\u00f3 Gustavo a la pregunta de si era hincha de alg\u00fan equipo en Colombia.&nbsp;<\/p>\n<p>Estas declaraciones tomaron a\u00fan mucha m\u00e1s fuerza, cuando fue centro de atenci\u00f3n en el partido amistoso ante Nueva Zelanda.&nbsp;<\/p>\n<p>Puerta no ocult\u00f3 su gusto por el cuadro &#8216;verdiblanco&#8217; y sin duda, los hinchas de la &#8216;tricolor&#8217; se encargaron de viralizar el fragmento de esta entrevista.&nbsp;<\/p>\n\n","protected":false},"excerpt":{"rendered":"<p>Curiosidades de f\u00fatbol La confesi\u00f3n de Gustavo Puerta que se hizo viral tras gol con Colombia Cesar David Linares Ricaurte 16 de noviembre 2025 , 07:59 p.\u00a0m. Al autor de la primera anotaci\u00f3n, le recordaron unas llamativas palabras. Esto dijo: Uno de los nombres que m\u00e1s han llamado la atenci\u00f3n en la reciente convocatoria de &hellip;<\/p>\n","protected":false},"author":1,"featured_media":50253,"comment_status":"open","ping_status":"open","sticky":false,"template":"","format":"standard","meta":{"fifu_image_url":"https:\/\/www.futbolred.com\/files\/og_thumbnail\/uploads\/2025\/11\/15\/69193a9a439ca.jpeg","fifu_image_alt":"","footnotes":""},"categories":[6],"tags":[],"class_list":["post-50251","post","type-post","status-publish","format-standard","has-post-thumbnail","","category-deportes"],"_links":{"self":[{"href":"https:\/\/noticiasveraces.com\/index.php?rest_route=\/wp\/v2\/posts\/50251","targetHints":{"allow":["GET"]}}],"collection":[{"href":"https:\/\/noticiasveraces.com\/index.php?rest_route=\/wp\/v2\/posts"}],"about":[{"href":"https:\/\/noticiasveraces.com\/index.php?rest_route=\/wp\/v2\/types\/post"}],"author":[{"embeddable":true,"href":"https:\/\/noticiasveraces.com\/index.php?rest_route=\/wp\/v2\/users\/1"}],"replies":[{"embeddable":true,"href":"https:\/\/noticiasveraces.com\/index.php?rest_route=%2Fwp%2Fv2%2Fcomments&post=50251"}],"version-history":[{"count":0,"href":"https:\/\/noticiasveraces.com\/index.php?rest_route=\/wp\/v2\/posts\/50251\/revisions"}],"wp:featuredmedia":[{"embeddable":true,"href":"https:\/\/noticiasveraces.com\/index.php?rest_route=\/wp\/v2\/media\/50253"}],"wp:attachment":[{"href":"https:\/\/noticiasveraces.com\/index.php?rest_route=%2Fwp%2Fv2%2Fmedia&parent=50251"}],"wp:term":[{"taxonomy":"category","embeddable":true,"href":"https:\/\/noticiasveraces.com\/index.php?rest_route=%2Fwp%2Fv2%2Fcategories&post=50251"},{"taxonomy":"post_tag","embeddable":true,"href":"https:\/\/noticiasveraces.com\/index.php?rest_route=%2Fwp%2Fv2%2Ftags&post=50251"}],"curies":[{"name":"wp","href":"https:\/\/api.w.org\/{rel}","templated":true}]}}