{"id":50232,"date":"2025-11-17T04:46:35","date_gmt":"2025-11-17T08:46:35","guid":{"rendered":"https:\/\/noticiasveraces.com\/?p=50232"},"modified":"2025-11-17T04:46:35","modified_gmt":"2025-11-17T08:46:35","slug":"el-panorama-de-chile-de-cara-a-la-segunda-vuelta-presidencial-entre-jeannette-jara-y-jose-antonio-kast","status":"publish","type":"post","link":"https:\/\/noticiasveraces.com\/?p=50232","title":{"rendered":"El panorama de Chile de cara a la segunda vuelta presidencial entre Jeannette Jara y Jos\u00e9 Antonio Kast"},"content":{"rendered":"<p> \n<\/p>\n<div>\n<p>Como era previsible, seg\u00fan lo anticipado por los expertos, Chile ir\u00e1 nuevamente a las urnas en una segunda vuelta electoral que se llevar\u00e1 a cabo el pr\u00f3ximo 14 de diciembre. <\/p>\n<p>As\u00ed lo confirmaron los resultados de la jornada de este 16 de noviembre, en los que la izquierdista Jeannette Jara y el l\u00edder de ultraderecha Jos\u00e9 Antonio Kast salieron vencedores, con m\u00e1s del 90% de los sufragios escrutados.<\/p>\n<p>Seg\u00fan los datos entregados por el Servicio Electoral de Chile (Servel), la pol\u00edtica de izquierdas obtuvo un 26,7% de los votos, frente al 24% del exdiputado ultracat\u00f3lico. En ese sentido, el resultado es m\u00e1s ajustado del que pronosticaban las encuestas antes de la veda electoral, que le daban a la exministra de Gabriel Boric una victoria por encima del 30%. <\/p>\n<div class=\"m-em-image\">\n<figure class=\"m-item-image m-item-image--original m-item-image--has-caption\">\n<picture class=\"a-picture a-picture--original\"><source type=\"image\/webp\" srcset=\"https:\/\/s.france24.com\/media\/display\/16fd3276-c35b-11f0-848a-005056a97e36\/w:246\/2025-11-17T001305Z-1854605898-RC20YHADNWNG-RTRMADP-3-CHILE-ELECTION.webp 246w,https:\/\/s.france24.com\/media\/display\/16fd3276-c35b-11f0-848a-005056a97e36\/w:388\/2025-11-17T001305Z-1854605898-RC20YHADNWNG-RTRMADP-3-CHILE-ELECTION.webp 388w,https:\/\/s.france24.com\/media\/display\/16fd3276-c35b-11f0-848a-005056a97e36\/w:720\/2025-11-17T001305Z-1854605898-RC20YHADNWNG-RTRMADP-3-CHILE-ELECTION.webp 720w,https:\/\/s.france24.com\/media\/display\/16fd3276-c35b-11f0-848a-005056a97e36\/w:980\/2025-11-17T001305Z-1854605898-RC20YHADNWNG-RTRMADP-3-CHILE-ELECTION.webp 980w\" sizes=\"(max-width: 1023px) calc(100vw - 32px), (min-width: 1024px) 850px\"><img decoding=\"async\" fetchpriority=\"low\" src=\"https:\/\/s.france24.com\/media\/display\/16fd3276-c35b-11f0-848a-005056a97e36\/w:980\/2025-11-17T001305Z-1854605898-RC20YHADNWNG-RTRMADP-3-CHILE-ELECTION.jpg\" srcset=\"https:\/\/s.france24.com\/media\/display\/16fd3276-c35b-11f0-848a-005056a97e36\/w:246\/2025-11-17T001305Z-1854605898-RC20YHADNWNG-RTRMADP-3-CHILE-ELECTION.jpg 246w,https:\/\/s.france24.com\/media\/display\/16fd3276-c35b-11f0-848a-005056a97e36\/w:388\/2025-11-17T001305Z-1854605898-RC20YHADNWNG-RTRMADP-3-CHILE-ELECTION.jpg 388w,https:\/\/s.france24.com\/media\/display\/16fd3276-c35b-11f0-848a-005056a97e36\/w:720\/2025-11-17T001305Z-1854605898-RC20YHADNWNG-RTRMADP-3-CHILE-ELECTION.jpg 720w,https:\/\/s.france24.com\/media\/display\/16fd3276-c35b-11f0-848a-005056a97e36\/w:980\/2025-11-17T001305Z-1854605898-RC20YHADNWNG-RTRMADP-3-CHILE-ELECTION.jpg 980w\" sizes=\"(max-width: 1023px) calc(100vw - 32px), (min-width: 1024px) 850px\" alt=\"Jeannette Jara, candidata presidencial de la coalici\u00f3n izquierdista gobernante y miembro del Partido Comunista, tras dirigirse a sus seguidores desde Santiago de Chile el 16 de noviembre de 2025.\" style=\"max-height:567px\" loading=\"lazy\" class=\"a-img \"\/><\/source><\/picture><figcaption class=\"a-figcaption\">\n                <span>Jeannette Jara, candidata presidencial de la coalici\u00f3n izquierdista gobernante y miembro del Partido Comunista, tras dirigirse a sus seguidores desde Santiago de Chile el 16 de noviembre de 2025.<\/span>                <span>REUTERS &#8211; Pablo Sanhueza<\/span>            <\/figcaption><\/figure>\n<\/p><\/div>\n<p>Jara qued\u00f3 primera en la primera vuelta de las elecciones, tanto en el centro como en el extremo sur de Chile, en las zonas de Coquimbo, Valpara\u00edso, Ays\u00e9n y Magallanes, adem\u00e1s de la regi\u00f3n Metropolitana, que alberga Santiago de Chile. <\/p>\n<p>En cuanto a Kast, el ultraderechista lider\u00f3 la votaci\u00f3n en las regiones del sur de la naci\u00f3n, incluyendo O&#8217;Higgins, Maule, \u00d1uble, Biob\u00edo, La Araucan\u00eda, Los R\u00edos y Los Lagos.<\/p>\n<div class=\"m-em-image\">\n<figure class=\"m-item-image m-item-image--original m-item-image--has-caption\">\n<picture class=\"a-picture a-picture--original\"><source type=\"image\/webp\" srcset=\"https:\/\/s.france24.com\/media\/display\/32def984-c35b-11f0-bad7-005056bf30b7\/w:246\/2025-11-17T013945Z-794825600-RC21YHAZOYGX-RTRMADP-3-CHILE-ELECTION.webp 246w,https:\/\/s.france24.com\/media\/display\/32def984-c35b-11f0-bad7-005056bf30b7\/w:388\/2025-11-17T013945Z-794825600-RC21YHAZOYGX-RTRMADP-3-CHILE-ELECTION.webp 388w,https:\/\/s.france24.com\/media\/display\/32def984-c35b-11f0-bad7-005056bf30b7\/w:720\/2025-11-17T013945Z-794825600-RC21YHAZOYGX-RTRMADP-3-CHILE-ELECTION.webp 720w,https:\/\/s.france24.com\/media\/display\/32def984-c35b-11f0-bad7-005056bf30b7\/w:980\/2025-11-17T013945Z-794825600-RC21YHAZOYGX-RTRMADP-3-CHILE-ELECTION.webp 980w\" sizes=\"(max-width: 1023px) calc(100vw - 32px), (min-width: 1024px) 850px\"><img decoding=\"async\" fetchpriority=\"low\" src=\"https:\/\/s.france24.com\/media\/display\/32def984-c35b-11f0-bad7-005056bf30b7\/w:980\/2025-11-17T013945Z-794825600-RC21YHAZOYGX-RTRMADP-3-CHILE-ELECTION.jpg\" srcset=\"https:\/\/s.france24.com\/media\/display\/32def984-c35b-11f0-bad7-005056bf30b7\/w:246\/2025-11-17T013945Z-794825600-RC21YHAZOYGX-RTRMADP-3-CHILE-ELECTION.jpg 246w,https:\/\/s.france24.com\/media\/display\/32def984-c35b-11f0-bad7-005056bf30b7\/w:388\/2025-11-17T013945Z-794825600-RC21YHAZOYGX-RTRMADP-3-CHILE-ELECTION.jpg 388w,https:\/\/s.france24.com\/media\/display\/32def984-c35b-11f0-bad7-005056bf30b7\/w:720\/2025-11-17T013945Z-794825600-RC21YHAZOYGX-RTRMADP-3-CHILE-ELECTION.jpg 720w,https:\/\/s.france24.com\/media\/display\/32def984-c35b-11f0-bad7-005056bf30b7\/w:980\/2025-11-17T013945Z-794825600-RC21YHAZOYGX-RTRMADP-3-CHILE-ELECTION.jpg 980w\" sizes=\"(max-width: 1023px) calc(100vw - 32px), (min-width: 1024px) 850px\" alt=\"Jos\u00e9 Antonio Kast, candidato presidencial del Partido Republicano de extrema derecha, saluda a sus seguidores desde Santiago de Chile el 16 de noviembre de 2025.\" style=\"max-height:567px\" loading=\"lazy\" class=\"a-img \"\/><\/source><\/picture><figcaption class=\"a-figcaption\">\n                <span>Jos\u00e9 Antonio Kast, candidato presidencial del Partido Republicano de extrema derecha, saluda a sus seguidores desde Santiago de Chile el 16 de noviembre de 2025.<\/span>                <span>REUTERS &#8211; Rodrigo Garrido<\/span>            <\/figcaption><\/figure>\n<\/p><\/div>\n<p>Aunque el margen de ventaja de Jara no fue tan amplio como se esperaba, los dos favoritos de este domingo ya hab\u00edan sido pronosticados como finalistas. Por ello, la gran sorpresa de la noche fue el apoyo al populista de derecha Franco Parisi, quien qued\u00f3 en tercer lugar gracias a un considerable avance en las regiones mineras del norte de Chile. <\/p>\n<p>Por su parte, el libertario Johannes Kaiser y la representante de la derecha tradicional, Evelyn Matthei, figuraron como los perdedores de las elecciones, tras quedar rezagados en las otras posiciones de la carrera presidencial. <\/p>\n<p>El saliente presidente, Gabriel Boric, felicit\u00f3 a Jara y a Kast desde el Palacio de La Moneda, y record\u00f3 que la naci\u00f3n tiene \u201cuna democracia sana, una democracia robusta\u201d que no puede dejar de ser cuidada, por lo que le pidi\u00f3 a los candidatos del balotaje \u201cun debate con altura (&#8230;) pensando siempre en lo mejor para Chile\u201d. <\/p>\n<p>En cuanto a la elecci\u00f3n de la C\u00e1mara de Diputados y senadores, estaba previsto que su conteo de votos iniciara luego del presidencial, aunque las encuestas pronostican un retorno del conservadurismo.<\/p>\n<div class=\"em-video-wrapper m-em-video\" data-media-video-wbmz351332-f24-es-20251117=\"\" data-wrapper-video-player=\"\" data-show-hidden-video-player=\"WBMZ351332-F24-ES-20251117\" data-youtube-script=\"\">\n<div class=\"m-em-video__video\">\n<div class=\"o-em-consent \">\n<div class=\"o-em-consent__content\">\n<p class=\"o-em-consent__content__text\">Para mostrar este contenido de YouTube, debe autorizar las cookies de medici\u00f3n de audiencia y publicidad.<\/p>\n<p>        <button class=\"a-master-button a-master-button--dark\" data-action=\"accept\">Aceptar<i class=\"a-svg a-svg--icon-check\"\/><\/button><br \/>\n        <button class=\"a-link\" data-action=\"manage\">Gestionar mis opciones<i class=\"a-svg a-svg--icon-edit\"\/><\/button>\n    <\/div>\n<\/div>\n<div class=\"o-em-adblock\" data-adblock-content=\"\">\n<div class=\"o-em-adblock__content\">\n<p class=\"o-em-adblock__content__text\">Una extensi\u00f3n de tu navegador parece estar bloqueando la carga del reproductor de video. Para poder ver este contenido, debes desactivarla en este sitio.<\/p>\n<p>            <button class=\"a-master-button a-master-button--dark\" data-action=\"reload\">Reintentar<\/button>\n    <\/div>\n<\/div>\n<figure class=\"m-item-image m-item-image--16x9 m-item-image--has-caption\">\n<picture class=\"a-picture a-picture--16x9\"><source type=\"image\/webp\" srcset=\"https:\/\/s.france24.com\/media\/display\/34969e98-c352-11f0-b0b2-005056bf30b7\/w:388\/p:16x9\/ES-20251116-185625-190323-CS.webp 388w,https:\/\/s.france24.com\/media\/display\/34969e98-c352-11f0-b0b2-005056bf30b7\/w:720\/p:16x9\/ES-20251116-185625-190323-CS.webp 720w,https:\/\/s.france24.com\/media\/display\/34969e98-c352-11f0-b0b2-005056bf30b7\/w:1024\/p:16x9\/ES-20251116-185625-190323-CS.webp 1024w,https:\/\/s.france24.com\/media\/display\/34969e98-c352-11f0-b0b2-005056bf30b7\/w:1280\/p:16x9\/ES-20251116-185625-190323-CS.webp 1280w\" sizes=\"(max-width: 639px) calc(100vw - 32px), (max-width: 1076px) calc(100vw - 44px), 850px\"><img decoding=\"async\" fetchpriority=\"low\" src=\"https:\/\/s.france24.com\/media\/display\/34969e98-c352-11f0-b0b2-005056bf30b7\/w:1280\/p:16x9\/ES-20251116-185625-190323-CS.jpg\" srcset=\"https:\/\/s.france24.com\/media\/display\/34969e98-c352-11f0-b0b2-005056bf30b7\/w:388\/p:16x9\/ES-20251116-185625-190323-CS.jpg 388w,https:\/\/s.france24.com\/media\/display\/34969e98-c352-11f0-b0b2-005056bf30b7\/w:720\/p:16x9\/ES-20251116-185625-190323-CS.jpg 720w,https:\/\/s.france24.com\/media\/display\/34969e98-c352-11f0-b0b2-005056bf30b7\/w:1024\/p:16x9\/ES-20251116-185625-190323-CS.jpg 1024w,https:\/\/s.france24.com\/media\/display\/34969e98-c352-11f0-b0b2-005056bf30b7\/w:1280\/p:16x9\/ES-20251116-185625-190323-CS.jpg 1280w\" sizes=\"auto, (max-width: 639px) calc(100vw - 32px), (max-width: 1076px) calc(100vw - 44px), 850px\" width=\"1280\" height=\"720\" alt=\"\" loading=\"lazy\" class=\"a-img \"\/><\/source><\/picture><figcaption class=\"a-figcaption\">\n                                <span>\u00a9 Francia 24<\/span>            <\/figcaption><\/figure>\n<\/p><\/div>\n<\/p><\/div>\n<p>As\u00ed las cosas, este ejercicio electoral estuvo marcado por una fuerte fatiga electoral tras las sucesivas elecciones celebradas desde el estallido social de 2019 y por el descontento hacia la gesti\u00f3n del mandatario Boric, cuya aprobaci\u00f3n no supera el 30% y quien deber\u00e1 dejar la Presidencia en los pr\u00f3ximos meses. La alternancia ha caracterizado el poder en Chile desde 2006, con gobiernos que se turnan entre izquierda y derecha, y sin que ning\u00fan jefe de Estado haya entregado la banda presidencial a un sucesor del mismo signo pol\u00edtico.  <\/p>\n<h2><strong>\u201cLa democracia hay que cuidarla\u201d: el mensaje de Jara tras conocer los resultados<\/strong><\/h2>\n<p>Luego de que se confirmara su victoria, la izquierdista se dirigi\u00f3 a los chilenos desde su comando de campa\u00f1a en un mensaje de agradecimiento y celebraci\u00f3n: \u00abmuchas gracias por sus votos y darnos su confianza. Creo que Chile es un pa\u00eds grande y no lo podemos olvidar\u201d. <\/p>\n<div class=\"em-video-wrapper m-em-video\" data-media-video-wbmz351322-f24-es-20251117=\"\" data-wrapper-video-player=\"\" data-show-hidden-video-player=\"WBMZ351322-F24-ES-20251117\" data-youtube-script=\"\">\n<p>Pronunciamiento de Jeannette Jara<\/p>\n<div class=\"m-em-video__video\">\n<div class=\"o-em-consent \">\n<div class=\"o-em-consent__content\">\n<p class=\"o-em-consent__content__text\">Para mostrar este contenido de YouTube, debe autorizar las cookies de medici\u00f3n de audiencia y publicidad.<\/p>\n<p>        <button class=\"a-master-button a-master-button--dark\" data-action=\"accept\">Aceptar<i class=\"a-svg a-svg--icon-check\"\/><\/button><br \/>\n        <button class=\"a-link\" data-action=\"manage\">Gestionar mis opciones<i class=\"a-svg a-svg--icon-edit\"\/><\/button>\n    <\/div>\n<\/div>\n<div class=\"o-em-adblock\" data-adblock-content=\"\">\n<div class=\"o-em-adblock__content\">\n<p class=\"o-em-adblock__content__text\">Una extensi\u00f3n de tu navegador parece estar bloqueando la carga del reproductor de video. Para poder ver este contenido, debes desactivarla en este sitio.<\/p>\n<p>            <button class=\"a-master-button a-master-button--dark\" data-action=\"reload\">Reintentar<\/button>\n    <\/div>\n<\/div>\n<figure class=\"m-item-image m-item-image--16x9 m-item-image--has-caption\">\n<picture class=\"a-picture a-picture--16x9\"><source type=\"image\/webp\" srcset=\"https:\/\/s.france24.com\/media\/display\/a33118ea-c34a-11f0-ae18-005056a90284\/w:388\/p:16x9\/ES-20251116-183849-184826-CS.webp 388w,https:\/\/s.france24.com\/media\/display\/a33118ea-c34a-11f0-ae18-005056a90284\/w:720\/p:16x9\/ES-20251116-183849-184826-CS.webp 720w,https:\/\/s.france24.com\/media\/display\/a33118ea-c34a-11f0-ae18-005056a90284\/w:1024\/p:16x9\/ES-20251116-183849-184826-CS.webp 1024w,https:\/\/s.france24.com\/media\/display\/a33118ea-c34a-11f0-ae18-005056a90284\/w:1280\/p:16x9\/ES-20251116-183849-184826-CS.webp 1280w\" sizes=\"(max-width: 639px) calc(100vw - 32px), (max-width: 1076px) calc(100vw - 44px), 850px\"><img decoding=\"async\" fetchpriority=\"low\" src=\"https:\/\/s.france24.com\/media\/display\/a33118ea-c34a-11f0-ae18-005056a90284\/w:1280\/p:16x9\/ES-20251116-183849-184826-CS.jpg\" srcset=\"https:\/\/s.france24.com\/media\/display\/a33118ea-c34a-11f0-ae18-005056a90284\/w:388\/p:16x9\/ES-20251116-183849-184826-CS.jpg 388w,https:\/\/s.france24.com\/media\/display\/a33118ea-c34a-11f0-ae18-005056a90284\/w:720\/p:16x9\/ES-20251116-183849-184826-CS.jpg 720w,https:\/\/s.france24.com\/media\/display\/a33118ea-c34a-11f0-ae18-005056a90284\/w:1024\/p:16x9\/ES-20251116-183849-184826-CS.jpg 1024w,https:\/\/s.france24.com\/media\/display\/a33118ea-c34a-11f0-ae18-005056a90284\/w:1280\/p:16x9\/ES-20251116-183849-184826-CS.jpg 1280w\" sizes=\"auto, (max-width: 639px) calc(100vw - 32px), (max-width: 1076px) calc(100vw - 44px), 850px\" width=\"1280\" height=\"720\" alt=\"Pronunciamiento de Jeannette Jara\" loading=\"lazy\" class=\"a-img \"\/><\/source><\/picture><figcaption class=\"a-figcaption\">\n                                <span>\u00a9 Francia 24<\/span>            <\/figcaption><\/figure>\n<\/p><\/div>\n<\/p><\/div>\n<p>Dijo tambi\u00e9n que \u00abla democracia hay que cuidarla y valorarla\u00bb, luego de todo lo que le \u00abcost\u00f3\u00bb a los chilenos recuperarla para que \u201choy se ponga en riesgo\u00bb<\/p>\n<p>\u00abNo olvidemos lo bueno que somos como pa\u00eds. Somos un pa\u00eds inmenso, grande, hermoso, solidario y con mucho futuro y esperanza\u00bb, a\u00f1adi\u00f3 Jara. <\/p>\n<p>Pese a que, durante la carrera presidencial, Jara ha tratado de desligarse de la imagen de Boric, de cara a la segunda vuelta tiene el desaf\u00edo de sepultar la idea de ser la candidata del oficialismo, sin dejar de lado a quienes siguen al actual presidente. Tambi\u00e9n deber\u00e1 vencer el sentimiento anticomunista que existe en la sociedad chilena y que sus rivales han intentado instrumentalizar en su contra. <\/p>\n<h2><strong>Kast pide evitar la \u201ccontinuidad de un muy mal gobierno\u201d<\/strong><\/h2>\n<p>Del otro lado, el ultraderechista Kast apel\u00f3 a la uni\u00f3n de todos los sectores chilenos en la segunda vuelta para derrotar a Jara. \u201cLo que necesitamos evitar es la continuidad de un muy mal gobierno\u201d, sentenci\u00f3. <\/p>\n<p>La candidata Evelyn Matthei fue la primera en salir a reconocer los resultados para luego felicitar al contrincante de Jara y entregarle su apoyo para el balotaje. \u00abCreo que el llamado que ha hecho Evelyn (Matthei) a todos los chilenos a unirnos en torno a una causa que es Chile, es muy relevante (&#8230;) pudimos haber tenido diferencias, pero no tiene comparaci\u00f3n alguna con lo que vemos al frente\u00bb, explic\u00f3 Kast. <\/p>\n<div class=\"em-video-wrapper m-em-video\" data-media-video-wbmz351334-f24-es-20251117=\"\" data-wrapper-video-player=\"\" data-show-hidden-video-player=\"WBMZ351334-F24-ES-20251117\" data-youtube-script=\"\">\n<div class=\"m-em-video__video\">\n<div class=\"o-em-consent \">\n<div class=\"o-em-consent__content\">\n<p class=\"o-em-consent__content__text\">Para mostrar este contenido de YouTube, debe autorizar las cookies de medici\u00f3n de audiencia y publicidad.<\/p>\n<p>        <button class=\"a-master-button a-master-button--dark\" data-action=\"accept\">Aceptar<i class=\"a-svg a-svg--icon-check\"\/><\/button><br \/>\n        <button class=\"a-link\" data-action=\"manage\">Gestionar mis opciones<i class=\"a-svg a-svg--icon-edit\"\/><\/button>\n    <\/div>\n<\/div>\n<div class=\"o-em-adblock\" data-adblock-content=\"\">\n<div class=\"o-em-adblock__content\">\n<p class=\"o-em-adblock__content__text\">Una extensi\u00f3n de tu navegador parece estar bloqueando la carga del reproductor de video. Para poder ver este contenido, debes desactivarla en este sitio.<\/p>\n<p>            <button class=\"a-master-button a-master-button--dark\" data-action=\"reload\">Reintentar<\/button>\n    <\/div>\n<\/div>\n<figure class=\"m-item-image m-item-image--16x9 m-item-image--has-caption\">\n<picture class=\"a-picture a-picture--16x9\"><source type=\"image\/webp\" srcset=\"https:\/\/s.france24.com\/media\/display\/226a457a-c34e-11f0-8759-005056bf30b7\/w:388\/p:16x9\/ES-20251116-185205-185323-CS.webp 388w,https:\/\/s.france24.com\/media\/display\/226a457a-c34e-11f0-8759-005056bf30b7\/w:720\/p:16x9\/ES-20251116-185205-185323-CS.webp 720w,https:\/\/s.france24.com\/media\/display\/226a457a-c34e-11f0-8759-005056bf30b7\/w:1024\/p:16x9\/ES-20251116-185205-185323-CS.webp 1024w,https:\/\/s.france24.com\/media\/display\/226a457a-c34e-11f0-8759-005056bf30b7\/w:1280\/p:16x9\/ES-20251116-185205-185323-CS.webp 1280w\" sizes=\"(max-width: 639px) calc(100vw - 32px), (max-width: 1076px) calc(100vw - 44px), 850px\"><img decoding=\"async\" fetchpriority=\"low\" src=\"https:\/\/s.france24.com\/media\/display\/226a457a-c34e-11f0-8759-005056bf30b7\/w:1280\/p:16x9\/ES-20251116-185205-185323-CS.jpg\" srcset=\"https:\/\/s.france24.com\/media\/display\/226a457a-c34e-11f0-8759-005056bf30b7\/w:388\/p:16x9\/ES-20251116-185205-185323-CS.jpg 388w,https:\/\/s.france24.com\/media\/display\/226a457a-c34e-11f0-8759-005056bf30b7\/w:720\/p:16x9\/ES-20251116-185205-185323-CS.jpg 720w,https:\/\/s.france24.com\/media\/display\/226a457a-c34e-11f0-8759-005056bf30b7\/w:1024\/p:16x9\/ES-20251116-185205-185323-CS.jpg 1024w,https:\/\/s.france24.com\/media\/display\/226a457a-c34e-11f0-8759-005056bf30b7\/w:1280\/p:16x9\/ES-20251116-185205-185323-CS.jpg 1280w\" sizes=\"auto, (max-width: 639px) calc(100vw - 32px), (max-width: 1076px) calc(100vw - 44px), 850px\" width=\"1280\" height=\"720\" alt=\"\" loading=\"lazy\" class=\"a-img \"\/><\/source><\/picture><figcaption class=\"a-figcaption\">\n                                <span>\u00a9 Francia 24<\/span>            <\/figcaption><\/figure>\n<\/p><\/div>\n<\/p><\/div>\n<p>Quien tambi\u00e9n le ofreci\u00f3 su apoyo al veterano pol\u00edtico fue el representante de la extrema derecha m\u00e1s radical de Chile, Johannes Kaiser <\/p>\n<p>\u00abReconocemos en esta instancia, la victoria de Jos\u00e9 Antonio Kast, que acaba de pasar a la siguiente ronda. Nosotros cumplimos, como Partido Nacional Libertario somos un partido de palabra, y lo vamos a respaldar en segunda vuelta\u00bb, afirm\u00f3 Kaiser. <\/p>\n<p>Entonces, el reto para Kast ser\u00e1 convencer al resto del electorado chileno que no vot\u00f3 por \u00e9l en la primera vuelta, pero que podr\u00eda cambiar de opini\u00f3n gracias al respaldo de figuras como Matthei y Kaiser, con el riesgo de que lo que ellos representan \u2014los sectores de derecha y conservadores del pa\u00eds\u2014 aleje a quienes piensan diferente.<\/p>\n<p><em>Con EFE, Reuters y medios locales<\/em><\/p>\n<\/p><\/div>\n\n","protected":false},"excerpt":{"rendered":"<p>Como era previsible, seg\u00fan lo anticipado por los expertos, Chile ir\u00e1 nuevamente a las urnas en una segunda vuelta electoral que se llevar\u00e1 a cabo el pr\u00f3ximo 14 de diciembre. As\u00ed lo confirmaron los resultados de la jornada de este 16 de noviembre, en los que la izquierdista Jeannette Jara y el l\u00edder de ultraderecha &hellip;<\/p>\n","protected":false},"author":1,"featured_media":50234,"comment_status":"open","ping_status":"open","sticky":false,"template":"","format":"standard","meta":{"fifu_image_url":"https:\/\/s.france24.com\/media\/display\/21b690b4-c35a-11f0-b861-005056bf30b7\/w:1280\/p:16x9\/WhatsApp-Image-2025-11-16-at-7-39-40-PM.jpg","fifu_image_alt":"","footnotes":""},"categories":[13],"tags":[],"class_list":["post-50232","post","type-post","status-publish","format-standard","has-post-thumbnail","","category-mundo"],"_links":{"self":[{"href":"https:\/\/noticiasveraces.com\/index.php?rest_route=\/wp\/v2\/posts\/50232","targetHints":{"allow":["GET"]}}],"collection":[{"href":"https:\/\/noticiasveraces.com\/index.php?rest_route=\/wp\/v2\/posts"}],"about":[{"href":"https:\/\/noticiasveraces.com\/index.php?rest_route=\/wp\/v2\/types\/post"}],"author":[{"embeddable":true,"href":"https:\/\/noticiasveraces.com\/index.php?rest_route=\/wp\/v2\/users\/1"}],"replies":[{"embeddable":true,"href":"https:\/\/noticiasveraces.com\/index.php?rest_route=%2Fwp%2Fv2%2Fcomments&post=50232"}],"version-history":[{"count":0,"href":"https:\/\/noticiasveraces.com\/index.php?rest_route=\/wp\/v2\/posts\/50232\/revisions"}],"wp:featuredmedia":[{"embeddable":true,"href":"https:\/\/noticiasveraces.com\/index.php?rest_route=\/wp\/v2\/media\/50234"}],"wp:attachment":[{"href":"https:\/\/noticiasveraces.com\/index.php?rest_route=%2Fwp%2Fv2%2Fmedia&parent=50232"}],"wp:term":[{"taxonomy":"category","embeddable":true,"href":"https:\/\/noticiasveraces.com\/index.php?rest_route=%2Fwp%2Fv2%2Fcategories&post=50232"},{"taxonomy":"post_tag","embeddable":true,"href":"https:\/\/noticiasveraces.com\/index.php?rest_route=%2Fwp%2Fv2%2Ftags&post=50232"}],"curies":[{"name":"wp","href":"https:\/\/api.w.org\/{rel}","templated":true}]}}