{"id":50219,"date":"2025-11-17T01:24:51","date_gmt":"2025-11-17T05:24:51","guid":{"rendered":"https:\/\/noticiasveraces.com\/?p=50219"},"modified":"2025-11-17T01:24:51","modified_gmt":"2025-11-17T05:24:51","slug":"ecuador-el-no-se-impone-en-referendum-convocado-por-noboa","status":"publish","type":"post","link":"https:\/\/noticiasveraces.com\/?p=50219","title":{"rendered":"Ecuador: el \u00abNo\u00bb se impone en refer\u00e9ndum convocado por Noboa"},"content":{"rendered":"<p> \n<\/p>\n<div>\n<p>Los primeros resultados de la\u00a0consulta popular y refer\u00e9ndum\u00a0en Ecuador, celebrados este domingo, otorgan\u00a0una ventaja clara a la opci\u00f3n \u201cNo\u201d en las cuatro preguntas clave impulsadas por el Gobierno del presidente Daniel Noboa, en una jornada caracterizada por una alta participaci\u00f3n ciudadana.<\/p>\n<p>Seg\u00fan datos del Consejo Nacional Electoral (CNE),\u00a0con m\u00e1s del 58% de las actas escrutadas, el \u201cNo\u201d supera el 52% de los votos. Este rechazo se concentra en las propuestas de\u00a0permitir la instalaci\u00f3n de bases militares extranjeras, eliminar el financiamiento estatal a los partidos pol\u00edticos, reducir el n\u00famero de asamble\u00edstas y convocar a una Asamblea Constituyente.<\/p>\n<p>Ante la tendencia de los resultados, el excandidato presidencial por la Revoluci\u00f3n Ciudadana,\u00a0Andr\u00e9s Arauz, afirm\u00f3 que el voto por el \u201cNo\u201d se impone en todos lados. A trav\u00e9s de sus redes sociales, Arauz hizo un llamado a los servidores p\u00fablicos para impedir lo que denunci\u00f3 como la \u201coperaci\u00f3n Tello\u201d, una maniobra para manipular los resultados electorales.<\/p>\n<figure class=\"wp-block-embed is-type-rich is-provider-twitter wp-block-embed-twitter\">\n<div class=\"wp-block-embed__wrapper\">\n<div class=\"embed-twitter\">\n<blockquote class=\"twitter-tweet\" data-width=\"550\" data-dnt=\"true\">\n<p lang=\"es\" dir=\"ltr\">Conteo r\u00e1pido del propio CNE:<br \/>A   si 39.56%.     No 60.44%<br \/>B.  Si 42.29%.     No. 57.7%<br \/>C.Si 46,91%. Bien. 53,09%<br \/>D.   Si 38.42%.    No. 61.58%<br \/>Gran triunfo de todo un pueblo. Fue una campa\u00f1a absolutamente ciudadana y sin recursos.<br \/>Recordar el paro ind\u00edgena y los ca\u00eddos: de\u2026<\/p>\n<p>\u2014 Rafael Correa (@MashiRafael) <a href=\"https:\/\/twitter.com\/MashiRafael\/status\/1990215731804533210?ref_src=twsrc%5Etfw\">17 de noviembre de 2025<\/a><\/p><\/blockquote>\n<\/div>\n<\/div>\n<\/figure>\n<p>M\u00e1s del 60% del electorado opt\u00f3 por el \u201cNo\u201d en la primera pregunta, referente a la posibilidad de eliminar la prohibici\u00f3n constitucional sobre\u00a0instalaciones militares extranjeras y la cesi\u00f3n de bases ecuatorianas a fuerzas internacionales.<\/p>\n<p>La respuesta de la ciudadan\u00eda en defensa de la soberan\u00eda nacional fue enf\u00e1tica y presenta un duro rev\u00e9s al presidente ecuatoriano, que a principios de noviembre ya hab\u00eda recorrido junto a la secretaria de Seguridad Nacional de EEUU,\u00a0Kristi Noem,\u00a0dos sitios considerados estrat\u00e9gicos para la potencial instalaci\u00f3n de bases,\u00a0en las localidades de Manta y Salinas.<\/p>\n<p>En este sentido, la excandidata presidencial,\u00a0Luisa Gonz\u00e1lez, afirm\u00f3 que\u00a0la poblaci\u00f3n le dice \u201cno a un gobierno que quiere hacer del Ecuador la corporaci\u00f3n Noboa\u201d. Gonz\u00e1lez sostuvo que el resultado es\u00a0una defensa masiva de la soberan\u00eda nacional\u00a0y de los derechos consagrados en la Constituci\u00f3n de Montecristi aprobada en 2008, durante el Gobierno de Rafael Correa.<\/p>\n<p>La lideresa pol\u00edtica enfatiz\u00f3 que la propuesta de convocar a una Asamblea Constituyente buscaba \u201capropiarse de los recursos naturales estrat\u00e9gicos del Ecuador\u201d y \u201cprecarizar el empleo\u201d. Asimismo, asever\u00f3 que el veredicto de las urnas es\u00a0\u201cun rechazo rotundo a Daniel Noboa\u201d, demostrando que la ciudadan\u00eda no conf\u00eda en la gesti\u00f3n del mandatario de derecha.<\/p>\n<p>La jornada electoral, que convoc\u00f3 a m\u00e1s de 13.9 millones de ecuatorianos, transcurri\u00f3 de manera pac\u00edfica. La presidenta del CNE destac\u00f3 que\u00a0la participaci\u00f3n ciudadana super\u00f3 el 80%. El resultado preliminar representa\u00a0un significativo rev\u00e9s pol\u00edtico para la administraci\u00f3n de Noboa, que buscaba validar su pleno alineamiento a las pol\u00edticas de Washington a trav\u00e9s del respaldo popular.<\/p>\n<p>Esta consulta se desarroll\u00f3 en medio de un auge de violencia sin precedentes, atribuido por las autoridades al fortalecimiento del narcotr\u00e1fico y de las bandas delictivas. A pesar de la declaraci\u00f3n de \u201cconflicto armado interno\u201d y la catalogaci\u00f3n de estos grupos como terroristas, los homicidios contin\u00faan en ascenso. Seg\u00fan datos oficiales,\u00a0el actual a\u00f1o 2025 ya se ha convertido en el m\u00e1s violento registrado en la historia de Ecuador.<\/p>\n<\/div>\n<p><script async src=\"https:\/\/platform.twitter.com\/widgets.js\" charset=\"utf-8\"><\/script><br \/>\n<br \/>\n","protected":false},"excerpt":{"rendered":"<p>Los primeros resultados de la\u00a0consulta popular y refer\u00e9ndum\u00a0en Ecuador, celebrados este domingo, otorgan\u00a0una ventaja clara a la opci\u00f3n \u201cNo\u201d en las cuatro preguntas clave impulsadas por el Gobierno del presidente Daniel Noboa, en una jornada caracterizada por una alta participaci\u00f3n ciudadana. Seg\u00fan datos del Consejo Nacional Electoral (CNE),\u00a0con m\u00e1s del 58% de las actas escrutadas, &hellip;<\/p>\n","protected":false},"author":1,"featured_media":50220,"comment_status":"open","ping_status":"open","sticky":false,"template":"","format":"standard","meta":{"fifu_image_url":"https:\/\/ultimasnoticias.com.ve\/wp-content\/uploads\/2025\/11\/NO.webp","fifu_image_alt":"","footnotes":""},"categories":[13],"tags":[],"class_list":["post-50219","post","type-post","status-publish","format-standard","has-post-thumbnail","","category-mundo"],"_links":{"self":[{"href":"https:\/\/noticiasveraces.com\/index.php?rest_route=\/wp\/v2\/posts\/50219","targetHints":{"allow":["GET"]}}],"collection":[{"href":"https:\/\/noticiasveraces.com\/index.php?rest_route=\/wp\/v2\/posts"}],"about":[{"href":"https:\/\/noticiasveraces.com\/index.php?rest_route=\/wp\/v2\/types\/post"}],"author":[{"embeddable":true,"href":"https:\/\/noticiasveraces.com\/index.php?rest_route=\/wp\/v2\/users\/1"}],"replies":[{"embeddable":true,"href":"https:\/\/noticiasveraces.com\/index.php?rest_route=%2Fwp%2Fv2%2Fcomments&post=50219"}],"version-history":[{"count":0,"href":"https:\/\/noticiasveraces.com\/index.php?rest_route=\/wp\/v2\/posts\/50219\/revisions"}],"wp:featuredmedia":[{"embeddable":true,"href":"https:\/\/noticiasveraces.com\/index.php?rest_route=\/wp\/v2\/media\/50220"}],"wp:attachment":[{"href":"https:\/\/noticiasveraces.com\/index.php?rest_route=%2Fwp%2Fv2%2Fmedia&parent=50219"}],"wp:term":[{"taxonomy":"category","embeddable":true,"href":"https:\/\/noticiasveraces.com\/index.php?rest_route=%2Fwp%2Fv2%2Fcategories&post=50219"},{"taxonomy":"post_tag","embeddable":true,"href":"https:\/\/noticiasveraces.com\/index.php?rest_route=%2Fwp%2Fv2%2Ftags&post=50219"}],"curies":[{"name":"wp","href":"https:\/\/api.w.org\/{rel}","templated":true}]}}