{"id":50192,"date":"2025-11-16T20:56:11","date_gmt":"2025-11-17T00:56:11","guid":{"rendered":"https:\/\/noticiasveraces.com\/?p=50192"},"modified":"2025-11-16T20:56:11","modified_gmt":"2025-11-17T00:56:11","slug":"la-investigacion-del-crimen-de-alpedrete-madrid-apunta-a-que-el-hombre-asesino-a-su-mujer-y-despues-se-suicido-sociedad","status":"publish","type":"post","link":"https:\/\/noticiasveraces.com\/?p=50192","title":{"rendered":"La investigaci\u00f3n del crimen de Alpedrete (Madrid) apunta a que el hombre asesin\u00f3 a su mujer y despu\u00e9s se suicid\u00f3 | Sociedad"},"content":{"rendered":"<p> \n<br \/><img decoding=\"async\" src=\"https:\/\/imagenes.elpais.com\/resizer\/v2\/RL7CYQDW2BO63HH6BJQETDLASI.jpg?auth=00d4639cee807c5bd8c1c99d564213fa133748769285c504d5baa5ce911c8064\" \/><\/p>\n<div data-dtm-region=\"articulo_cuerpo\">\n<p class=\"\">La Guardia Civil investiga como asesinato machista el cometido este s\u00e1bado en un chal\u00e9 de Alpedrete (Madrid). Seg\u00fan han trasladado fuentes de la investigaci\u00f3n a EFE, el agresor, un hombre de 60 a\u00f1os, mat\u00f3 de 50 pu\u00f1aladas a su pareja, de la misma edad, y despu\u00e9s se suicid\u00f3. La Delegaci\u00f3n del Gobierno contra la Violencia de G\u00e9nero tambi\u00e9n ha calificado este domingo el caso de presunto asesinato machista a trav\u00e9s de las redes sociales.<\/p>\n<p class=\"\">Los cuerpos fueron hallados por el hijo de la pareja, que llam\u00f3 al servicio de emergencias de la Comunidad de Madrid. La autopsia ha mostrado que la mujer fue brutalmente acuchillada y que el hombre, que hab\u00eda consumido alcohol y medicamentos, muri\u00f3 despu\u00e9s que ella. Tanto el consumo de alcohol como de drogas o la toma de medicaci\u00f3n son tenidos en cuenta como cuestiones importantes en el contexto de la violencia de g\u00e9nero, aunque nunca son las causas de que los agresores la perpetren.<\/p>\n<p class=\"\">Algunos estudios en los \u00faltimos a\u00f1os, como el de la Unidad de Valoraci\u00f3n Integral de Violencia de G\u00e9nero de Sevilla titulado <i>Relaci\u00f3n entre el consumo abusivo de alcohol y la violencia ejercida por el hombre contra su pareja<\/i>han mostrado que \u201clos hombres que consumen alcohol ejercen violencia hacia su pareja en mayor proporci\u00f3n en estado sobrio que en estado ebrio\u201d, a la vez, que \u201cel consumo de alcohol supone un incremento a\u00f1adido en la frecuencia de la violencia ejercida\u201d, y que \u201clos hombres que no consumen alcohol ejercen violencia en menor porcentaje que los que s\u00ed lo hacen\u201d.<\/p>\n<p class=\"\">La llamada alertando de lo ocurrido en el chal\u00e9 de Alpedrete se produjo hacia las 12.00 del s\u00e1bado. El equipo m\u00e9dico desplazado al lugar solo pudo confirmar los fallecimientos. <\/p>\n<p class=\"\">De confirmarse el caso, el n\u00famero de mujeres que han sido asesinadas por sus parejas o exparejas este a\u00f1o ascender\u00e1 a 37. Desde que arranc\u00f3 la estad\u00edstica oficial, en 2003, son 1.331<b> <\/b>mujeres.<\/p>\n<p class=\"\"><i>El tel\u00e9fono 016 atiende a las v\u00edctimas de violencia machista, a sus familias y a su entorno las 24 horas del d\u00eda, todos los d\u00edas del a\u00f1o, en 53 idiomas diferentes. El n\u00famero no queda registrado en la factura telef\u00f3nica, pero hay que borrar la llamada del dispositivo. Tambi\u00e9n se puede contactar a trav\u00e9s del correo electr\u00f3nico <\/i><i>016-online@igualdad.gob.es<\/i><i>  y por WhatsApp en el n\u00famero 600 000 016. Los menores pueden dirigirse al tel\u00e9fono de la Fundaci\u00f3n ANAR 900 20 20 10. Si es una situaci\u00f3n de emergencia, se puede llamar al 112 o a los tel\u00e9fonos de la Polic\u00eda Nacional (091) y de la Guardia Civil (062). Y en caso de no poder llamar, se puede recurrir a la aplicaci\u00f3n ALERTCOPS, desde la que se env\u00eda una se\u00f1al de alerta a la Polic\u00eda con geolocalizaci\u00f3n.<\/i><\/p>\n<\/div>\n\n","protected":false},"excerpt":{"rendered":"<p>La Guardia Civil investiga como asesinato machista el cometido este s\u00e1bado en un chal\u00e9 de Alpedrete (Madrid). Seg\u00fan han trasladado fuentes de la investigaci\u00f3n a EFE, el agresor, un hombre de 60 a\u00f1os, mat\u00f3 de 50 pu\u00f1aladas a su pareja, de la misma edad, y despu\u00e9s se suicid\u00f3. La Delegaci\u00f3n del Gobierno contra la Violencia &hellip;<\/p>\n","protected":false},"author":1,"featured_media":50194,"comment_status":"open","ping_status":"open","sticky":false,"template":"","format":"standard","meta":{"fifu_image_url":"https:\/\/imagenes.elpais.com\/resizer\/v2\/RL7CYQDW2BO63HH6BJQETDLASI.jpg?auth=00d4639cee807c5bd8c1c99d564213fa133748769285c504d5baa5ce911c8064&width=1200","fifu_image_alt":"","footnotes":""},"categories":[11],"tags":[],"class_list":["post-50192","post","type-post","status-publish","format-standard","has-post-thumbnail","","category-viaje"],"_links":{"self":[{"href":"https:\/\/noticiasveraces.com\/index.php?rest_route=\/wp\/v2\/posts\/50192","targetHints":{"allow":["GET"]}}],"collection":[{"href":"https:\/\/noticiasveraces.com\/index.php?rest_route=\/wp\/v2\/posts"}],"about":[{"href":"https:\/\/noticiasveraces.com\/index.php?rest_route=\/wp\/v2\/types\/post"}],"author":[{"embeddable":true,"href":"https:\/\/noticiasveraces.com\/index.php?rest_route=\/wp\/v2\/users\/1"}],"replies":[{"embeddable":true,"href":"https:\/\/noticiasveraces.com\/index.php?rest_route=%2Fwp%2Fv2%2Fcomments&post=50192"}],"version-history":[{"count":0,"href":"https:\/\/noticiasveraces.com\/index.php?rest_route=\/wp\/v2\/posts\/50192\/revisions"}],"wp:featuredmedia":[{"embeddable":true,"href":"https:\/\/noticiasveraces.com\/index.php?rest_route=\/wp\/v2\/media\/50194"}],"wp:attachment":[{"href":"https:\/\/noticiasveraces.com\/index.php?rest_route=%2Fwp%2Fv2%2Fmedia&parent=50192"}],"wp:term":[{"taxonomy":"category","embeddable":true,"href":"https:\/\/noticiasveraces.com\/index.php?rest_route=%2Fwp%2Fv2%2Fcategories&post=50192"},{"taxonomy":"post_tag","embeddable":true,"href":"https:\/\/noticiasveraces.com\/index.php?rest_route=%2Fwp%2Fv2%2Ftags&post=50192"}],"curies":[{"name":"wp","href":"https:\/\/api.w.org\/{rel}","templated":true}]}}