{"id":50190,"date":"2025-11-16T20:08:09","date_gmt":"2025-11-17T00:08:09","guid":{"rendered":"https:\/\/noticiasveraces.com\/?p=50190"},"modified":"2025-11-16T20:08:09","modified_gmt":"2025-11-17T00:08:09","slug":"foro-penal-contabiliza-43-presos-politicos-extranjeros-tras-liberacion-de-ciudadano-frances-correo-del-caroni","status":"publish","type":"post","link":"https:\/\/noticiasveraces.com\/?p=50190","title":{"rendered":"Foro Penal contabiliza 43 presos pol\u00edticos extranjeros tras liberaci\u00f3n de ciudadano franc\u00e9s \u2013 Correo del Caron\u00ed"},"content":{"rendered":"<p> \n<\/p>\n<div data-id=\"494a3404\" data-element_type=\"widget\" id=\"texto\" data-widget_type=\"theme-post-content.default\">\n<div class=\"elementor-widget-container\">\n<p>La organizaci\u00f3n Foro Penal inform\u00f3 este domingo que en Venezuela contin\u00faan detenidos 43 presos pol\u00edticos extranjeros, una cifra que se mantiene alta pese a la reciente liberaci\u00f3n del ciudadano franco-chileno Camilo Castro. El dato fue confirmado por el vicepresidente de la organizaci\u00f3n, Gonzalo Himiob, en declaraciones a la agencia espa\u00f1ola EFE.<\/p>\n<p>Seg\u00fan el registro actualizado, entre los apresados a\u00fan se encuentra un franc\u00e9s, adem\u00e1s de 10 colombianos, 4 espa\u00f1oles, 3 holandeses, 3 hondure\u00f1os, 2 ucranianos, 2 alemanes, 2 argentinos, 2 ecuatorianos y 2 peruanos. Tambi\u00e9n permanecen privados de libertad ciudadanos de otras nacionalidades: un checo, un cubano, un guyan\u00e9s, un h\u00fangaro, un iran\u00ed, un iran\u00ed-irland\u00e9s, un italiano, un liban\u00e9s, un pakistan\u00ed, un paname\u00f1o, un polaco-ucraniano y un rumano.<\/p>\n<p>Adem\u00e1s, Foro Penal reporta que 41 presos pol\u00edticos venezolanos poseen doble nacionalidad, entre ellos 15 con nacionalidad espa\u00f1ola y 11 con la colombiana.<\/p>\n<p>La liberaci\u00f3n de Camilo Castro fue anunciada este domingo por el presidente franc\u00e9s, Emmanuel Macron, quien destac\u00f3 que Francia \u201cavanza a veces sin hacer ruido, pero con determinaci\u00f3n y sangre fr\u00eda\u201d. Castro desapareci\u00f3 el 26 de junio cuando viaj\u00f3 desde Colombia hacia la frontera venezolana, en Paraguach\u00f3n, para tramitar un visado. Su familia perdi\u00f3 contacto con \u00e9l hasta que las autoridades colombianas informaron que estaba detenido en Venezuela.<\/p>\n<p>En julio, gracias a un intercambio de prisioneros entre Estados Unidos y Venezuela, ciudadanos estadounidenses relataron que hab\u00edan coincidido con Castro bajo custodia. Amnist\u00eda Internacional logr\u00f3 entonces ubicarlo en la c\u00e1rcel de El Rodeo, en las afueras de Caracas, donde permanec\u00eda apresado junto a otros extranjeros.<\/p>\n<p>A su llegada este domingo al <strong><mark style=\"background-color:rgba(0, 0, 0, 0)\" class=\"has-inline-color has-luminous-vivid-amber-color\"><span style=\"text-decoration: underline;\">aeropuerto de Par\u00eds-Orly<\/span><\/mark><\/strong>Castro, visiblemente emocionado, declar\u00f3: \u201c\u00a1Viva la libertad, viva la igualdad, viva la fraternidad! Que todos los seres de esta tierra puedan vivir libres de sufrimiento, con paz, armon\u00eda y amor\u201d.<\/p>\n<p>Su padrastro agradeci\u00f3 la labor de la diplomacia francesa y denunci\u00f3 que hab\u00eda sido detenido \u201csin motivos\u201d, al afirmar que fue acusado injustamente de ser agente de la CIA.<\/p>\n<p class=\"has-medium-font-size\"><strong>Reacciones internacionales y negaci\u00f3n oficial en Venezuela<\/strong><\/p>\n<p>El presidente colombiano, Gustavo Petro, celebr\u00f3 la liberaci\u00f3n y pidi\u00f3 que el proceso se extienda a \u201clos dem\u00e1s colombianos\u201d detenidos en el pa\u00eds. Petro asegur\u00f3 que la libertad de \u201ctodos los presos pol\u00edticos en Venezuela y en el continente\u201d es esencial.<\/p>\n<p>Sin embargo, el gobierno de Nicol\u00e1s Maduro insiste en negar la existencia de presos pol\u00edticos en Venezuela, pese a los registros de oeneg\u00e9s nacionales e internacionales, as\u00ed como a los pronunciamientos de gobiernos extranjeros que han reclamado por la liberaci\u00f3n de sus ciudadanos.<\/p>\n<p>La presencia de m\u00e1s de 40 extranjeros encarcelados por motivos pol\u00edticos confirma, seg\u00fan Foro Penal, la dimensi\u00f3n internacional del patr\u00f3n de detenciones arbitrarias en Venezuela, un fen\u00f3meno que contin\u00faa generando tensiones diplom\u00e1ticas.<\/p>\n<\/p><\/div>\n<\/p><\/div>\n\n","protected":false},"excerpt":{"rendered":"<p>La organizaci\u00f3n Foro Penal inform\u00f3 este domingo que en Venezuela contin\u00faan detenidos 43 presos pol\u00edticos extranjeros, una cifra que se mantiene alta pese a la reciente liberaci\u00f3n del ciudadano franco-chileno Camilo Castro. El dato fue confirmado por el vicepresidente de la organizaci\u00f3n, Gonzalo Himiob, en declaraciones a la agencia espa\u00f1ola EFE. Seg\u00fan el registro actualizado, &hellip;<\/p>\n","protected":false},"author":1,"featured_media":50191,"comment_status":"open","ping_status":"open","sticky":false,"template":"","format":"standard","meta":{"fifu_image_url":"https:\/\/correodelcaroni.com\/wp-content\/uploads\/2025\/11\/FOROP_Extranjeros_WEB.jpg","fifu_image_alt":"","footnotes":""},"categories":[13],"tags":[],"class_list":["post-50190","post","type-post","status-publish","format-standard","has-post-thumbnail","","category-mundo"],"_links":{"self":[{"href":"https:\/\/noticiasveraces.com\/index.php?rest_route=\/wp\/v2\/posts\/50190","targetHints":{"allow":["GET"]}}],"collection":[{"href":"https:\/\/noticiasveraces.com\/index.php?rest_route=\/wp\/v2\/posts"}],"about":[{"href":"https:\/\/noticiasveraces.com\/index.php?rest_route=\/wp\/v2\/types\/post"}],"author":[{"embeddable":true,"href":"https:\/\/noticiasveraces.com\/index.php?rest_route=\/wp\/v2\/users\/1"}],"replies":[{"embeddable":true,"href":"https:\/\/noticiasveraces.com\/index.php?rest_route=%2Fwp%2Fv2%2Fcomments&post=50190"}],"version-history":[{"count":0,"href":"https:\/\/noticiasveraces.com\/index.php?rest_route=\/wp\/v2\/posts\/50190\/revisions"}],"wp:featuredmedia":[{"embeddable":true,"href":"https:\/\/noticiasveraces.com\/index.php?rest_route=\/wp\/v2\/media\/50191"}],"wp:attachment":[{"href":"https:\/\/noticiasveraces.com\/index.php?rest_route=%2Fwp%2Fv2%2Fmedia&parent=50190"}],"wp:term":[{"taxonomy":"category","embeddable":true,"href":"https:\/\/noticiasveraces.com\/index.php?rest_route=%2Fwp%2Fv2%2Fcategories&post=50190"},{"taxonomy":"post_tag","embeddable":true,"href":"https:\/\/noticiasveraces.com\/index.php?rest_route=%2Fwp%2Fv2%2Ftags&post=50190"}],"curies":[{"name":"wp","href":"https:\/\/api.w.org\/{rel}","templated":true}]}}