{"id":50183,"date":"2025-11-16T18:50:09","date_gmt":"2025-11-16T22:50:09","guid":{"rendered":"https:\/\/noticiasveraces.com\/?p=50183"},"modified":"2025-11-16T18:50:09","modified_gmt":"2025-11-16T22:50:09","slug":"el-futuro-de-brasil-esta-asegurado","status":"publish","type":"post","link":"https:\/\/noticiasveraces.com\/?p=50183","title":{"rendered":"\u201cEl futuro de Brasil est\u00e1 asegurado\u201d"},"content":{"rendered":"<p> \n<\/p>\n<div>\n<p data-mrf-recirculation=\"Links P\u00e1rrafos\" class=\"ue-c-article__paragraph paragraph ue-c-article--first-letter-highlighted\"><strong>La llegada de Carlo Ancelotti auguraba que Vinicius Jr y Rodrygo Goes iban a convertirse -si no lo eran ya- en sus \u2018ojitos derechos\u2019<\/strong> por su reciente pasado en el Real Madrid. Sin embargo, el t\u00e9cnico italiano <strong>se est\u00e1 empe\u00f1ando en apadrinar a un Estevao Willian que, al igual que en el Chelsea, tambi\u00e9n est\u00e1 quemando etapas con Brasil a una velocidad de v\u00e9rtigo.<\/strong><\/p>\n<figure class=\"ue-c-article__media ue-c-article__media--image\">\n<div class=\"ue-c-article__media-img-container ue-l-article--expand-edge-right-until-tablet ue-l-article--expand-edge-left-until-tablet\"><picture><source type=\"image\/webp\" sizes=\"(min-width: 1010px) 660px, (min-width: 980px) calc(100vw - 350px), (min-width: 740px) calc(100vw - 320px), 100vw\" srcset=\"https:\/\/objetos-xlk.estaticos-marca.com\/files\/article_360_widen_webp\/uploads\/2025\/11\/16\/6919ae16963cd.webp 360w,https:\/\/objetos-xlk.estaticos-marca.com\/files\/article_375_widen_webp\/uploads\/2025\/11\/16\/6919ae16963cd.webp 375w,https:\/\/objetos-xlk.estaticos-marca.com\/files\/article_414_widen_webp\/uploads\/2025\/11\/16\/6919ae16963cd.webp 414w,https:\/\/objetos-xlk.estaticos-marca.com\/files\/article_660_widen_webp\/uploads\/2025\/11\/16\/6919ae16963cd.webp 660w,https:\/\/objetos-xlk.estaticos-marca.com\/files\/article_720_widen_webp\/uploads\/2025\/11\/16\/6919ae16963cd.webp 720w,https:\/\/objetos-xlk.estaticos-marca.com\/files\/article_750_widen_webp\/uploads\/2025\/11\/16\/6919ae16963cd.webp 750w,https:\/\/objetos-xlk.estaticos-marca.com\/files\/article_828_widen_webp\/uploads\/2025\/11\/16\/6919ae16963cd.webp 828w,https:\/\/objetos-xlk.estaticos-marca.com\/files\/article_1320_widen_webp\/uploads\/2025\/11\/16\/6919ae16963cd.webp 1320w\"><source type=\"image\/jpeg\" sizes=\"(min-width: 1010px) 660px, (min-width: 980px) calc(100vw - 350px), (min-width: 740px) calc(100vw - 320px), 100vw\" srcset=\"https:\/\/objetos-xlk.estaticos-marca.com\/files\/article_360_widen\/uploads\/2025\/11\/16\/6919ae16963cd.jpeg 360w,https:\/\/objetos-xlk.estaticos-marca.com\/files\/article_375_widen\/uploads\/2025\/11\/16\/6919ae16963cd.jpeg 375w,https:\/\/objetos-xlk.estaticos-marca.com\/files\/article_414_widen\/uploads\/2025\/11\/16\/6919ae16963cd.jpeg 414w,https:\/\/objetos-xlk.estaticos-marca.com\/files\/article_660_widen\/uploads\/2025\/11\/16\/6919ae16963cd.jpeg 660w,https:\/\/objetos-xlk.estaticos-marca.com\/files\/article_720_widen\/uploads\/2025\/11\/16\/6919ae16963cd.jpeg 720w,https:\/\/objetos-xlk.estaticos-marca.com\/files\/article_750_widen\/uploads\/2025\/11\/16\/6919ae16963cd.jpeg 750w,https:\/\/objetos-xlk.estaticos-marca.com\/files\/article_828_widen\/uploads\/2025\/11\/16\/6919ae16963cd.jpeg 828w,https:\/\/objetos-xlk.estaticos-marca.com\/files\/article_1320_widen\/uploads\/2025\/11\/16\/6919ae16963cd.jpeg 1320w\"><img decoding=\"async\" width=\"2862\" height=\"1986\" class=\"ue-c-article__image lazyload\" alt=\"Estevao, celebrando su gol ante Senegal\" loading=\"lazy\" src=\"https:\/\/objetos-xlk.estaticos-marca.com\/uploads\/2025\/11\/16\/6919ae16963cd.jpeg\"\/><\/source><\/source><\/picture><\/div><figcaption class=\"ue-c-article__media-caption\">\n<p><span class=\"ue-c-article__media-description\">Estevao, celebrando su gol ante Senegal<\/span><span class=\"ue-c-article__media-source\"><span class=\"ue-c-article__media-author\">EFE<\/span><\/span><\/p>\n<\/figcaption><\/figure>\n<p data-mrf-recirculation=\"Links P\u00e1rrafos\" class=\"ue-c-article__paragraph paragraph\"><strong>\u201cEstevao ha sido una sorpresa positiva desde que asum\u00ed. Lo convoqu\u00e9 en todas las listas porque su velocidad y precisi\u00f3n en el uno contra uno son ideales para nuestro estilo\u201d<\/strong>expuso Carlo Ancelotti antes del <strong>amistoso contra Senegal<\/strong> disputado en el Emirates Stadium de Londres, la ciudad que lo est\u00e1 acogiendo tras desembarcar en Europa, <strong>Estevao fue de la partida y volvi\u00f3 a cuajar una actuaci\u00f3n notable.<\/strong><\/p>\n<p data-mrf-recirculation=\"Links P\u00e1rrafos\" class=\"ue-c-article__paragraph paragraph\">Es cierto que <strong>incurri\u00f3 en 13 p\u00e9rdidas<\/strong> a lo largo de las 35 ocasiones en las que entr\u00f3 en contacto con el bal\u00f3n. Pero, <strong>si por el camino reparte tres pases clave, la balanza se acaba equilibrando.<\/strong> El punto \u00e1lgido, eso s\u00ed, lleg\u00f3 antes de cumplirse la primera media hora de encuentro con un <strong>\u2018zurdazo\u2019 al palo largo que hizo est\u00e9ril la estirada de Edouard Mendy<\/strong> para abrir el marcador.<\/p>\n<blockquote class=\"ue-c-article__blockquote\">\n<p>Estevao ha sido una sorpresa positiva desde que asum\u00ed<\/p>\n<p><span class=\"ue-c-article__blockquote-author\">Carlo Ancelotti, seleccionador de Brasil<\/span><\/p><\/blockquote>\n<p data-mrf-recirculation=\"Links P\u00e1rrafos\" class=\"ue-c-article__paragraph paragraph\">A Ancelotti, claro, se le ca\u00edan los elogios. <strong>\u201cEstevao tiene un talento incre\u00edble. Es una sorpresa ver este nivel a su edad. Es muy preciso y contundente en la finalizaci\u00f3n. Tiene magia y trabaja duro\u201d.<\/strong> Desde luego, lo est\u00e1 recompensando, ya que <strong>lo ha situado como titular en cuatro de los seis partidos que ha dirigido al frente de Brasil<\/strong> desde que asumi\u00f3 el cargo el pasado mes de junio.<\/p>\n<p data-mrf-recirculation=\"Links P\u00e1rrafos\" class=\"ue-c-article__paragraph paragraph\"><strong>Estevao, por su parte, est\u00e1 respondiendo y en 10 partidos con la \u2018Sele\u00e7ao\u2019 ha sido capaz de marcar cuatro goles.<\/strong><strong>Todos, bajo la tutela de \u2018Carletto\u2019.<\/strong> \u201cMe est\u00e1n pasando cosas muy buenas. <strong>Le agradezco mucho a Dios por todo lo que est\u00e1 sucediendo en mi vida.<\/strong> Siempre lo so\u00f1\u00e9. Estoy en mi mejor momento. <strong>Pero necesito seguir trabajando duro y luchar todos los d\u00edas para que estas cosas sigan pasando\u201d<\/strong>apunt\u00f3 despu\u00e9s del partido.<\/p>\n<blockquote class=\"ue-c-article__blockquote\">\n<p>necesito seguir trabajando duro y luchar todos los d\u00edas para que estas cosas sigan pasando<\/p>\n<p><span class=\"ue-c-article__blockquote-author\">Estev\u00e1o, jugador brasile\u00f1o<\/span><\/p><\/blockquote>\n<p data-mrf-recirculation=\"Links P\u00e1rrafos\" class=\"ue-c-article__paragraph paragraph\"><strong>Los n\u00fameros y las sensaciones son dif\u00edcilmente mejorables<\/strong>. Para ponerlos en contexto, <strong>Neymar anot\u00f3 cinco dianas en sus 10 primeros encuentros<\/strong> con la camiseta de Brasil. <strong>Vinicius, por su parte, acumula el doble (8) que un Estevao\u2026 que ha disputado 34 partidos menos<\/strong> con la \u2018Canarinha\u2019. Es, de hecho, <strong>el m\u00e1ximo goleador de la selecci\u00f3n en este 2025.<\/strong><\/p>\n<p data-mrf-recirculation=\"Links P\u00e1rrafos\" class=\"ue-c-article__paragraph paragraph\">Se ha convertido, por m\u00e9ritos propios, en <strong>la gran ilusi\u00f3n de una Brasil en horas bajas<\/strong>\u2026 pero plagada de talento. \u201cPor supuesto, <strong>me entrego al m\u00e1ximo todos los d\u00edas para estar aqu\u00ed porque es el lugar que amo.<\/strong> La Sele\u00e7ao lo es todo para m\u00ed. <strong>La competencia es buena para no acomodarme y seguir teniendo los pies en el suelo.<\/strong> S\u00e9 que a\u00fan tengo mucho trabajo que hacer\u201d, reconoci\u00f3 tras el choque ante Senegal.<\/p>\n<p data-mrf-recirculation=\"Links P\u00e1rrafos\" class=\"ue-c-article__paragraph paragraph\"><strong>Ancelotti deber\u00e1 estrujarse la cabeza para dar cabida a todo el talento ofensivo que tiene a disposici\u00f3n.<\/strong> Sobre todo, una vez se recupere Raphinha. De momento, <strong>ya est\u00e1 equilibrando el esquema situando a Militao como lateral derecho<\/strong><strong>y recuperando para la causa a Casemiro como \u2018stopper\u2019 junto a Bruno Guimaraes<\/strong> en la sala de m\u00e1quinas.<\/p>\n<blockquote class=\"ue-c-article__blockquote\">\n<p>\u201cCon Estevao, el futuro de Brasil est\u00e1 asegurado\u201d<\/p>\n<p><span class=\"ue-c-article__blockquote-author\">Carlo Ancelotti, seleccionador de Brasil<\/span><\/p><\/blockquote>\n<p data-mrf-recirculation=\"Links P\u00e1rrafos\" class=\"ue-c-article__paragraph paragraph\"><strong>\u201cCon Estevao, el futuro de Brasil est\u00e1 asegurado\u201d<\/strong>incid\u00eda Ancelotti. Ahora bien, lo que cada d\u00eda parece m\u00e1s claro es que <strong>est\u00e1 comenzando a opositar para sacar plaza fija de cara al Mundial 2026.<\/strong> El presente tambi\u00e9n es suyo\u2026 y es inevitable. <strong>\u201cLe agradezco mucho a Dios por todo lo que est\u00e1 sucediendo en mi vida. Siempre lo so\u00f1\u00e9\u201d.<\/strong><\/p>\n<\/div>\n\n","protected":false},"excerpt":{"rendered":"<p>La llegada de Carlo Ancelotti auguraba que Vinicius Jr y Rodrygo Goes iban a convertirse -si no lo eran ya- en sus \u2018ojitos derechos\u2019 por su reciente pasado en el Real Madrid. Sin embargo, el t\u00e9cnico italiano se est\u00e1 empe\u00f1ando en apadrinar a un Estevao Willian que, al igual que en el Chelsea, tambi\u00e9n est\u00e1 &hellip;<\/p>\n","protected":false},"author":1,"featured_media":50185,"comment_status":"open","ping_status":"open","sticky":false,"template":"","format":"standard","meta":{"fifu_image_url":"https:\/\/objetos-xlk.estaticos-marca.com\/files\/article_main_microformat\/uploads\/2025\/11\/16\/6919ab24c5c74.jpeg","fifu_image_alt":"","footnotes":""},"categories":[6],"tags":[],"class_list":["post-50183","post","type-post","status-publish","format-standard","has-post-thumbnail","","category-deportes"],"_links":{"self":[{"href":"https:\/\/noticiasveraces.com\/index.php?rest_route=\/wp\/v2\/posts\/50183","targetHints":{"allow":["GET"]}}],"collection":[{"href":"https:\/\/noticiasveraces.com\/index.php?rest_route=\/wp\/v2\/posts"}],"about":[{"href":"https:\/\/noticiasveraces.com\/index.php?rest_route=\/wp\/v2\/types\/post"}],"author":[{"embeddable":true,"href":"https:\/\/noticiasveraces.com\/index.php?rest_route=\/wp\/v2\/users\/1"}],"replies":[{"embeddable":true,"href":"https:\/\/noticiasveraces.com\/index.php?rest_route=%2Fwp%2Fv2%2Fcomments&post=50183"}],"version-history":[{"count":0,"href":"https:\/\/noticiasveraces.com\/index.php?rest_route=\/wp\/v2\/posts\/50183\/revisions"}],"wp:featuredmedia":[{"embeddable":true,"href":"https:\/\/noticiasveraces.com\/index.php?rest_route=\/wp\/v2\/media\/50185"}],"wp:attachment":[{"href":"https:\/\/noticiasveraces.com\/index.php?rest_route=%2Fwp%2Fv2%2Fmedia&parent=50183"}],"wp:term":[{"taxonomy":"category","embeddable":true,"href":"https:\/\/noticiasveraces.com\/index.php?rest_route=%2Fwp%2Fv2%2Fcategories&post=50183"},{"taxonomy":"post_tag","embeddable":true,"href":"https:\/\/noticiasveraces.com\/index.php?rest_route=%2Fwp%2Fv2%2Ftags&post=50183"}],"curies":[{"name":"wp","href":"https:\/\/api.w.org\/{rel}","templated":true}]}}