{"id":50138,"date":"2025-11-16T09:59:30","date_gmt":"2025-11-16T13:59:30","guid":{"rendered":"https:\/\/noticiasveraces.com\/?p=50138"},"modified":"2025-11-16T09:59:30","modified_gmt":"2025-11-16T13:59:30","slug":"kast-advierte-que-respaldara-a-cualquier-opositor-si-queda-fuera-del-balotaje","status":"publish","type":"post","link":"https:\/\/noticiasveraces.com\/?p=50138","title":{"rendered":"Kast advierte que respaldar\u00e1 a cualquier opositor si queda fuera del balotaje"},"content":{"rendered":"<p> \n<\/p>\n<div style=\"display: none\">\n<div>\n                        <time datetime=\"2025-11-16T13:53:39+00:00\">16\/11\/2025 &#8211; 14:53<\/time><\/p>\n<h2 aria-level=\"3\">As\u00ed comenzaron las elecciones en Chile <\/h2>\n<p>Los chilenos deben elegir entre ocho candidatos al sucesor del presidente Gabriel Boric y los ocupantes de los 155 esca\u00f1os del Senado y la C\u00e1mara Baja. Informa nuestro enviado especial Martin Grippo. Informa el enviado especial de France 24 Martin Grippo.<\/p>\n<\/p><\/div>\n<div>\n                        <time datetime=\"2025-11-16T13:50:28+00:00\">16\/11\/2025 &#8211; 14:50<\/time><\/p>\n<h2 aria-level=\"3\">\u00bfQu\u00e9 pasa si un mayor de 18 a\u00f1os no vota en Chile?<\/h2>\n<p>Los chilenos acuden a las urnas en la primera elecci\u00f3n presidencial con voto obligatorio y registro autom\u00e1tico. El periodista Federico Cu\u00e9, corresponsal de France 24, nos cuenta. <\/p>\n<\/p><\/div>\n<div>\n                        <time datetime=\"2025-11-16T13:30:52+00:00\">16\/11\/2025 &#8211; 14:30<\/time><\/p>\n<h2 aria-level=\"3\">Kast vota en Paine y promete apoyar a cualquier oposici\u00f3n si no pasa a segunda vuelta<\/h2>\n<p>Jos\u00e9 Antonio Kast, candidato de ultraderecha, vot\u00f3 en un colegio de la localidad rural de Paine, en la periferia de Santiago, en su tercer intento por llegar a la presidencia de Chile. <\/p>\n<p>Se mostr\u00f3 seguro de pasar a la segunda vuelta, pero<strong> advirti\u00f3 que, si no lo consigue, dar\u00e1 su apoyo a cualquier lista contraria al gobierno de Gabriel Boric.<\/strong> Subray\u00f3 que los chilenos desean alternancia en el poder y pidi\u00f3 unidad opositora para enfrentar especialmente los problemas de seguridad. <\/p>\n<p><img decoding=\"async\" src=\"https:\/\/arena-cdn-g.eu.getarena.im\/site-media\/661e9848fa496b0a97abf800d9a243d62eaa18de56d1598f39fea316.jpg\"\/><\/p>\n<p>Foto: Rodrigo Garrido, Reuters <\/p>\n<\/p><\/div>\n<div>\n                        <time datetime=\"2025-11-16T12:49:00+00:00\">16\/11\/2025 &#8211; 13:49<\/time><\/p>\n<h2 aria-level=\"3\">Jeannette Jara, la candidata comunista que busca conquistar el centro con cercan\u00eda y moderaci\u00f3n<\/h2>\n<p>Exministra del Trabajo y primera candidata presidencial abiertamente comunista de Chile, ha construido su campa\u00f1a combinando cercan\u00eda personal, un discurso m\u00e1s moderado y una fuerte presencia en redes sociales como TikTok para ampliar su atractivo m\u00e1s all\u00e1 de la izquierda. <\/p>\n<p>Hija de una familia trabajadora y militante comunista desde la adolescencia, Jara lleg\u00f3 a la contienda con el impulso de su gesti\u00f3n en el gobierno de Gabriel Boric, donde impuls\u00f3 reformas emblem\u00e1ticas como la reducci\u00f3n de la jornada laboral y el aumento del salario m\u00ednimo.<\/p>\n<\/p><\/div>\n<div>\n                        <time datetime=\"2025-11-16T12:46:32+00:00\">16\/11\/2025 &#8211; 13:46<\/time><\/p>\n<h2 aria-level=\"3\">Jos\u00e9 Antonio Kast apuesta por mano dura y tradici\u00f3n en su tercer intento por llegar a La Moneda<\/h2>\n<p>L\u00edder del Partido Republicano y figura de la derecha chilena compite por tercera vez por la presidencia con sus opciones m\u00e1s fuertes hasta ahora, impulsado por un discurso de orden, migraci\u00f3n y valores tradicionales.<\/p>\n<p>Hijo de un exmilitante nazi y con un historial de posturas ultraconservadoras, Kast combina una estrategia moderna, como un \u00e1lbum musical para Spotify, con propuestas de seguridad m\u00e1s duras y un programa econ\u00f3mico de fuerte recorte estatal, posicion\u00e1ndose como un candidato con amplio respaldo ante un eventual balotaje.<\/p>\n<\/p><\/div>\n<div>\n                        <time datetime=\"2025-11-16T12:37:19+00:00\">16\/11\/2025 &#8211; 13:37<\/time><\/p>\n<h2 aria-level=\"3\">Jeannette Jara, la candidata comunista que busca conquistar el centro con cercan\u00eda y moderaci\u00f3n<\/h2>\n<p>Exministra del Trabajo y primera candidata presidencial abiertamente comunista de Chile, ha construido su campa\u00f1a combinando cercan\u00eda personal, un discurso m\u00e1s moderado y una fuerte presencia en redes sociales como TikTok para ampliar su atractivo m\u00e1s all\u00e1 de la izquierda. Hija de una familia trabajadora y militante comunista desde la adolescencia, Jara lleg\u00f3 a la contienda con el impulso de su gesti\u00f3n en el gobierno de Gabriel Boric, donde impuls\u00f3 reformas emblem\u00e1ticas como la reducci\u00f3n de la jornada laboral y el aumento del salario m\u00ednimo. <\/p>\n<\/p><\/div>\n<div>\n                        <time datetime=\"2025-11-16T12:34:45+00:00\">16\/11\/2025 &#8211; 13:34<\/time><\/p>\n<h2 aria-level=\"3\">Chilenos en Espa\u00f1a votan divididos entre continuidad y cambio <\/h2>\n<p>La comunidad chilena en Espa\u00f1a, la segunda m\u00e1s numerosa con derecho a voto en el extranjero (21.236 personas), participa este domingo en la elecci\u00f3n del sucesor de Gabriel Boric en centros habilitados en Madrid, Barcelona y Valencia. <\/p>\n<p>Entre deseos de continuidad y reclamos de cambio, los votantes se mostraron divididos: algunos respaldan la estabilidad que, dicen, ha mantenido el actual gobierno, mientras otros se\u00f1alan retrocesos en seguridad.<\/p>\n<\/p><\/div>\n<div>\n                        <time datetime=\"2025-11-16T12:32:02+00:00\">16\/11\/2025 &#8211; 13:32<\/time><\/p>\n<h2 aria-level=\"3\">Chile celebra primeras elecciones presidenciales y parlamentarias obligatorias en m\u00e1s de una d\u00e9cada<\/h2>\n<p><span style=\"color: rgb(1, 29, 38);\">Luego de m\u00e1s de una d\u00e9cada, las elecciones presidenciales y parlamentarias en Chile son obligatorias. M\u00e1s de 15 millones de personas est\u00e1n convocadas a las urnas, seg\u00fan el Servicio Electoral de Chile. <\/span><\/p>\n<p><span style=\"color: rgb(1, 29, 38);\"><span class=\"ql-cursor\">\ufeff<\/span>En 2022 una normativa elimin\u00f3 el voto voluntario para volverlo obligatorio, un sistema que se estren\u00f3 en el plebiscito del 4 de septiembre de 2025 con una votaci\u00f3n hist\u00f3rica. Informe de nuestro enviado especial, Mart\u00edn Grippo.<\/span><\/p>\n<\/p><\/div>\n<div>\n                        <time datetime=\"2025-11-16T12:29:55+00:00\">16\/11\/2025 &#8211; 13:29<\/time><\/p>\n<h2 aria-level=\"3\">Elecciones en Chile: rumbo incierto, voto obligatorio y segundo round probable<\/h2>\n<p>Los centros de votaci\u00f3n estar\u00e1n abiertos desde las 08:00 hora local (11:00 GMT) hasta las 18:00 (21:00 GMT) y se espera que los primeros resultados se conozcan un par de horas despu\u00e9s del cierre.<\/p>\n<p>Las encuestas indican que ning\u00fan candidato a la presidencia superar\u00eda <strong>el 50 % m\u00e1s uno de los votos, por lo que todo apunta a una segunda vuelta o balotaje el 14 de diciembre.<\/strong><\/p>\n<p>Los<strong> m\u00e1s de 15,6 millones de personas llamadas a las urnas tambi\u00e9n deber\u00e1n elegir a la totalidad de la C\u00e1mara de Diputados (155 esca\u00f1os) <\/strong>y a la mitad del Senado, en unos comicios donde los sondeos pronostican un considerable avance del bloque conservador, con la posibilidad incluso de obtener la mayor\u00eda en ambas c\u00e1maras.<\/p>\n<p>La campa\u00f1a ha estado marcada por el aumento de la delincuencia y la percepci\u00f3n de inseguridad, pese a que Chile sigue siendo uno de los pa\u00edses m\u00e1s seguros de Am\u00e9rica, con una tasa de homicidios en el primer semestre del a\u00f1o <strong>de 2,5 por cada 100.000 habitantes, seg\u00fan datos oficiales.<\/strong><\/p>\n<p>Los comicios se desarrollan adem\u00e1s en un clima de fuerte fatiga electoral, tras la sucesi\u00f3n de consultas desde el estallido social de 2019, y en medio del <strong>descontento con la gesti\u00f3n de Gabriel Boric, cuya aprobaci\u00f3n ronda el 30 % y<\/strong> dejar\u00e1 la Presidencia el pr\u00f3ximo marzo. <\/p>\n<\/p><\/div>\n<div>\n                        <time datetime=\"2025-11-16T12:28:43+00:00\">16\/11\/2025 &#8211; 13:28<\/time>                        <\/p>\n<p>Bienvenido a este seguimiento de la jornada electoral para elecci\u00f3n del presidente y el parlamento en Chile. <\/p>\n<\/p><\/div>\n<\/p><\/div>\n\n","protected":false},"excerpt":{"rendered":"<p>16\/11\/2025 &#8211; 14:53 As\u00ed comenzaron las elecciones en Chile Los chilenos deben elegir entre ocho candidatos al sucesor del presidente Gabriel Boric y los ocupantes de los 155 esca\u00f1os del Senado y la C\u00e1mara Baja. Informa nuestro enviado especial Martin Grippo. Informa el enviado especial de France 24 Martin Grippo. 16\/11\/2025 &#8211; 14:50 \u00bfQu\u00e9 pasa &hellip;<\/p>\n","protected":false},"author":1,"featured_media":50140,"comment_status":"open","ping_status":"open","sticky":false,"template":"","format":"standard","meta":{"fifu_image_url":"https:\/\/s.france24.com\/media\/display\/c6e3b130-c2f0-11f0-9404-005056bfb2b6\/w:1280\/p:16x9\/2025-11-16T132251Z-1437140982-RC2PXHATXDXP-RTRMADP-3-CHILE-ELECTION.jpg","fifu_image_alt":"","footnotes":""},"categories":[13],"tags":[],"class_list":["post-50138","post","type-post","status-publish","format-standard","has-post-thumbnail","","category-mundo"],"_links":{"self":[{"href":"https:\/\/noticiasveraces.com\/index.php?rest_route=\/wp\/v2\/posts\/50138","targetHints":{"allow":["GET"]}}],"collection":[{"href":"https:\/\/noticiasveraces.com\/index.php?rest_route=\/wp\/v2\/posts"}],"about":[{"href":"https:\/\/noticiasveraces.com\/index.php?rest_route=\/wp\/v2\/types\/post"}],"author":[{"embeddable":true,"href":"https:\/\/noticiasveraces.com\/index.php?rest_route=\/wp\/v2\/users\/1"}],"replies":[{"embeddable":true,"href":"https:\/\/noticiasveraces.com\/index.php?rest_route=%2Fwp%2Fv2%2Fcomments&post=50138"}],"version-history":[{"count":0,"href":"https:\/\/noticiasveraces.com\/index.php?rest_route=\/wp\/v2\/posts\/50138\/revisions"}],"wp:featuredmedia":[{"embeddable":true,"href":"https:\/\/noticiasveraces.com\/index.php?rest_route=\/wp\/v2\/media\/50140"}],"wp:attachment":[{"href":"https:\/\/noticiasveraces.com\/index.php?rest_route=%2Fwp%2Fv2%2Fmedia&parent=50138"}],"wp:term":[{"taxonomy":"category","embeddable":true,"href":"https:\/\/noticiasveraces.com\/index.php?rest_route=%2Fwp%2Fv2%2Fcategories&post=50138"},{"taxonomy":"post_tag","embeddable":true,"href":"https:\/\/noticiasveraces.com\/index.php?rest_route=%2Fwp%2Fv2%2Ftags&post=50138"}],"curies":[{"name":"wp","href":"https:\/\/api.w.org\/{rel}","templated":true}]}}