{"id":50043,"date":"2025-11-15T17:51:51","date_gmt":"2025-11-15T21:51:51","guid":{"rendered":"https:\/\/noticiasveraces.com\/?p=50043"},"modified":"2025-11-15T17:51:51","modified_gmt":"2025-11-15T21:51:51","slug":"bolsonaro-un-paso-mas-cerca-de-la-prision-despues-de-que-el-tribunal-rechaza-su-apelacion","status":"publish","type":"post","link":"https:\/\/noticiasveraces.com\/?p=50043","title":{"rendered":"Bolsonaro, un paso m\u00e1s cerca de la prisi\u00f3n despu\u00e9s de que el tribunal rechaza su apelaci\u00f3n"},"content":{"rendered":"<p> \n<\/p>\n<div>\n<p>El expresidente ultraderechista Jair Bolsonaro se qued\u00f3 sin opciones para evitar la c\u00e1rcel, despu\u00e9s de que los jueces rechazaran el viernes su apelaci\u00f3n contra una condena de 27 a\u00f1os por un intento fallido de golpe.<\/p>\n<p>Bolsonaro perdi\u00f3 las elecciones de 2022 y fue declarado culpable en septiembre por sus esfuerzos para impedir que Lula asumiera el poder tras los comicios.<\/p>\n<p>Cuatro de los cinco jueces del panel de la Corte Suprema votaron por condenarlo a 27 a\u00f1os y tres meses de prisi\u00f3n por<strong> cinco delitos, entre ellos participar en una organizaci\u00f3n criminal armada, intentar abolir violentamente la democracia y organizar un golpe de Estado.<\/strong><\/p>\n<p>Los fiscales dijeron que el plan \u2014que inclu\u00eda proyectos para asesinar a Lula y a un destacado juez de la Corte Suprema\u2014 fracas\u00f3 \u00fanicamente por la falta de apoyo del alto mando militar.<\/p>\n<p>Un panel de jueces de la Corte Suprema que evaluaba la apelaci\u00f3n de Bolsonaro vot\u00f3 por unanimidad para confirmar la condena la semana pasada. El resultado no se consider\u00f3 oficial hasta la medianoche del viernes.<\/p>\n<p>Una fuente del tribunal, que habl\u00f3 bajo anonimato, dijo a la AFP que una vez se publique el resultado de la audiencia \u2014algo que podr\u00eda ocurrir tan pronto como el lunes\u2014 la defensa tendr\u00e1 cinco d\u00edas para presentar un nuevo recurso.<\/p>\n<p>Sin embargo, ese recurso puede ser \u201cr\u00e1pidamente\u201d desestimado por el juez instructor Alexandre de Moraes, quien luego publicar\u00e1 la sentencia final.<\/p>\n<p>\u201cGeneralmente, despu\u00e9s de la publicaci\u00f3n de la sentencia final, la orden de arresto se emite el mismo d\u00eda\u201d, explic\u00f3 Thiago Bottino, profesor de la Facultad de Derecho de la Fundaci\u00f3n Getulio Vargas. Ser\u00e1 Moraes quien decida d\u00f3nde se har\u00e1 efectiva la detenci\u00f3n.<\/p>\n<p>La fuente del tribunal estim\u00f3 que Bolsonaro podr\u00eda ser enviado a prisi\u00f3n en la \u00faltima semana de noviembre, seg\u00fan los plazos procesales.<\/p>\n<p>El excapit\u00e1n del ej\u00e9rcito, de 70 a\u00f1os, que mantiene su inocencia, est\u00e1 bajo arresto domiciliario desde agosto por violar medidas cautelares en un caso separado.<\/p>\n<p>Debido a problemas de salud derivados del ataque con arma blanca que sufri\u00f3 en 2018, podr\u00eda solicitar cumplir su condena en casa.<\/p>\n<p class=\"a-read-more\"><span class=\"a-read-more__label\">Leer tambi\u00e9n<\/span>Bolsonaro es trasladado a un hospital por \u201cemergencia\u201d, su segundo ingreso m\u00e9dico tras ser condenado<\/p>\n<h2><strong>\u00abListos para matar\u00bb<\/strong><\/h2>\n<p>Los cargos contra Bolsonaro se centran en sus esfuerzos para socavar el sistema de votaci\u00f3n para alegar fraude si Lula ganaba las elecciones y luego justificar una intervenci\u00f3n militar.<\/p>\n<p>Tambi\u00e9n estaba el complot para asesinar a Lula, a su vicepresidente Geraldo Alckmin y al juez Moraes, un plan que, seg\u00fan los fiscales, Bolsonaro aprob\u00f3.<\/p>\n<p>\u201cEst\u00e1bamos listos para matar a mucha gente\u201d, dijo en un mensaje de audio hecho p\u00fablico por la Corte Suprema Wladimir Soares, un agente de la polic\u00eda federal sospechoso de integrar el grupo encargado del atentado.<\/p>\n<p>\u201cSolo est\u00e1bamos esperando \u00f3rdenes del presidente, pero \u00e9l retrocedi\u00f3\u201d, a\u00f1adi\u00f3 Soares.<\/p>\n<p>Al rechazar la apelaci\u00f3n, Moraes reafirm\u00f3 que hubo un intento deliberado de golpe de Estado orquestado bajo el liderazgo de Bolsonaro, con amplias pruebas de su participaci\u00f3n.<\/p>\n<p>Subray\u00f3 el papel de Bolsonaro en la instigaci\u00f3n del asalto del 8 de enero contra los edificios del Congreso y otras instituciones democr\u00e1ticas, cuando manifestantes violentos exigieron una intervenci\u00f3n militar para expulsar a Lula.<\/p>\n<p>Moraes determin\u00f3 que la condena de 27 a\u00f1os y tres meses se bas\u00f3 en la alta culpabilidad de Bolsonaro como presidente y en la gravedad e impacto de los delitos.<\/p>\n<div class=\"em-video-wrapper m-em-video\" data-media-video-wbmz346140-f24-es-20251028=\"\" data-wrapper-video-player=\"\" data-show-hidden-video-player=\"WBMZ346140-F24-ES-20251028\" data-youtube-script=\"\">\n<p>La condena a Bolsonaro agita Brasil: \u00bfes el fin del bolsonarismo?<\/p>\n<div class=\"m-em-video__video\">\n<div class=\"o-em-consent \">\n<div class=\"o-em-consent__content\">\n<p class=\"o-em-consent__content__text\">Para mostrar este contenido de YouTube, debe autorizar las cookies de medici\u00f3n de audiencia y publicidad.<\/p>\n<p>        <button class=\"a-master-button a-master-button--dark\" data-action=\"accept\">Aceptar<i class=\"a-svg a-svg--icon-check\"\/><\/button><br \/>\n        <button class=\"a-link\" data-action=\"manage\">Gestionar mis opciones<i class=\"a-svg a-svg--icon-edit\"\/><\/button>\n    <\/div>\n<\/div>\n<div class=\"o-em-adblock\" data-adblock-content=\"\">\n<div class=\"o-em-adblock__content\">\n<p class=\"o-em-adblock__content__text\">Una extensi\u00f3n de tu navegador parece estar bloqueando la carga del reproductor de video. Para poder ver este contenido, debes desactivarla en este sitio.<\/p>\n<p>            <button class=\"a-master-button a-master-button--dark\" data-action=\"reload\">Reintentar<\/button>\n    <\/div>\n<\/div>\n<figure class=\"m-item-image m-item-image--16x9 m-item-image--has-caption\">\n<picture class=\"a-picture a-picture--16x9\"><source type=\"image\/webp\" srcset=\"https:\/\/s.france24.com\/media\/display\/3cd07542-9342-11f0-9609-005056bf30b7\/w:388\/p:16x9\/cd6dd6189b336fd658e26a759460ea8e5fe240b9.webp 388w,https:\/\/s.france24.com\/media\/display\/3cd07542-9342-11f0-9609-005056bf30b7\/w:720\/p:16x9\/cd6dd6189b336fd658e26a759460ea8e5fe240b9.webp 720w,https:\/\/s.france24.com\/media\/display\/3cd07542-9342-11f0-9609-005056bf30b7\/w:1024\/p:16x9\/cd6dd6189b336fd658e26a759460ea8e5fe240b9.webp 1024w,https:\/\/s.france24.com\/media\/display\/3cd07542-9342-11f0-9609-005056bf30b7\/w:1280\/p:16x9\/cd6dd6189b336fd658e26a759460ea8e5fe240b9.webp 1280w\" sizes=\"(max-width: 639px) calc(100vw - 32px), (max-width: 1076px) calc(100vw - 44px), 850px\"><img decoding=\"async\" fetchpriority=\"low\" src=\"https:\/\/s.france24.com\/media\/display\/3cd07542-9342-11f0-9609-005056bf30b7\/w:1280\/p:16x9\/cd6dd6189b336fd658e26a759460ea8e5fe240b9.jpg\" srcset=\"https:\/\/s.france24.com\/media\/display\/3cd07542-9342-11f0-9609-005056bf30b7\/w:388\/p:16x9\/cd6dd6189b336fd658e26a759460ea8e5fe240b9.jpg 388w,https:\/\/s.france24.com\/media\/display\/3cd07542-9342-11f0-9609-005056bf30b7\/w:720\/p:16x9\/cd6dd6189b336fd658e26a759460ea8e5fe240b9.jpg 720w,https:\/\/s.france24.com\/media\/display\/3cd07542-9342-11f0-9609-005056bf30b7\/w:1024\/p:16x9\/cd6dd6189b336fd658e26a759460ea8e5fe240b9.jpg 1024w,https:\/\/s.france24.com\/media\/display\/3cd07542-9342-11f0-9609-005056bf30b7\/w:1280\/p:16x9\/cd6dd6189b336fd658e26a759460ea8e5fe240b9.jpg 1280w\" sizes=\"auto, (max-width: 639px) calc(100vw - 32px), (max-width: 1076px) calc(100vw - 44px), 850px\" width=\"1280\" height=\"720\" alt=\"El expresidente brasile\u00f1o Jair Bolsonaro, bajo arresto domiciliario, abandona el hospital DF Star de Brasilia tras someterse a una serie de pruebas m\u00e9dicas, el 14 de septiembre de 2025.\" loading=\"lazy\" class=\"a-img \"\/><\/source><\/picture><figcaption class=\"a-figcaption\">\n                <span>El expresidente brasile\u00f1o Jair Bolsonaro, bajo arresto domiciliario, abandona el hospital DF Star de Brasilia tras someterse a una serie de pruebas m\u00e9dicas, el 14 de septiembre de 2025.<\/span>                <span>\u00a9 Pablo PORC\u00cdUNCULA \/ AFP<\/span>            <\/figcaption><\/figure>\n<\/p><\/div>\n<\/p><\/div>\n<p>El juez se\u00f1al\u00f3 que la edad de Bolsonaro ya hab\u00eda sido considerada como un factor atenuante.<\/p>\n<p>Otros tres jueces del panel tambi\u00e9n rechazaron la apelaci\u00f3n.<\/p>\n<p>Ese mismo viernes, <strong>la mayor\u00eda de los jueces del mismo panel vot\u00f3 a favor de continuar un proceso penal contra el hijo de Bolsonar<\/strong>o, el legislador federal Eduardo Bolsonaro, por el delito de \u201ccoacci\u00f3n\u201d.<\/p>\n<p>Eduardo Bolsonaro, que actualmente vive en Estados Unidos, fue acusado por la fiscal\u00eda general en septiembre de presionar para que Washington impusiera sanciones con el fin de influir en el juicio por el golpe contra su padre.<\/p>\n<p>El hijo del expresidente se adjudic\u00f3 el m\u00e9rito de presionar a la Casa Blanca para elevar los aranceles a las importaciones estadounidenses de productos brasile\u00f1os hasta el 50% como represalia por el caso penal contra su padre.<\/p>\n<p>Este art\u00edculo es una adaptaci\u00f3n de su original en ingl\u00e9s <\/p>\n<\/p><\/div>\n\n","protected":false},"excerpt":{"rendered":"<p>El expresidente ultraderechista Jair Bolsonaro se qued\u00f3 sin opciones para evitar la c\u00e1rcel, despu\u00e9s de que los jueces rechazaran el viernes su apelaci\u00f3n contra una condena de 27 a\u00f1os por un intento fallido de golpe. Bolsonaro perdi\u00f3 las elecciones de 2022 y fue declarado culpable en septiembre por sus esfuerzos para impedir que Lula asumiera &hellip;<\/p>\n","protected":false},"author":1,"featured_media":50045,"comment_status":"open","ping_status":"open","sticky":false,"template":"","format":"standard","meta":{"fifu_image_url":"https:\/\/s.france24.com\/media\/display\/2b7182e4-c1b1-11f0-bd37-005056bfb2b6\/w:1280\/p:16x9\/173549d6af1d7b95b169545eab1d355188600cd0.jpg","fifu_image_alt":"","footnotes":""},"categories":[13],"tags":[],"class_list":["post-50043","post","type-post","status-publish","format-standard","has-post-thumbnail","","category-mundo"],"_links":{"self":[{"href":"https:\/\/noticiasveraces.com\/index.php?rest_route=\/wp\/v2\/posts\/50043","targetHints":{"allow":["GET"]}}],"collection":[{"href":"https:\/\/noticiasveraces.com\/index.php?rest_route=\/wp\/v2\/posts"}],"about":[{"href":"https:\/\/noticiasveraces.com\/index.php?rest_route=\/wp\/v2\/types\/post"}],"author":[{"embeddable":true,"href":"https:\/\/noticiasveraces.com\/index.php?rest_route=\/wp\/v2\/users\/1"}],"replies":[{"embeddable":true,"href":"https:\/\/noticiasveraces.com\/index.php?rest_route=%2Fwp%2Fv2%2Fcomments&post=50043"}],"version-history":[{"count":0,"href":"https:\/\/noticiasveraces.com\/index.php?rest_route=\/wp\/v2\/posts\/50043\/revisions"}],"wp:featuredmedia":[{"embeddable":true,"href":"https:\/\/noticiasveraces.com\/index.php?rest_route=\/wp\/v2\/media\/50045"}],"wp:attachment":[{"href":"https:\/\/noticiasveraces.com\/index.php?rest_route=%2Fwp%2Fv2%2Fmedia&parent=50043"}],"wp:term":[{"taxonomy":"category","embeddable":true,"href":"https:\/\/noticiasveraces.com\/index.php?rest_route=%2Fwp%2Fv2%2Fcategories&post=50043"},{"taxonomy":"post_tag","embeddable":true,"href":"https:\/\/noticiasveraces.com\/index.php?rest_route=%2Fwp%2Fv2%2Ftags&post=50043"}],"curies":[{"name":"wp","href":"https:\/\/api.w.org\/{rel}","templated":true}]}}