{"id":50030,"date":"2025-11-15T15:49:15","date_gmt":"2025-11-15T19:49:15","guid":{"rendered":"https:\/\/noticiasveraces.com\/?p=50030"},"modified":"2025-11-15T15:49:15","modified_gmt":"2025-11-15T19:49:15","slug":"el-congo-y-el-m23-avanzan-en-qatar-hacia-un-acuerdo-de-paz-dw-15-11-2025","status":"publish","type":"post","link":"https:\/\/noticiasveraces.com\/?p=50030","title":{"rendered":"El Congo y el M23 avanzan en Qatar hacia un acuerdo de paz \u2013 DW \u2013 15\/11\/2025"},"content":{"rendered":"<p> \n<\/p>\n<div data-tracking-name=\"rich-text\" data-tracking-skip=\"true\">\n<p>La Rep\u00fablica Democr\u00e1tica del Congo (RDC) y el grupo rebelde Movimiento 23 de Marzo (M23) firmaron este s\u00e1bado (15.11.2025) en Qatar un acuerdo marco que abre la v\u00eda a un futuro pacto de paz destinado a poner fin al conflicto en el este del pa\u00eds, recrudecido en enero de este a\u00f1o.<\/p>\n<p>El documento fue rubricado por representantes de ambas partes durante una ceremonia celebrada en Doha, la capital catar\u00ed, que desde el pasado abril ha mediado en las conversaciones, seg\u00fan recogen medios locales. No obstante, el texto no constituye a\u00fan un acuerdo de paz definitivo, sino que establece la metodolog\u00eda y el calendario de las pr\u00f3ximas negociaciones<\/p>\n<p>Ambas partes confirmaron en el texto el cese de las hostilidades y reiteraron su compromiso de liberar a los prisioneros, en l\u00ednea con los mecanismos ya acordados en sucesivas reuniones celebradas en septiembre y octubre. Los combates han causado miles de muertos y el desplazamiento de cientos de miles m\u00e1s este a\u00f1o, al tiempo que aumentan el riesgo de una guerra regional a gran escala.<\/p>\n<h2>Ocho protocolos para la paz<\/h2>\n<p>El acuerdo marco prev\u00e9, asimismo, la elaboraci\u00f3n de ocho protocolos, que deber\u00e1n negociarse en las semanas posteriores a la firma, y que abordan las causas \u00abprofundas\u00bb del conflicto. Seg\u00fan explic\u00f3 el representante del M23 tras la ceremonia, estos protocolos funcionar\u00e1n como cap\u00edtulos que ser\u00e1n desarrollados \u00abm\u00e1s adelante\u00bb y que deber\u00e1n negociarse y firmarse de manera sucesiva hasta desembocar en un acuerdo de paz global.<\/p>\n<figure class=\"placeholder-image master_landscape big\"><img data-format=\"MASTER_LANDSCAPE\" data-id=\"73335354\" data-url=\"https:\/\/static.dw.com\/image\/73335354_${formatId}.jpg\" data-aspect-ratio=\"16\/9\" alt=\"El mediador Sumbu Sita Mambu, alto representante del jefe de Estado de la RDC (izq.) y el secretario del grupo armado M23, Benjamin Mbonimpa (der.), se dan la mano sosteniendo todav\u00eda el escrito con el acuerdo alcanzado en Doha.\" style=\"padding-bottom: 56.25%; height: 0; max-height: 0;\"\/><figcaption class=\"img-caption\">Los representantes del gobierno congol\u00e9s y del M23 se estrechan la mano tras anunciar el acuerdo anterior el pasado julio.<small class=\"copyright\">Imagen: Karim Jaafar\/AFP<\/small><\/figcaption><\/figure>\n<p>\u00abEn este acuerdo marco firmado no se incluye ninguna cl\u00e1usula vinculante, es decir, no habr\u00e1 modificaci\u00f3n alguna de la situaci\u00f3n sobre el terreno ni ninguna actividad de ning\u00fan tipo hasta que cada protocolo sea debatido, negociado y discutido, uno tras otro, hasta la conclusi\u00f3n final de un acuerdo global de paz\u00bb, remarc\u00f3.<\/p>\n<p>Qatar ha acogido desde abril varias rondas de conversaciones directas entre el Gobierno congole\u00f1o y el M23, que condujeron a la firma, el pasado 19 de julio, de una declaraci\u00f3n de principios para poner fin a los combates\u00a0que, sin embargo, despert\u00f3 escepticismo en los especialistas en el tema.<\/p>\n<p>lgc (afp, reuters)<\/p>\n<\/div>\n\n","protected":false},"excerpt":{"rendered":"<p>La Rep\u00fablica Democr\u00e1tica del Congo (RDC) y el grupo rebelde Movimiento 23 de Marzo (M23) firmaron este s\u00e1bado (15.11.2025) en Qatar un acuerdo marco que abre la v\u00eda a un futuro pacto de paz destinado a poner fin al conflicto en el este del pa\u00eds, recrudecido en enero de este a\u00f1o. El documento fue rubricado &hellip;<\/p>\n","protected":false},"author":1,"featured_media":50031,"comment_status":"open","ping_status":"open","sticky":false,"template":"","format":"standard","meta":{"fifu_image_url":"https:\/\/static.dw.com\/image\/73929841_6.jpg","fifu_image_alt":"","footnotes":""},"categories":[13],"tags":[],"class_list":["post-50030","post","type-post","status-publish","format-standard","has-post-thumbnail","","category-mundo"],"_links":{"self":[{"href":"https:\/\/noticiasveraces.com\/index.php?rest_route=\/wp\/v2\/posts\/50030","targetHints":{"allow":["GET"]}}],"collection":[{"href":"https:\/\/noticiasveraces.com\/index.php?rest_route=\/wp\/v2\/posts"}],"about":[{"href":"https:\/\/noticiasveraces.com\/index.php?rest_route=\/wp\/v2\/types\/post"}],"author":[{"embeddable":true,"href":"https:\/\/noticiasveraces.com\/index.php?rest_route=\/wp\/v2\/users\/1"}],"replies":[{"embeddable":true,"href":"https:\/\/noticiasveraces.com\/index.php?rest_route=%2Fwp%2Fv2%2Fcomments&post=50030"}],"version-history":[{"count":0,"href":"https:\/\/noticiasveraces.com\/index.php?rest_route=\/wp\/v2\/posts\/50030\/revisions"}],"wp:featuredmedia":[{"embeddable":true,"href":"https:\/\/noticiasveraces.com\/index.php?rest_route=\/wp\/v2\/media\/50031"}],"wp:attachment":[{"href":"https:\/\/noticiasveraces.com\/index.php?rest_route=%2Fwp%2Fv2%2Fmedia&parent=50030"}],"wp:term":[{"taxonomy":"category","embeddable":true,"href":"https:\/\/noticiasveraces.com\/index.php?rest_route=%2Fwp%2Fv2%2Fcategories&post=50030"},{"taxonomy":"post_tag","embeddable":true,"href":"https:\/\/noticiasveraces.com\/index.php?rest_route=%2Fwp%2Fv2%2Ftags&post=50030"}],"curies":[{"name":"wp","href":"https:\/\/api.w.org\/{rel}","templated":true}]}}