{"id":50019,"date":"2025-11-15T13:25:05","date_gmt":"2025-11-15T17:25:05","guid":{"rendered":"https:\/\/noticiasveraces.com\/?p=50019"},"modified":"2025-11-15T13:25:05","modified_gmt":"2025-11-15T17:25:05","slug":"supervisan-obras-de-rehabilitacion-en-sector-de-pinto-salinas","status":"publish","type":"post","link":"https:\/\/noticiasveraces.com\/?p=50019","title":{"rendered":"Supervisan obras de rehabilitaci\u00f3n en sector de Pinto Salinas"},"content":{"rendered":"<p> \n<\/p>\n<div data-td-block-uid=\"tdi_99\">\n<p><h2>Se instalaron nuevas tuber\u00edas de aguas servidas, reparaci\u00f3n de Casa Comunal y Sala de Autogobierno, se intervino la Calle Real para la creaci\u00f3n de ruta tur\u00edstica<\/h2>\n<\/p>\n<\/div>\n<div data-td-block-uid=\"tdi_109\">\n<div class=\"tdb-block-inner td-fix-index\">\n<p>El jefe de Gobierno del Distrito Capital, Nahum Fern\u00e1ndez, supervis\u00f3 los trabajos de rehabilitaci\u00f3n que se ejecutan en el sector Amalivaca de Pinto Salinas, ubicado en la parroquia El Recreo, Caracas, el cual ha mostrado un avance significativo con la recuperaci\u00f3n de un terreno que era utilizado como estacionamiento de esta comunidad y que fue afectado producto de un socavamiento debido a un importante n\u00famero de tuber\u00edas que se encontraban en deterioro.<\/p>\n<p>Esta problem\u00e1tica fue atendida por una mesa de trabajo con los equipos de Hidrocapital, Ministerio de Atenci\u00f3n de las Aguas y Aguas Caracas, con el fin de abordar la situaci\u00f3n de manera integral y eficiente, se\u00f1al\u00f3 Nahum a trav\u00e9s de sus redes sociales.<\/p>\n<blockquote class=\"instagram-media\" data-instgrm-captioned=\"\" data-instgrm-permalink=\"https:\/\/www.instagram.com\/reel\/DRDXgqVkbw4\/?utm_source=ig_embed&amp;utm_campaign=loading\" data-instgrm-version=\"14\" style=\" background:#FFF; border:0; border-radius:3px; box-shadow:0 0 1px 0 rgba(0,0,0,0.5),0 1px 10px 0 rgba(0,0,0,0.15); margin: 1px; max-width:540px; min-width:326px; padding:0; width:99.375%; width:-webkit-calc(100% - 2px); width:calc(100% - 2px);\"\/>\n<p>En esta obra se llev\u00f3 a cabo la conexi\u00f3n de nuevos tramos de tuber\u00edas de aguas servidas a los puntos centrales correspondientes. As\u00ed como tambi\u00e9n se efectuaron labores de excavaci\u00f3n para extraer el material contaminado. Luego de estas labores realizaron todo lo correspondiente con el equipo \u00abCaza Hueco\u201d, asegurando as\u00ed un correcto flujo del agua de manantial y protegiendo a 90 edificaciones en la zona, en la que adem\u00e1s se colocaron 600 toneladas de asfalto.<\/p>\n<p>En ese mismo orden de ideas, Fern\u00e1ndez anunci\u00f3 que se ejecutan labores de reparaci\u00f3n en la Sala de Autogobierno y Casa Comunal.<\/p>\n<h2 class=\"wp-block-heading\">Ruta tur\u00edstica para el sector<\/h2>\n<p>Fern\u00e1ndez sostuvo una reuni\u00f3n con el Poder Popular de esta parroquia caraque\u00f1a donde acordaron intervenir la Calle Real de Pinto Salinas, con el fin de crear una ruta tur\u00edstica, gastron\u00f3mica y comunal.<\/p>\n<p>\u00abEsta ruta tendr\u00e1 la forma de un campo de s\u00f3ftbol y contar\u00e1 con kioscos artesanales, conectando con nuestro emblem\u00e1tico Waraira Repano y brindando atenci\u00f3n a los visitantes. En este espacio, se construir\u00e1 una c\u00fapula destinada a actividades culturales de la parroquia. Desde estos mismos espacios, anunciamos que el presidente Maduro aprob\u00f3 formalmente la creaci\u00f3n de esta Ruta Tur\u00edstica en Amalivaca\u00bb, asegur\u00f3.<\/p>\n<blockquote class=\"instagram-media\" data-instgrm-captioned=\"\" data-instgrm-permalink=\"https:\/\/www.instagram.com\/p\/DRDVbr4EZha\/?utm_source=ig_embed&amp;utm_campaign=loading\" data-instgrm-version=\"14\" style=\" background:#FFF; border:0; border-radius:3px; box-shadow:0 0 1px 0 rgba(0,0,0,0.5),0 1px 10px 0 rgba(0,0,0,0.15); margin: 1px; max-width:540px; min-width:326px; padding:0; width:99.375%; width:-webkit-calc(100% - 2px); width:calc(100% - 2px);\"\/><\/div>\n<\/div>\n<p><script async src=\"\/\/www.instagram.com\/embed.js\"><\/script><br \/>\n<br \/>\n","protected":false},"excerpt":{"rendered":"<p>Se instalaron nuevas tuber\u00edas de aguas servidas, reparaci\u00f3n de Casa Comunal y Sala de Autogobierno, se intervino la Calle Real para la creaci\u00f3n de ruta tur\u00edstica El jefe de Gobierno del Distrito Capital, Nahum Fern\u00e1ndez, supervis\u00f3 los trabajos de rehabilitaci\u00f3n que se ejecutan en el sector Amalivaca de Pinto Salinas, ubicado en la parroquia El &hellip;<\/p>\n","protected":false},"author":1,"featured_media":50020,"comment_status":"open","ping_status":"open","sticky":false,"template":"","format":"standard","meta":{"fifu_image_url":"https:\/\/ultimasnoticias.com.ve\/wp-content\/uploads\/2025\/11\/Sin-titulo-22.jpg","fifu_image_alt":"","footnotes":""},"categories":[13],"tags":[],"class_list":["post-50019","post","type-post","status-publish","format-standard","has-post-thumbnail","","category-mundo"],"_links":{"self":[{"href":"https:\/\/noticiasveraces.com\/index.php?rest_route=\/wp\/v2\/posts\/50019","targetHints":{"allow":["GET"]}}],"collection":[{"href":"https:\/\/noticiasveraces.com\/index.php?rest_route=\/wp\/v2\/posts"}],"about":[{"href":"https:\/\/noticiasveraces.com\/index.php?rest_route=\/wp\/v2\/types\/post"}],"author":[{"embeddable":true,"href":"https:\/\/noticiasveraces.com\/index.php?rest_route=\/wp\/v2\/users\/1"}],"replies":[{"embeddable":true,"href":"https:\/\/noticiasveraces.com\/index.php?rest_route=%2Fwp%2Fv2%2Fcomments&post=50019"}],"version-history":[{"count":0,"href":"https:\/\/noticiasveraces.com\/index.php?rest_route=\/wp\/v2\/posts\/50019\/revisions"}],"wp:featuredmedia":[{"embeddable":true,"href":"https:\/\/noticiasveraces.com\/index.php?rest_route=\/wp\/v2\/media\/50020"}],"wp:attachment":[{"href":"https:\/\/noticiasveraces.com\/index.php?rest_route=%2Fwp%2Fv2%2Fmedia&parent=50019"}],"wp:term":[{"taxonomy":"category","embeddable":true,"href":"https:\/\/noticiasveraces.com\/index.php?rest_route=%2Fwp%2Fv2%2Fcategories&post=50019"},{"taxonomy":"post_tag","embeddable":true,"href":"https:\/\/noticiasveraces.com\/index.php?rest_route=%2Fwp%2Fv2%2Ftags&post=50019"}],"curies":[{"name":"wp","href":"https:\/\/api.w.org\/{rel}","templated":true}]}}