{"id":50012,"date":"2025-11-15T12:23:38","date_gmt":"2025-11-15T16:23:38","guid":{"rendered":"https:\/\/noticiasveraces.com\/?p=50012"},"modified":"2025-11-15T12:23:38","modified_gmt":"2025-11-15T16:23:38","slug":"fallas-electricas-tumbaron-el-internet-en-varios-estados-de-venezuela","status":"publish","type":"post","link":"https:\/\/noticiasveraces.com\/?p=50012","title":{"rendered":"Fallas el\u00e9ctricas tumbaron el Internet en varios estados de Venezuela"},"content":{"rendered":"<p> \n<\/p>\n<div>\n<p>Usuarios en las redes sociales reportaron el 14 de noviembre <strong>varios bajones el\u00e9ctricos en diferentes estados del pa\u00eds<\/strong>. Tras estos hechos, la organizaci\u00f3n no gubernamental (ONG) <strong>Y Sin Filtro<\/strong> inform\u00f3 que se gener\u00f3 una ca\u00edda en la<strong> conectividad de Internet <\/strong>de 92,6 % a las 11:30 am. <\/p>\n<p>De acuerdo con una publicaci\u00f3n en su cuenta de X, VE sin Filtro precis\u00f3 que el porcentaje de conectividad estuvo en su \u201cpunto m\u00e1s bajo\u201d en los estado <strong>T\u00e1chira (20,3 %), Barinas (52 %), M\u00e9rida (81,8 %), Portuguesa (82,7 %) y Trujillo (83,5 %)<\/strong>. <\/p>\n<p>De acuerdo con las denuncias en redes sociales, los bajones se generaron en zonas de<strong> Distrito Capital, Miranda, La Guaira, Carabobo, Aragua, Zulia, Gu\u00e1rico, Anzo\u00e1tegui y Monagas<\/strong>. <\/p>\n<figure class=\"wp-block-image size-large\"><img fetchpriority=\"high\" width=\"1200\" height=\"800\" alt=\"Ve Sin Filtro report\u00f3 que fallas el\u00e9ctricas tumbaron el Internet en varios estados de Venezuela\" sizes=\"(max-width: 1200px) 100vw, 1200px\" srcset=\"https:\/\/eldiario.com\/nitropack_static\/DWpklAePbJBFiBKvuTtiGMLbtJlHUqWt\/assets\/images\/optimized\/rev-4610e21\/eldiario.com\/wp-content\/uploads\/2025\/11\/El-Foro-Penal-public-e1cd7cad-das-d-4-1200x800.jpg 1200w, https:\/\/eldiario.com\/nitropack_static\/DWpklAePbJBFiBKvuTtiGMLbtJlHUqWt\/assets\/images\/optimized\/rev-4610e21\/eldiario.com\/wp-content\/uploads\/2025\/11\/El-Foro-Penal-public-92eca758-adas-d-4-300x200.jpg 300w, https:\/\/eldiario.com\/nitropack_static\/DWpklAePbJBFiBKvuTtiGMLbtJlHUqWt\/assets\/images\/optimized\/rev-4610e21\/eldiario.com\/wp-content\/uploads\/2025\/11\/El-Foro-Penal-public-e0c8b8ce-adas-d-4-768x512.jpg 768w, https:\/\/eldiario.com\/nitropack_static\/DWpklAePbJBFiBKvuTtiGMLbtJlHUqWt\/assets\/images\/optimized\/rev-4610e21\/eldiario.com\/wp-content\/uploads\/2025\/11\/El-Foro-Penal-public-31a5aecf-as-d-4-1536x1024.jpg 1536w, https:\/\/eldiario.com\/nitropack_static\/DWpklAePbJBFiBKvuTtiGMLbtJlHUqWt\/assets\/images\/optimized\/rev-4610e21\/eldiario.com\/wp-content\/uploads\/2025\/11\/El-Foro-Penal-public-3413bd50-adas-d-4-330x220.jpg 330w, https:\/\/eldiario.com\/nitropack_static\/DWpklAePbJBFiBKvuTtiGMLbtJlHUqWt\/assets\/images\/optimized\/rev-4610e21\/eldiario.com\/wp-content\/uploads\/2025\/11\/El-Foro-Penal-public-5371e08b-adas-d-4-420x280.jpg 420w, https:\/\/eldiario.com\/nitropack_static\/DWpklAePbJBFiBKvuTtiGMLbtJlHUqWt\/assets\/images\/optimized\/rev-4610e21\/eldiario.com\/wp-content\/uploads\/2025\/11\/El-Foro-Penal-public-ee62c3f4-adas-d-4-615x410.jpg 615w, https:\/\/eldiario.com\/nitropack_static\/DWpklAePbJBFiBKvuTtiGMLbtJlHUqWt\/assets\/images\/optimized\/rev-4610e21\/eldiario.com\/wp-content\/uploads\/2025\/11\/El-Foro-Penal-public-91f1f8ad-adas-d-4-860x574.jpg 860w, https:\/\/eldiario.com\/nitropack_static\/DWpklAePbJBFiBKvuTtiGMLbtJlHUqWt\/assets\/images\/optimized\/rev-4610e21\/eldiario.com\/wp-content\/uploads\/2025\/11\/El-Foro-Penal-public-1d41cf40-adas-d-4-150x100.jpg 150w, https:\/\/eldiario.com\/nitropack_static\/DWpklAePbJBFiBKvuTtiGMLbtJlHUqWt\/assets\/images\/optimized\/rev-4610e21\/eldiario.com\/wp-content\/uploads\/2025\/11\/El-Foro-Penal-public-377ebd4b-nas-privadas-d-4.jpg 1600w\" src=\"https:\/\/eldiario.com\/nitropack_static\/DWpklAePbJBFiBKvuTtiGMLbtJlHUqWt\/assets\/images\/optimized\/rev-4610e21\/eldiario.com\/wp-content\/uploads\/2025\/11\/El-Foro-Penal-public-e1cd7cad-das-d-4-1200x800.jpg\" class=\"wp-image-827922 nitro-lazy\" decoding=\"async\" nitro-lazy-empty=\"\" id=\"Nzk4OjMxODI=-1\"\/><\/figure>\n<p><strong>Muchas personas informaron que durante la ma\u00f1ana se registraron m\u00e1s de dos bajones. <\/strong>Hasta el momento la Corporaci\u00f3n El\u00e9ctrica Nacional (Corpoelec) no ha emitido ninguna informaci\u00f3n sobre los motivos de las fallas de este viernes. <\/p>\n<h2 class=\"wp-block-heading\" id=\"h-otras-fallas-electricas-recientes\"><strong>Otras fallas el\u00e9ctricas recientes<\/strong><\/h2>\n<p>En las redes sociales, usuarios reportan de manera constante fallas el\u00e9ctricas en algunas zonas del pa\u00eds. Algunos ciudadanos en X reportaron ca\u00eddas en el servicio el\u00e9ctrico entre el 12 y 13 de noviembre en varias ciudades como Caracas, Valencia y Ciudad Bol\u00edvar.<\/p>\n<p>Esta es una situaci\u00f3n que se ha repetido en otros meses. El 10 de septiembre se registr\u00f3 un<strong> baj\u00f3n de luz <\/strong>que afect\u00f3 al Distrito Capital y otros estados. <\/p>\n<figure class=\"wp-block-image size-large\"><picture decoding=\"async\" class=\"wp-image-553851\"><source type=\"image\/webp\" sizes=\"(max-width: 760px) 100vw, 760px\" nitro-lazy-srcset=\"https:\/\/eldiario.com\/nitropack_static\/DWpklAePbJBFiBKvuTtiGMLbtJlHUqWt\/assets\/images\/optimized\/rev-4610e21\/eldiario.com\/wp-content\/uploads\/2023\/07\/apagon-vela-sin-luz-760x570.jpg.webp 760w, https:\/\/eldiario.com\/nitropack_static\/DWpklAePbJBFiBKvuTtiGMLbtJlHUqWt\/assets\/images\/optimized\/rev-4610e21\/eldiario.com\/wp-content\/uploads\/2023\/07\/apagon-vela-sin-luz-300x225.jpg.webp 300w, https:\/\/eldiario.com\/nitropack_static\/DWpklAePbJBFiBKvuTtiGMLbtJlHUqWt\/assets\/images\/optimized\/rev-4610e21\/eldiario.com\/wp-content\/uploads\/2023\/07\/apagon-vela-sin-luz-768x576.jpg.webp 768w, https:\/\/eldiario.com\/nitropack_static\/DWpklAePbJBFiBKvuTtiGMLbtJlHUqWt\/assets\/images\/optimized\/rev-4610e21\/eldiario.com\/wp-content\/uploads\/2023\/07\/apagon-vela-sin-luz-1536x1152.jpg.webp 1536w, https:\/\/eldiario.com\/nitropack_static\/DWpklAePbJBFiBKvuTtiGMLbtJlHUqWt\/assets\/images\/optimized\/rev-4610e21\/eldiario.com\/wp-content\/uploads\/2023\/07\/apagon-vela-sin-luz-150x113.jpg.webp 150w, https:\/\/eldiario.com\/nitropack_static\/DWpklAePbJBFiBKvuTtiGMLbtJlHUqWt\/assets\/images\/optimized\/rev-4610e21\/eldiario.com\/wp-content\/uploads\/2023\/07\/apagon-vela-sin-luz.jpg.webp 1600w\" nitro-lazy-empty=\"\" id=\"ODIxOjYxNw==-1\" srcset=\"data:image\/svg+xml;nitro-empty-id=ODIxOjYxNw==-1;base64,PHN2ZyB2aWV3Qm94PSIwIDAgNzYwIDU3MCIgd2lkdGg9Ijc2MCIgaGVpZ2h0PSI1NzAiIHhtbG5zPSJodHRwOi8vd3d3LnczLm9yZy8yMDAwL3N2ZyI+PC9zdmc+\"\/><img loading=\"lazy\" width=\"760\" height=\"570\" alt=\"Cuba sin luz\" sizes=\"auto, (max-width: 760px) 100vw, 760px\" srcset=\"https:\/\/eldiario.com\/nitropack_static\/DWpklAePbJBFiBKvuTtiGMLbtJlHUqWt\/assets\/images\/optimized\/rev-4610e21\/eldiario.com\/wp-content\/uploads\/2023\/07\/apagon-vela-sin-luz-760x570.jpg 760w, https:\/\/eldiario.com\/nitropack_static\/DWpklAePbJBFiBKvuTtiGMLbtJlHUqWt\/assets\/images\/optimized\/rev-4610e21\/eldiario.com\/wp-content\/uploads\/2023\/07\/apagon-vela-sin-luz-300x225.jpg 300w, https:\/\/eldiario.com\/nitropack_static\/DWpklAePbJBFiBKvuTtiGMLbtJlHUqWt\/assets\/images\/optimized\/rev-4610e21\/eldiario.com\/wp-content\/uploads\/2023\/07\/apagon-vela-sin-luz-768x576.jpg 768w, https:\/\/eldiario.com\/nitropack_static\/DWpklAePbJBFiBKvuTtiGMLbtJlHUqWt\/assets\/images\/optimized\/rev-4610e21\/eldiario.com\/wp-content\/uploads\/2023\/07\/apagon-vela-sin-luz-1536x1152.jpg 1536w, https:\/\/eldiario.com\/nitropack_static\/DWpklAePbJBFiBKvuTtiGMLbtJlHUqWt\/assets\/images\/optimized\/rev-4610e21\/eldiario.com\/wp-content\/uploads\/2023\/07\/apagon-vela-sin-luz-150x113.jpg 150w, https:\/\/eldiario.com\/nitropack_static\/DWpklAePbJBFiBKvuTtiGMLbtJlHUqWt\/assets\/images\/optimized\/rev-4610e21\/eldiario.com\/wp-content\/uploads\/2023\/07\/apagon-vela-sin-luz.jpg 1600w\" src=\"https:\/\/eldiario.com\/nitropack_static\/DWpklAePbJBFiBKvuTtiGMLbtJlHUqWt\/assets\/images\/optimized\/rev-4610e21\/eldiario.com\/wp-content\/uploads\/2023\/07\/apagon-vela-sin-luz-760x570.jpg\" class=\"nitro-lazy\" decoding=\"async\" nitro-lazy-empty=\"\" id=\"ODIyOjcxMw==-1\"\/> <\/picture><figcaption class=\"wp-element-caption\">Foto: Pixabay \/ Referencial<\/figcaption><\/figure>\n<p>De acuerdo con los testimonios, en algunas zonas hubo una bajada del voltaje de la energ\u00eda el\u00e9ctrica, mientras en otras los ciudadanos se quedaron sin el servicio en su totalidad.<\/p>\n<p>El martes 29 de julio se registr\u00f3 una falla el\u00e9ctrica en la zona de La Candelaria en Caracas. El apag\u00f3n ocurri\u00f3 en horas de la noche y vecinos de ese sector pidieron a <strong>Corpoelec <\/strong>que evaluar\u00e1 el estado del servicio.  <\/p>\n<p>En Maracaibo, estado Zulia, varias comunidades estuvieron sin electricidad <strong>el mi\u00e9rcoles 30 de julio como consecuencia de las fuertes lluvias en la entidad<\/strong>.<\/p>\n<\/p><\/div>\n\n","protected":false},"excerpt":{"rendered":"<p>Usuarios en las redes sociales reportaron el 14 de noviembre varios bajones el\u00e9ctricos en diferentes estados del pa\u00eds. Tras estos hechos, la organizaci\u00f3n no gubernamental (ONG) Y Sin Filtro inform\u00f3 que se gener\u00f3 una ca\u00edda en la conectividad de Internet de 92,6 % a las 11:30 am. De acuerdo con una publicaci\u00f3n en su cuenta &hellip;<\/p>\n","protected":false},"author":1,"featured_media":50014,"comment_status":"open","ping_status":"open","sticky":false,"template":"","format":"standard","meta":{"fifu_image_url":"https:\/\/eldiario.com\/wp-content\/uploads\/2025\/11\/ethernet-Cable-Internet-Pixabay-3.jpg","fifu_image_alt":"","footnotes":""},"categories":[13],"tags":[],"class_list":["post-50012","post","type-post","status-publish","format-standard","has-post-thumbnail","","category-mundo"],"_links":{"self":[{"href":"https:\/\/noticiasveraces.com\/index.php?rest_route=\/wp\/v2\/posts\/50012","targetHints":{"allow":["GET"]}}],"collection":[{"href":"https:\/\/noticiasveraces.com\/index.php?rest_route=\/wp\/v2\/posts"}],"about":[{"href":"https:\/\/noticiasveraces.com\/index.php?rest_route=\/wp\/v2\/types\/post"}],"author":[{"embeddable":true,"href":"https:\/\/noticiasveraces.com\/index.php?rest_route=\/wp\/v2\/users\/1"}],"replies":[{"embeddable":true,"href":"https:\/\/noticiasveraces.com\/index.php?rest_route=%2Fwp%2Fv2%2Fcomments&post=50012"}],"version-history":[{"count":0,"href":"https:\/\/noticiasveraces.com\/index.php?rest_route=\/wp\/v2\/posts\/50012\/revisions"}],"wp:featuredmedia":[{"embeddable":true,"href":"https:\/\/noticiasveraces.com\/index.php?rest_route=\/wp\/v2\/media\/50014"}],"wp:attachment":[{"href":"https:\/\/noticiasveraces.com\/index.php?rest_route=%2Fwp%2Fv2%2Fmedia&parent=50012"}],"wp:term":[{"taxonomy":"category","embeddable":true,"href":"https:\/\/noticiasveraces.com\/index.php?rest_route=%2Fwp%2Fv2%2Fcategories&post=50012"},{"taxonomy":"post_tag","embeddable":true,"href":"https:\/\/noticiasveraces.com\/index.php?rest_route=%2Fwp%2Fv2%2Ftags&post=50012"}],"curies":[{"name":"wp","href":"https:\/\/api.w.org\/{rel}","templated":true}]}}