{"id":49957,"date":"2025-11-15T02:56:06","date_gmt":"2025-11-15T06:56:06","guid":{"rendered":"https:\/\/noticiasveraces.com\/?p=49957"},"modified":"2025-11-15T02:56:06","modified_gmt":"2025-11-15T06:56:06","slug":"trump-afirma-haber-tomado-una-decision-sobre-como-actuar-con-respecto-a-venezuela","status":"publish","type":"post","link":"https:\/\/noticiasveraces.com\/?p=49957","title":{"rendered":"Trump afirma haber tomado una decisi\u00f3n sobre c\u00f3mo actuar con respecto a Venezuela"},"content":{"rendered":"<p> \n<\/p>\n<div>\n<p>Donald Trump asegur\u00f3 a los periodistas a bordo del Air Force One que ya ha tomado una decisi\u00f3n sobre c\u00f3mo EE.UU. podr\u00eda actuar con respecto a Venezuela, en medio de las agresiones estadounidenses en el Caribe.<\/p>\n<p>\u00ab<strong>M\u00e1s o menos me decid\u00ed. No puedo decirle cu\u00e1l se\u00e1 [esa decisi\u00f3n]<\/strong>\u00ab, manifest\u00f3 el presidente estadounidense. La afirmaciones de Trump fueron hechas en el contexto del mayor despliegue militar estadounidense en la regi\u00f3n de las \u00faltimas tres d\u00e9cadas, lo que ha sido calificado por Caracas como una amenaza.<\/p>\n<div class=\"ReadMore-root Section-root Section-is1to3-xs_is1to1\" data-widgets=\"ReadMore\">\n<div class=\"Section-container Section-isRow-isTop-isWrap\">\n<article class=\"Card-root Card-is1to1 Card-default \">\n<div class=\"Card-imageWrap\">\n<div class=\"Card-picture\">\n<picture class=\"Picture-root Picture-default\"><!--[if IE 9]><video style=\"display: none;\"><![endif]--><source media=\"(-webkit-min-device-pixel-ratio: 2) and (min-resolution: 120dpi)\" data-srcset=\"&#10;                                            https:\/\/mfes.b37m.ru\/actualidad\/public_images\/2025.11\/thumbnail\/6917ab2de9ff71486758260e.jpg 850w,&#10;                                    https:\/\/mfes.b37m.ru\/actualidad\/public_images\/2025.11\/article\/6917ab2de9ff71486758260e.jpg 1960w,            \" srcset=\"&#10;                                    data:image\/png;base64,iVBORw0KGgoAAAANSUhEUgAAABAAAAAJCAQAAACRI2S5AAAAEElEQVR42mNkIAAYRxWAAQAG9gAKqv6+AwAAAABJRU5ErkJggg==&#10;                            \"><source data-srcset=\"&#10;                                            https:\/\/mfes.b37m.ru\/actualidad\/public_images\/2025.11\/thumbnail\/6917ab2de9ff71486758260e.jpg 460,&#10;                                  https:\/\/mfes.b37m.ru\/actualidad\/public_images\/2025.11\/article\/6917ab2de9ff71486758260e.jpg 980w,&#10;            \" srcset=\"&#10;                                    data:image\/png;base64,iVBORw0KGgoAAAANSUhEUgAAABAAAAAJCAQAAACRI2S5AAAAEElEQVR42mNkIAAYRxWAAQAG9gAKqv6+AwAAAABJRU5ErkJggg==&#10;                            \"><!--[if IE 9]><\/video><![endif]--><img decoding=\"async\" data-sizes=\"auto\" src=\"&#10;                                    data:image\/png;base64,iVBORw0KGgoAAAANSUhEUgAAABAAAAAJCAQAAACRI2S5AAAAEElEQVR42mNkIAAYRxWAAQAG9gAKqv6+AwAAAABJRU5ErkJggg==&#10;                            \" class=\"Picture-root Picture-default lazyload\" data-src=\"https:\/\/mfes.b37m.ru\/actualidad\/public_images\/2025.11\/thumbnail\/6917ab2de9ff71486758260e.jpg\" alt=\"El llamado de advertencia de Maduro al pueblo de EE.UU.: &quot;\u00bfQueremos otra Gaza en Sudam\u00e9rica?&quot;\"\/><\/source><\/source><\/picture><!-- noscript pattern --><img decoding=\"async\" src=\"https:\/\/mfes.b37m.ru\/actualidad\/public_images\/2025.11\/article\/6917ab2de9ff71486758260e.jpg\" alt=\"El llamado de advertencia de Maduro al pueblo de EE.UU.: &quot;\u00bfQueremos otra Gaza en Sudam\u00e9rica?&quot;\"\/>    <\/div>\n<\/p><\/div>\n<\/article><\/div>\n<\/p><\/div>\n<p>El presidente de Venezuela, Nicol\u00e1s Maduro, advirti\u00f3 el viernes que la agresi\u00f3n que ejecuta en este momento la Administraci\u00f3n estadounidense <strong>\u00abes contra toda la Am\u00e9rica\u00bb y \u00abcontra toda la humanidad\u00bb<\/strong>. \u00abEs precisamente el desprecio al derecho p\u00fablico internacional, al derecho humanitario internacional, el desprecio a los pueblos y a la vida de los pueblos del mundo, que tienen las corrientes extremistas de derecha nazi-fascista cuando toman el poder\u00bb, indic\u00f3.<\/p>\n<h3>Agresiones por parte de EE.UU.<\/h3>\n<p>Desde agosto,\u00a0EE.UU. ha desplegado una significativa fuerza militar frente a las costas de Venezuela, compuesta por buques de guerra, submarinos, aviones de combate y tropas, justificando estas acciones como parte de la lucha contra el narcotr\u00e1fico.<\/p>\n<p>En ese operativo, los militares\u00a0han llevado\u00a0a cabo varios bombardeos contra presuntas lanchas con drogas en el mar Caribe y el oc\u00e9ano Pac\u00edfico, lo que <strong>ha dejado un saldo mortal de al menos 70 personas<\/strong>.<\/p>\n<p>En paralelo,\u00a0la Casa Blanca ha acusado al presidente venezolano, Nicol\u00e1s Maduro, de liderar una organizaci\u00f3n de narcotr\u00e1fico <strong>sin presentar pruebas que sustenten dicha afirmaci\u00f3n<\/strong>.<\/p>\n<h3>Falso pretexto de la lucha contra el narcotr\u00e1fico<\/h3>\n<p>Frente a las acusaciones estadounidenses, las autoridades venezolanas han articulado una respuesta unificada que rechaza el marco de confrontaci\u00f3n bilateral y denuncia que se trata de una campa\u00f1a de agresi\u00f3n multilateral.<\/p>\n<div class=\"ReadMore-root Section-root Section-is1to3-xs_is1to1\" data-widgets=\"ReadMore\">\n<div class=\"Section-container Section-isRow-isTop-isWrap\">\n<article class=\"Card-root Card-is1to1 Card-default \">\n<div class=\"Card-imageWrap\">\n<div class=\"Card-picture\">\n<picture class=\"Picture-root Picture-default\"><!--[if IE 9]><video style=\"display: none;\"><![endif]--><source media=\"(-webkit-min-device-pixel-ratio: 2) and (min-resolution: 120dpi)\" data-srcset=\"&#10;                                            https:\/\/mfes.b37m.ru\/actualidad\/public_images\/2025.11\/thumbnail\/69171e53e9ff7117567e4416.jpg 850w,&#10;                                    https:\/\/mfes.b37m.ru\/actualidad\/public_images\/2025.11\/article\/69171e52e9ff7117567e4415.jpg 1960w,            \" srcset=\"&#10;                                    data:image\/png;base64,iVBORw0KGgoAAAANSUhEUgAAABAAAAAJCAQAAACRI2S5AAAAEElEQVR42mNkIAAYRxWAAQAG9gAKqv6+AwAAAABJRU5ErkJggg==&#10;                            \"><source data-srcset=\"&#10;                                            https:\/\/mfes.b37m.ru\/actualidad\/public_images\/2025.11\/thumbnail\/69171e53e9ff7117567e4416.jpg 460,&#10;                                  https:\/\/mfes.b37m.ru\/actualidad\/public_images\/2025.11\/article\/69171e52e9ff7117567e4415.jpg 980w,&#10;            \" srcset=\"&#10;                                    data:image\/png;base64,iVBORw0KGgoAAAANSUhEUgAAABAAAAAJCAQAAACRI2S5AAAAEElEQVR42mNkIAAYRxWAAQAG9gAKqv6+AwAAAABJRU5ErkJggg==&#10;                            \"><!--[if IE 9]><\/video><![endif]--><img decoding=\"async\" data-sizes=\"auto\" src=\"&#10;                                    data:image\/png;base64,iVBORw0KGgoAAAANSUhEUgAAABAAAAAJCAQAAACRI2S5AAAAEElEQVR42mNkIAAYRxWAAQAG9gAKqv6+AwAAAABJRU5ErkJggg==&#10;                            \" class=\"Picture-root Picture-default lazyload\" data-src=\"https:\/\/mfes.b37m.ru\/actualidad\/public_images\/2025.11\/thumbnail\/69171e53e9ff7117567e4416.jpg\" alt=\"Zaj\u00e1rova: Rusia se opone al uso de la fuerza por parte de EE.UU. en Venezuela\"\/><\/source><\/source><\/picture><!-- noscript pattern --><img decoding=\"async\" src=\"https:\/\/mfes.b37m.ru\/actualidad\/public_images\/2025.11\/article\/69171e52e9ff7117567e4415.jpg\" alt=\"Zaj\u00e1rova: Rusia se opone al uso de la fuerza por parte de EE.UU. en Venezuela\"\/>    <\/div>\n<\/p><\/div>\n<\/article><\/div>\n<\/p><\/div>\n<p>Maduro calific\u00f3 las acciones de Washington como una campa\u00f1a de desprestigio contra su administraci\u00f3n para \u00abjustificar cualquier cosa\u00bb contra la naci\u00f3n bolivariana.\u00a0Afirm\u00f3\u00a0que esta estrategia busca <strong>manchar la imagen de Venezuela<\/strong> y su revoluci\u00f3n como pretexto para las agresiones, algo que \u00abhan hecho muchas veces\u00bb.<\/p>\n<p>El mandatario venezolano\u00a0ha explicado\u00a0en repetidas ocasiones que las <strong>agresiones de EE.UU. contra Venezuela buscan \u00abcambiar el r\u00e9gimen\u00bb<\/strong> en el pa\u00eds y<strong> apropiarse de su<\/strong> <strong>\u00abinmensa riqueza petrolera\u00bb<\/strong>.<\/p>\n<h3>Condenas internacionales<\/h3>\n<p>La postura venezolana ha encontrado respaldo en la comunidad internacional. El ministro de Relaciones Exteriores de Rusia, Sergu\u00e9i Lavrov,\u00a0declar\u00f3\u00a0que las acciones de Estados Unidos \u00abno conducir\u00e1n a nada bueno\u00bb. Calificando como inaceptables la destrucci\u00f3n de barcos<strong> sin \u00abjuicio ni proceso\u00bb<\/strong>el canciller se\u00f1al\u00f3 que <strong>\u00abas\u00ed act\u00faan los pa\u00edses fuera de la ley\u00bb<\/strong>. Asimismo, advirti\u00f3 de que la pol\u00edtica de la Administraci\u00f3n Trump <strong>\u00abno mejorar\u00e1 la reputaci\u00f3n de Washington ante la comunidad internacional\u00bb<\/strong>.<\/p>\n<p>Adem\u00e1s, las operaciones militares, que han incluido bombardeos contra lanchas de escaso calado, han sido condenadas por el alto comisionado de la <strong>A \u00c9L<\/strong> para los Derechos Humanos,\u00a0Volker T\u00fcrk, as\u00ed como por los Gobiernos de <strong>Colombia,\u00a0M\u00e9xico\u00a0y\u00a0Brasil<\/strong>. Expertos internacionales han calificado estos ataques como <strong>\u00abejecuciones sumarias\u00bb<\/strong> que violan el derecho internacional.<\/p>\n<\/div>\n\n","protected":false},"excerpt":{"rendered":"<p>Donald Trump asegur\u00f3 a los periodistas a bordo del Air Force One que ya ha tomado una decisi\u00f3n sobre c\u00f3mo EE.UU. podr\u00eda actuar con respecto a Venezuela, en medio de las agresiones estadounidenses en el Caribe. \u00abM\u00e1s o menos me decid\u00ed. No puedo decirle cu\u00e1l se\u00e1 [esa decisi\u00f3n]\u00ab, manifest\u00f3 el presidente estadounidense. La afirmaciones de &hellip;<\/p>\n","protected":false},"author":1,"featured_media":49959,"comment_status":"open","ping_status":"open","sticky":false,"template":"","format":"standard","meta":{"fifu_image_url":"https:\/\/mfes.b37m.ru\/actualidad\/public_images\/2025.11\/article\/69181f16e9ff71176e5b1467.jpg","fifu_image_alt":"","footnotes":""},"categories":[13],"tags":[],"class_list":["post-49957","post","type-post","status-publish","format-standard","has-post-thumbnail","","category-mundo"],"_links":{"self":[{"href":"https:\/\/noticiasveraces.com\/index.php?rest_route=\/wp\/v2\/posts\/49957","targetHints":{"allow":["GET"]}}],"collection":[{"href":"https:\/\/noticiasveraces.com\/index.php?rest_route=\/wp\/v2\/posts"}],"about":[{"href":"https:\/\/noticiasveraces.com\/index.php?rest_route=\/wp\/v2\/types\/post"}],"author":[{"embeddable":true,"href":"https:\/\/noticiasveraces.com\/index.php?rest_route=\/wp\/v2\/users\/1"}],"replies":[{"embeddable":true,"href":"https:\/\/noticiasveraces.com\/index.php?rest_route=%2Fwp%2Fv2%2Fcomments&post=49957"}],"version-history":[{"count":0,"href":"https:\/\/noticiasveraces.com\/index.php?rest_route=\/wp\/v2\/posts\/49957\/revisions"}],"wp:featuredmedia":[{"embeddable":true,"href":"https:\/\/noticiasveraces.com\/index.php?rest_route=\/wp\/v2\/media\/49959"}],"wp:attachment":[{"href":"https:\/\/noticiasveraces.com\/index.php?rest_route=%2Fwp%2Fv2%2Fmedia&parent=49957"}],"wp:term":[{"taxonomy":"category","embeddable":true,"href":"https:\/\/noticiasveraces.com\/index.php?rest_route=%2Fwp%2Fv2%2Fcategories&post=49957"},{"taxonomy":"post_tag","embeddable":true,"href":"https:\/\/noticiasveraces.com\/index.php?rest_route=%2Fwp%2Fv2%2Ftags&post=49957"}],"curies":[{"name":"wp","href":"https:\/\/api.w.org\/{rel}","templated":true}]}}